{"id":8167,"date":"2018-02-08T15:58:27","date_gmt":"2018-02-08T15:58:27","guid":{"rendered":"http:\/\/archiv.szolnoktv.hu\/?p=8167"},"modified":"2021-08-13T18:28:44","modified_gmt":"2021-08-13T18:28:44","slug":"szalay-ferenc-lemondasat-koveteli-a-jobbik-es-az-mszp","status":"publish","type":"post","link":"http:\/\/archiv.szolnoktv.hu\/?p=8167","title":{"rendered":"Szalay Ferenc lemond\u00e1s\u00e1t k\u00f6veteli a Jobbik \u00e9s az MSZP"},"content":{"rendered":"<div class='booster-block booster-read-block'><\/div><p>Az Eur\u00f3pai Csal\u00e1s Elleni hivatal jelent\u00e9s\u00e9nek m\u00e1solatait adta \u00e1t a Jobbik \u00f6nkorm\u00e1nyzati k\u00e9pvisel\u0151je \u00fajs\u00e1g\u00edr\u00f3knak mai sajt\u00f3t\u00e1j\u00e9koztat\u00f3j\u00e1n. A Dr. Szotyori-L\u00e1z\u00e1r Zolt\u00e1n \u00e1ltal bemutatott OLAF jelent\u00e9s 14 meg\u00e1llap\u00edt\u00e1st tartalmaz a szolnoki k\u00f6zter\u00fcletek energetikai korszer\u0171s\u00edt\u00e9s\u00e9re ki\u00edrt p\u00e1ly\u00e1zattal kapcsolatban. <\/p>\n<p>-\u00c9n azt gondolom, hogy Szalay Ferenc polg\u00e1rmester felel\u0151ss\u00e9ge ez az eg\u00e9sz \u00fcgy.&#8221;  &#8211;   mondta a politikus<\/p>\n<p>A Jobbikos k\u00e9pvisel\u0151 szerint Szalay Ferenc egyszem\u00e9lyben felel\u0151s abban, hogy az Elios Zrt. nyerte a tendert Szolnokon 1 milli\u00e1rd forint \u00e9rt\u00e9kben. Az OLAF jelent\u00e9se szerint a p\u00e1ly\u00e1zat elb\u00edr\u00e1l\u00e1sa sor\u00e1n t\u00f6bb szab\u00e1lytalans\u00e1g t\u00f6rt\u00e9nhetett: a t\u00f6bbi k\u00f6z\u00f6tt a p\u00e1ly\u00e1zatok csak a kivitelez\u00e9s becs\u00fclt \u00f6sszeg\u00e9t tartalmazt\u00e1k, illetve a felt\u00e9telez\u00e9sek szerint mindh\u00e1rom aj\u00e1nlatot ugyan az a szem\u00e9ly k\u00e9sz\u00edtette, tov\u00e1bb\u00e1 a bead\u00e1si hat\u00e1rid\u0151 el\u0151tt 3 nappal m\u00f3dos\u00edtott\u00e1k a p\u00e1ly\u00e1zat felt\u00e9teleit is.<\/p>\n<p>-Azt gondolom, hogyha ezt az \u00f6sszeget Szolnok v\u00e1ros\u00e1nak vissza kell fizetnie, akkor Szalay Ferenc polg\u00e1rmesternek le kell vonnia a konzekvenci\u00e1kat \u00e9s nem lehet m\u00e1s lehet\u0151s\u00e9g a sz\u00e1m\u00e1ra, minthogy lemond a tiszts\u00e9g\u00e9r\u0151l.&#8221;  &#8211;   fogalmazott Dr. Szotyori-L\u00e1z\u00e1r Zolt\u00e1n \u00f6nkorm\u00e1nyzati k\u00e9pvisel\u0151.<\/p>\n<p>A vizsg\u00e1lat eredm\u00e9nyeir\u0151l az OLAF Szalay Ferencet is t\u00e1j\u00e9koztatta.  &#8211;   mondta a Magyar Szocialista P\u00e1rt orsz\u00e1ggy\u0171l\u00e9si k\u00e9pvisel\u0151 jel\u00f6ltje.<\/p>\n<p>Gy\u00f6rfi Mih\u00e1ly az MSZP v\u00e1laszt\u00f3ker\u00fcleti eln\u00f6ke azt mondta: -Szalay Ferencnek lehet\u0151s\u00e9ge lett volna 20 napon bel\u00fcl v\u00e1laszolni, \u00e9s \u00e9szrev\u00e9teleit megtenni. Mivel nem tette szerint\u00fcnk ez egyenl\u0151 egy beismer\u00e9ssel. Szalay Ferenc a janu\u00e1ri k\u00f6zgy\u0171l\u00e9sen azt mondta, hogy minden szab\u00e1lyos volt.&#8221;<\/p>\n<p>Magyarorsz\u00e1g 35 nagyv\u00e1ros\u00e1ban az elm\u00falt \u00e9vekben jelent\u0151s k\u00f6zvil\u00e1g\u00edt\u00e1s korszer\u0171s\u00edt\u00e9seket hajtott v\u00e9gre 13 milli\u00e1rd forintb\u00f3l az Elios Zrt.. A beruh\u00e1z\u00e1sokkal kapcsolatban a magyar Nyomoz\u00f3 \u00dcgy\u00e9szs\u00e9g m\u00e1r ind\u00edtott egy vizsg\u00e1latot 2015-ben. <\/p>\n<p>-2016-ban lez\u00e1rt\u00e1k a nyomoz\u00e1st, az indokl\u00e1s pedig a k\u00f6vetkez\u0151 volt: b\u0171ncselekm\u00e9ny hi\u00e1ny\u00e1ban. Nem bizony\u00edtani nem tudtak valamit, nem nem tal\u00e1ltak valamit, hanem kijelentett\u00e9k azt, hogy nem t\u00f6rt\u00e9nt b\u0171ncselekm\u00e9ny \u00e9s \u00edgy z\u00e1rt\u00e1k le a vizsg\u00e1latot.&#8221;  &#8211;   mondta B\u00e1r\u00e1ny Bal\u00e1zs az MSZP eln\u00f6ks\u00e9gi tagja.<\/p>\n<p>B\u00e1r\u00e1ny Bal\u00e1zs hozz\u00e1tette: a 2015 \u00e9s 2016 k\u00f6z\u00f6tti vizsg\u00e1lat eredm\u00e9ny\u00e9vel szemben most m\u00e1r az OLAF jelent\u00e9s is azt bizony\u00edtja, hogy a p\u00e1ly\u00e1zatokhoz kapcsol\u00f3d\u00f3an komoly vissza\u00e9l\u00e9sek \u00e9s csal\u00e1sok t\u00f6rt\u00e9ntek. Az MSZP eln\u00f6ks\u00e9gi tagja hangs\u00falyozta: p\u00e1rtja feljelent\u00e9st tesz az \u00fcgyben.  <\/p>\n<p>Szolnok \u00f6nkorm\u00e1nyzata az al\u00e1bbi k\u00f6zlem\u00e9nyt juttatta el szerkeszt\u0151s\u00e9g\u00fcnknek:<\/p>\n<p>&#8220;A szolnoki k\u00f6zvil\u00e1g\u00edt\u00e1s korszer\u0171s\u00edt\u00e9s\u00e9vel k\u00e9t \u00e9v alatt 120 milli\u00f3 forintot takar\u00edtott meg a v\u00e1ros az energiatakar\u00e9kos rendszernek k\u00f6sz\u00f6nhet\u0151en. Ennek a t\u00f6red\u00e9k\u00e9be sem ker\u00fclt az \u00f6nkorm\u00e1nyzatnak a beruh\u00e1z\u00e1s. Az \u00faj l\u00e1mpatestek a v\u00e1ros tulajdon\u00e1ba ker\u00fcltek, ellent\u00e9tben a kor\u00e1bbi \u00e1llapottal, amikor egy multinacion\u00e1lis c\u00e9g\u00e9 voltak, azaz Szolnok v\u00e9gre a saj\u00e1t kez\u00e9be vehette a k\u00f6zvil\u00e1g\u00edt\u00e1s\u00e1t! A beruh\u00e1z\u00e1s a legsz\u00e9lesebb nyilv\u00e1noss\u00e1g mellett zajlott, minden elem\u00e9ben szab\u00e1lyszer\u0171 volt. Vil\u00e1gos, hogy az ellenz\u00e9knek nem a beruh\u00e1z\u00e1ssal van probl\u00e9m\u00e1ja, hanem a politikai kamp\u00e1ny r\u00e9szek\u00e9nt v\u00e1daskodik. Mi sem bizony\u00edtja ezt jobban, mint az, hogy a Jobbik \u00e9s az MSZP \u00f6sszehangolt t\u00e1mad\u00e1st ind\u00edtott a polg\u00e1rmester ellen. Olyan emberek t\u00e1madj\u00e1k Szalay Ferencet Szotyori-L\u00e1z\u00e1r Zolt\u00e1n \u00e9s Gy\u00f6rfi Mih\u00e1ly szem\u00e9ly\u00e9ben, akik  nem tettek semmit Szolnok\u00e9rt, szemben Szalay Ferenccel, aki m\u00e1r n\u00e9gyszer nyerte el Szolnokon a v\u00e1laszt\u00f3k bizalm\u00e1t.&#8221; <\/p>\n<p>\u00c1ll a szerkeszt\u0151s\u00e9g\u00fcnkh\u00f6z eljuttatott k\u00f6zlem\u00e9nyben.<br \/>\n<br \/>\n<div style=\"width: 640px;\" class=\"wp-video\"><!--[if lt IE 9]><script>document.createElement('video');<\/script><![endif]-->\n<video class=\"wp-video-shortcode\" id=\"video-8167-1\" width=\"640\" height=\"360\" preload=\"metadata\" controls=\"controls\"><source type=\"video\/mp4\" src=\"\/spots\/hir\/hir_180208_01.mp4?_=1\" \/><a href=\"\/spots\/hir\/hir_180208_01.mp4\">\/spots\/hir\/hir_180208_01.mp4<\/a><\/video><\/div><\/p>\n","protected":false},"excerpt":{"rendered":"<p>Az Eur\u00f3pai Csal\u00e1s Elleni hivatal jelent\u00e9s\u00e9nek m\u00e1solatait adta \u00e1t a Jobbik \u00f6nkorm\u00e1nyzati k\u00e9pvisel\u0151je \u00fajs\u00e1g\u00edr\u00f3knak mai sajt\u00f3t\u00e1j\u00e9koztat\u00f3j\u00e1n. A Dr. Szotyori-L\u00e1z\u00e1r Zolt\u00e1n \u00e1ltal bemutatott OLAF jelent\u00e9s 14 meg\u00e1llap\u00edt\u00e1st tartalmaz a szolnoki k\u00f6zter\u00fcletek energetikai korszer\u0171s\u00edt\u00e9s\u00e9re ki\u00edrt p\u00e1ly\u00e1zattal kapcsolatban. -\u00c9n azt gondolom, hogy Szalay Ferenc polg\u00e1rmester felel\u0151ss\u00e9ge ez az eg\u00e9sz \u00fcgy.&#8221; &#8211; mondta a politikus A Jobbikos k\u00e9pvisel\u0151 szerint [&hellip;]<\/p>\n","protected":false},"author":2,"featured_media":0,"comment_status":"closed","ping_status":"closed","sticky":false,"template":"","format":"standard","meta":[],"categories":[9],"tags":[],"_links":{"self":[{"href":"http:\/\/archiv.szolnoktv.hu\/index.php?rest_route=\/wp\/v2\/posts\/8167"}],"collection":[{"href":"http:\/\/archiv.szolnoktv.hu\/index.php?rest_route=\/wp\/v2\/posts"}],"about":[{"href":"http:\/\/archiv.szolnoktv.hu\/index.php?rest_route=\/wp\/v2\/types\/post"}],"author":[{"embeddable":true,"href":"http:\/\/archiv.szolnoktv.hu\/index.php?rest_route=\/wp\/v2\/users\/2"}],"replies":[{"embeddable":true,"href":"http:\/\/archiv.szolnoktv.hu\/index.php?rest_route=%2Fwp%2Fv2%2Fcomments&post=8167"}],"version-history":[{"count":1,"href":"http:\/\/archiv.szolnoktv.hu\/index.php?rest_route=\/wp\/v2\/posts\/8167\/revisions"}],"predecessor-version":[{"id":8190,"href":"http:\/\/archiv.szolnoktv.hu\/index.php?rest_route=\/wp\/v2\/posts\/8167\/revisions\/8190"}],"wp:attachment":[{"href":"http:\/\/archiv.szolnoktv.hu\/index.php?rest_route=%2Fwp%2Fv2%2Fmedia&parent=8167"}],"wp:term":[{"taxonomy":"category","embeddable":true,"href":"http:\/\/archiv.szolnoktv.hu\/index.php?rest_route=%2Fwp%2Fv2%2Fcategories&post=8167"},{"taxonomy":"post_tag","embeddable":true,"href":"http:\/\/archiv.szolnoktv.hu\/index.php?rest_route=%2Fwp%2Fv2%2Ftags&post=8167"}],"curies":[{"name":"wp","href":"https:\/\/api.w.org\/{rel}","templated":true}]}}