{"id":8165,"date":"2018-02-07T18:26:08","date_gmt":"2018-02-07T18:26:08","guid":{"rendered":"http:\/\/archiv.szolnoktv.hu\/?p=8165"},"modified":"2021-08-13T18:28:44","modified_gmt":"2021-08-13T18:28:44","slug":"kormanyzati-tamogatas-a-jaszberenyi-ferro-pressnek","status":"publish","type":"post","link":"http:\/\/archiv.szolnoktv.hu\/?p=8165","title":{"rendered":"Korm\u00e1nyzati t\u00e1mogat\u00e1s a j\u00e1szber\u00e9nyi Ferro-Pressnek<br>"},"content":{"rendered":"<div class='booster-block booster-read-block'><\/div><p>490 milli\u00f3 forinttal t\u00e1mogatja a korm\u00e1ny a j\u00e1szber\u00e9nyi Ferro-Press f\u00e9mipari szolg\u00e1ltat\u00f3 1.8 milli\u00e1rdos fejleszt\u00e9s\u00e9t a Nagyv\u00e1llalati Beruh\u00e1z\u00e1si T\u00e1mogat\u00e1si Program keret\u00e9ben. Varga Mih\u00e1ly elmondta: a program 2015-ben indult, az\u00f3ta 70 c\u00e9g 90 milli\u00e1rdnyi fejleszt\u00e9s\u00e9t 37 milli\u00e1rddal t\u00e1mogatt\u00e1k. A nemzetgazdas\u00e1gi miniszter kiemelte: a magyar gazdas\u00e1g folyamatosan n\u00f6vekszik \u00e9s er\u0151s\u00f6dik &#8211; ez a program is ezt seg\u00edti. <\/p>\n<p>-2013 \u00f3ta n\u00f6vekv\u0151 p\u00e1ly\u00e1n van a magyar gazdas\u00e1g, ez a n\u00f6veked\u00e9s \u00fagy tud megval\u00f3sulni, hogy azok a magyar c\u00e9gek melyek r\u00e9szben hazai r\u00e9szben piacra, r\u00e9szben k\u00fclf\u00f6ldi piacra termelnek, azok k\u00e9pesek bekapcsol\u00f3dni abba a vil\u00e1gpiaci, Eur\u00f3papiaci folyamatba, amit a gazdas\u00e1g ma indokol.&#8221;  &#8211;   mondta Varga Mih\u00e1ly nemzetgazdas\u00e1gi miniszter.<\/p>\n<p>A Ferro-Press 1.000 embert foglalkoztat, most egy \u00faj 11.500 n\u00e9gyzetm\u00e9teres k\u00f6zponti rakt\u00e1rat \u00e9p\u00edtettek, az kor\u00e1bbi rakt\u00e1rhelyis\u00e9gekben pedig gy\u00e1rt\u00f3\u00fczemet alak\u00edtottak ki. \u00daj lemezmegmunk\u00e1l\u00f3 g\u00e9peket, robotokat m\u00e9r\u0151eszk\u00f6z\u00f6ket v\u00e1s\u00e1roltak. A c\u00e9g mez\u0151gazdas\u00e1gi, aut\u00f3ipari es elektronikai eszk\u00f6z\u00f6ket gy\u00e1rt\u00f3 c\u00e9gek besz\u00e1ll\u00edt\u00f3ja.<\/p>\n<div style=\"width: 640px;\" class=\"wp-video\"><!--[if lt IE 9]><script>document.createElement('video');<\/script><![endif]-->\n<video class=\"wp-video-shortcode\" id=\"video-8165-1\" width=\"640\" height=\"360\" preload=\"metadata\" controls=\"controls\"><source type=\"video\/mp4\" src=\"\/spots\/hir\/hir_180207_04.mp4?_=1\" \/><a href=\"\/spots\/hir\/hir_180207_04.mp4\">\/spots\/hir\/hir_180207_04.mp4<\/a><\/video><\/div>\n","protected":false},"excerpt":{"rendered":"<p>490 milli\u00f3 forinttal t\u00e1mogatja a korm\u00e1ny a j\u00e1szber\u00e9nyi Ferro-Press f\u00e9mipari szolg\u00e1ltat\u00f3 1.8 milli\u00e1rdos fejleszt\u00e9s\u00e9t a Nagyv\u00e1llalati Beruh\u00e1z\u00e1si T\u00e1mogat\u00e1si Program keret\u00e9ben. Varga Mih\u00e1ly elmondta: a program 2015-ben indult, az\u00f3ta 70 c\u00e9g 90 milli\u00e1rdnyi fejleszt\u00e9s\u00e9t 37 milli\u00e1rddal t\u00e1mogatt\u00e1k. A nemzetgazdas\u00e1gi miniszter kiemelte: a magyar gazdas\u00e1g folyamatosan n\u00f6vekszik \u00e9s er\u0151s\u00f6dik &#8211; ez a program is ezt seg\u00edti. -2013 [&hellip;]<\/p>\n","protected":false},"author":2,"featured_media":0,"comment_status":"closed","ping_status":"closed","sticky":false,"template":"","format":"standard","meta":[],"categories":[9],"tags":[],"_links":{"self":[{"href":"http:\/\/archiv.szolnoktv.hu\/index.php?rest_route=\/wp\/v2\/posts\/8165"}],"collection":[{"href":"http:\/\/archiv.szolnoktv.hu\/index.php?rest_route=\/wp\/v2\/posts"}],"about":[{"href":"http:\/\/archiv.szolnoktv.hu\/index.php?rest_route=\/wp\/v2\/types\/post"}],"author":[{"embeddable":true,"href":"http:\/\/archiv.szolnoktv.hu\/index.php?rest_route=\/wp\/v2\/users\/2"}],"replies":[{"embeddable":true,"href":"http:\/\/archiv.szolnoktv.hu\/index.php?rest_route=%2Fwp%2Fv2%2Fcomments&post=8165"}],"version-history":[{"count":1,"href":"http:\/\/archiv.szolnoktv.hu\/index.php?rest_route=\/wp\/v2\/posts\/8165\/revisions"}],"predecessor-version":[{"id":8192,"href":"http:\/\/archiv.szolnoktv.hu\/index.php?rest_route=\/wp\/v2\/posts\/8165\/revisions\/8192"}],"wp:attachment":[{"href":"http:\/\/archiv.szolnoktv.hu\/index.php?rest_route=%2Fwp%2Fv2%2Fmedia&parent=8165"}],"wp:term":[{"taxonomy":"category","embeddable":true,"href":"http:\/\/archiv.szolnoktv.hu\/index.php?rest_route=%2Fwp%2Fv2%2Fcategories&post=8165"},{"taxonomy":"post_tag","embeddable":true,"href":"http:\/\/archiv.szolnoktv.hu\/index.php?rest_route=%2Fwp%2Fv2%2Ftags&post=8165"}],"curies":[{"name":"wp","href":"https:\/\/api.w.org\/{rel}","templated":true}]}}