{"id":8164,"date":"2018-02-07T18:23:12","date_gmt":"2018-02-07T18:23:12","guid":{"rendered":"http:\/\/archiv.szolnoktv.hu\/?p=8164"},"modified":"2021-08-13T18:28:44","modified_gmt":"2021-08-13T18:28:44","slug":"a-teli-idoszakban-kotelezo-futeni-az-autobuszokon","status":"publish","type":"post","link":"http:\/\/archiv.szolnoktv.hu\/?p=8164","title":{"rendered":"A t\u00e9li id\u0151szakban k\u00f6telez\u0151 f\u0171teni az aut\u00f3buszokon"},"content":{"rendered":"<div class='booster-block booster-read-block'><\/div><p>Utasok az egyik szolnoki helyi j\u00e1ratos aut\u00f3buszon. T\u00e9l van, mindenkin nagykab\u00e1t. Mindez nem jelenti azt, hogy nincs f\u0171t\u00e9s a j\u00e1rm\u0171v\u00f6n. A helyi j\u00e1ratokon temper\u00e1l\u00f3 f\u0171t\u00e9st alkalmaznak, m\u00edg a helyk\u00f6zi aut\u00f3buszokon -egy nagyobb rendszerrel- magasabb h\u0151fokot biztos\u00edtanak.<\/p>\n<p>&#8220;A f\u0171t\u00e9si szezon n\u00e1lunk december 1-t\u0151l febru\u00e1r 28-ig tart, ilyenkor minden nap f\u0171teni kell a j\u00e1ratokon, ezen fel\u00fcl ahogyan a meteorol\u00f3giai szolg\u00e1lat adatai alapj\u00e1n hat\u00e1rozzuk meg, hogy melyik napon sz\u00e1molunk el f\u0171t\u00e9st a g\u00e9pkocsivezet\u0151 r\u00e9sz\u00e9re, \u00e9s mikor nem.&#8221; -mondta P\u00c1SZTOR J\u00d3ZSEF a  K\u00f6z\u00e9pkelet-magyarorsz\u00e1gi K\u00f6zleked\u00e9si K\u00f6zpont Zrt. koordin\u00e1ci\u00f3s \u00e9s J\u00e1sz-Nagykun-Szolnok Megyei ter\u00fcleti igazgat\u00f3ja.<\/p>\n<p>Ha az id\u0151j\u00e1r\u00e1s megk\u00edv\u00e1nja, a f\u0171t\u00e9si szezont kib\u0151v\u00edti a t\u00e1rsas\u00e1g -folytatta a ter\u00fcleti igazgat\u00f3. Az \u00e1ltalunk megk\u00e9rdezett utasok majd mindegyike el\u00e9gedett volt a h\u0151m\u00e9rs\u00e9klettel.<\/p>\n<p>&#8220;Szolnoki vagyok, nem szoktam \u00e1t\u00f6lt\u00f6zni, van f\u0171t\u00e9s, kab\u00e1tban van az ember, meg vagyok el\u00e9gedve, \u00e9s a forgalom is rendben van.&#8221; -v\u00e9li BORHI ANDR\u00c1SN\u00c9.<\/p>\n<p>&#8220;A buszon a f\u0171t\u00e9s, norm\u00e1lis, nincs t\u00fal meleg, a kab\u00e1tban el lehet viselni, ha enn\u00e9l melegebb lenne, izzadn\u00e1nk.&#8221; -folytatta DONKA MIH\u00c1LYN\u00c9.<\/p>\n<p>El\u0151fordulhat olyan eset, hogy f\u00e1znak az utasok.<\/p>\n<p>&#8220;T\u00f6bbnyire igen, reggelente szoktam f\u00e1zni, jobban fel kell \u00f6lt\u00f6zn\u00f6m, ha reggel j\u00f6v\u00f6k.&#8221; -mondta JAGRI ANITA.<\/p>\n<p>Az utasok ilyen esetben a g\u00e9pkocsi vezet\u0151nek jelezhetik, hogy f\u00e1znak, az aut\u00f3buszokon emelhet\u0151 a h\u0151m\u00e9rs\u00e9klet.<\/p>\n<p>&#8220;G\u00e9pkocsit, aut\u00f3buszt\u00f3l f\u00fcgg\u0151en tudja \u00e1ll\u00edtani a f\u0171t\u00e9st, igen vagy nem, nyilv\u00e1n els\u0151sorban az aut\u00f3busz vezet\u0151n\u00e9l kell jelezni, ha ez huzamosabb ideig fenn\u00e1ll, akkor az utasszolg\u00e1lati el\u00e9rhet\u0151s\u00e9geinken is tudja jelezni.&#8221; -mondta P\u00c1SZTOR J\u00d3ZSEF.<\/p>\n<p>Ha elromlik a f\u0171t\u0151berendez\u00e9s, az aut\u00f3buszt kivonj\u00e1k a forgalomb\u00f3l, \u00e9s csak azt\u00e1n ind\u00edtj\u00e1k ism\u00e9t \u00fatnak, ha a m\u0171szaki probl\u00e9m\u00e1t kijav\u00edtott\u00e1k -mondta P\u00e1sztor J\u00f3zsef.<br \/>\n<br \/>\n<div style=\"width: 640px;\" class=\"wp-video\"><!--[if lt IE 9]><script>document.createElement('video');<\/script><![endif]-->\n<video class=\"wp-video-shortcode\" id=\"video-8164-1\" width=\"640\" height=\"360\" preload=\"metadata\" controls=\"controls\"><source type=\"video\/mp4\" src=\"\/spots\/hir\/hir_180207_07.mp4?_=1\" \/><a href=\"\/spots\/hir\/hir_180207_07.mp4\">\/spots\/hir\/hir_180207_07.mp4<\/a><\/video><\/div><\/p>\n","protected":false},"excerpt":{"rendered":"<p>Utasok az egyik szolnoki helyi j\u00e1ratos aut\u00f3buszon. T\u00e9l van, mindenkin nagykab\u00e1t. Mindez nem jelenti azt, hogy nincs f\u0171t\u00e9s a j\u00e1rm\u0171v\u00f6n. A helyi j\u00e1ratokon temper\u00e1l\u00f3 f\u0171t\u00e9st alkalmaznak, m\u00edg a helyk\u00f6zi aut\u00f3buszokon -egy nagyobb rendszerrel- magasabb h\u0151fokot biztos\u00edtanak. &#8220;A f\u0171t\u00e9si szezon n\u00e1lunk december 1-t\u0151l febru\u00e1r 28-ig tart, ilyenkor minden nap f\u0171teni kell a j\u00e1ratokon, ezen fel\u00fcl ahogyan [&hellip;]<\/p>\n","protected":false},"author":2,"featured_media":0,"comment_status":"closed","ping_status":"closed","sticky":false,"template":"","format":"standard","meta":[],"categories":[9],"tags":[],"_links":{"self":[{"href":"http:\/\/archiv.szolnoktv.hu\/index.php?rest_route=\/wp\/v2\/posts\/8164"}],"collection":[{"href":"http:\/\/archiv.szolnoktv.hu\/index.php?rest_route=\/wp\/v2\/posts"}],"about":[{"href":"http:\/\/archiv.szolnoktv.hu\/index.php?rest_route=\/wp\/v2\/types\/post"}],"author":[{"embeddable":true,"href":"http:\/\/archiv.szolnoktv.hu\/index.php?rest_route=\/wp\/v2\/users\/2"}],"replies":[{"embeddable":true,"href":"http:\/\/archiv.szolnoktv.hu\/index.php?rest_route=%2Fwp%2Fv2%2Fcomments&post=8164"}],"version-history":[{"count":1,"href":"http:\/\/archiv.szolnoktv.hu\/index.php?rest_route=\/wp\/v2\/posts\/8164\/revisions"}],"predecessor-version":[{"id":8193,"href":"http:\/\/archiv.szolnoktv.hu\/index.php?rest_route=\/wp\/v2\/posts\/8164\/revisions\/8193"}],"wp:attachment":[{"href":"http:\/\/archiv.szolnoktv.hu\/index.php?rest_route=%2Fwp%2Fv2%2Fmedia&parent=8164"}],"wp:term":[{"taxonomy":"category","embeddable":true,"href":"http:\/\/archiv.szolnoktv.hu\/index.php?rest_route=%2Fwp%2Fv2%2Fcategories&post=8164"},{"taxonomy":"post_tag","embeddable":true,"href":"http:\/\/archiv.szolnoktv.hu\/index.php?rest_route=%2Fwp%2Fv2%2Ftags&post=8164"}],"curies":[{"name":"wp","href":"https:\/\/api.w.org\/{rel}","templated":true}]}}