{"id":8163,"date":"2018-02-07T16:37:51","date_gmt":"2018-02-07T16:37:51","guid":{"rendered":"http:\/\/archiv.szolnoktv.hu\/?p=8163"},"modified":"2021-08-13T18:28:44","modified_gmt":"2021-08-13T18:28:44","slug":"zsebdoktor-a-megelozesert","status":"publish","type":"post","link":"http:\/\/archiv.szolnoktv.hu\/?p=8163","title":{"rendered":"Zsebdoktor a megel\u0151z\u00e9s\u00e9rt"},"content":{"rendered":"<div class='booster-block booster-read-block'><\/div><p>A magyar korm\u00e1ny az eur\u00f3pai uni\u00f3ban els\u0151k\u00e9nt m\u00e9rte fel az id\u0151sek biztons\u00e1gos nyugd\u00edjas \u00e9veihez  kapcsol\u00f3d\u00f3  szolg\u00e1ltat\u00e1si ig\u00e9nyeit. Legt\u00f6bben az eg\u00e9szs\u00e9groml\u00e1s, a b\u0171ncselekm\u00e9nyek \u00e9s a mag\u00e1ny t\u00e9mak\u00f6r\u00e9ben k\u00e9rtek seg\u00edts\u00e9get. <br \/> A felm\u00e9r\u00e9s eredm\u00e9nyek\u00e9nt \u00faj programot ind\u00edtottak a h\u00e1tr\u00e1nyos helyzet\u0171 telep\u00fcl\u00e9seken. <\/p>\n<p> Jenein\u00e9 Rubovszky Csilla a Nemzeti Fejleszt\u00e9si Miniszt\u00e9rium miniszteri biztosa elmondta:  <\/p>\n<p>-&#8220;A Magyra Korm\u00e1ny 2017 febru\u00e1r 7-\u00e9n \u00fagy d\u00f6nt\u00f6tt, hogy a h\u00e1tr\u00e1nyos helyzet\u0171 telep\u00fcl\u00e9seken- egy\u00e9bk\u00e9nt Szolnok  megy\u00e9ben hat ilyen k\u00f6zpontot alak\u00edtottunk ki. K\u00f6zel 280 id\u0151s kap k\u00f6zvetlen internet hozz\u00e1f\u00e9r\u00e9st \u00e9s sz\u00e1m\u00edt\u00f3g\u00e9pet abb\u00f3l az 5 ezerb\u0151l, ami egy\u00e9bk\u00e9nt orsz\u00e1gszerte kioszt\u00e1sra ker\u00fclt. \u00c9s a megy\u00e9ben egy\u00e9bk\u00e9t 55 munkahelyet teremtett a program. Az a l\u00e9nyege, hogy egy szolg\u00e1ltat\u00e1st fejleszt\u00fcnk az id\u0151sek r\u00e9sz\u00e9re, akik reggel 8 \u00e9s 4 k\u00f6z\u00f6tt ig\u00e9nybe vehetik azt a szolg\u00e1ltat\u00e1st. &#8211;<\/p>\n<p>A program r\u00e9szek\u00e9nt fejlesztett\u00e9k ki azt a zsebdoktort, ami egy bankk\u00e1rtya nagys\u00e1g\u00fa sz\u00edvdiagnosztikai eszk\u00f6z. Az asztalra helyezve k\u00e9t k\u00e9z ugyanazon ujj\u00e1val megnyomva ki\u00e9rt\u00e9keli az eg\u00e9szs\u00e9g\u00fcgyi adatokat. Klinikai min\u0151s\u00e9g\u0171 EKG-t k\u00e9sz\u00edt, jelzi a ritmuszavart \u00e9s a hirtelen sz\u00edvmeg\u00e1ll\u00e1s kock\u00e1zat\u00e1t is felm\u00e9ri a sz\u00edvizom vizsg\u00e1lat\u00e1val. <\/p>\n<p>Cs\u00f6rghe \u00c1d\u00e1m a   WIWE k\u00e9sz\u00fcl\u00e9k  marketing menedzsere: <\/p>\n<p>-&#8220;Mind\u00f6ssze 40 grammos a k\u00e9sz\u00fcl\u00e9k, a m\u00e9r\u00e9s pedig egyetlen percet vesz ig\u00e9nybe, majd p\u00e1r m\u00e1sodperc alatt ki\u00e9rt\u00e9kel\u00e9s k\u00e9sz\u00fcl. Ez egy sz\u00ednk\u00f3dos ki\u00e9rt\u00e9kel\u00e9s a h\u00e9tk\u00f6znapi felhaszn\u00e1l\u00f3 sz\u00e1m\u00e1ra. Hogyha z\u00f6ld akkor minden rendben, ha s\u00e1rga akkor kisebb elt\u00e9r\u00e9seket tal\u00e1lt a g\u00e9p. Ha pedig piros, akkor mindenk\u00e9ppen javasolt egy orvosi kivizsg\u00e1l\u00e1s. &#8211;<\/p>\n<p> 100 ezer 65 \u00e9v feletti ember sz\u00e1m\u00e1ra ny\u00edlt meg orsz\u00e1gosan annak a lehet\u0151s\u00e9ge, hogy ezt a vizsg\u00e1latot otthon\u00e1ban elv\u00e9gezhesse. Megy\u00e9nkben J\u00e1szap\u00e1tin, J\u00e1szf\u00e9nyszarun J\u00e1szfels\u0151szentgy\u00f6rgy\u00f6n Zagyvar\u00e9kason, Kunhegyesen \u00e9s Kunszentm\u00e1rtonban  is van m\u00e1r ilyen k\u00f6zpont. A k\u00e1rty\u00e1kat m\u00falt h\u00e9ten vehett\u00e9k \u00e1t a telep\u00fcl\u00e9sek.<br \/>\n<br \/>\n<div style=\"width: 640px;\" class=\"wp-video\"><!--[if lt IE 9]><script>document.createElement('video');<\/script><![endif]-->\n<video class=\"wp-video-shortcode\" id=\"video-8163-1\" width=\"640\" height=\"360\" preload=\"metadata\" controls=\"controls\"><source type=\"video\/mp4\" src=\"\/spots\/hir\/hir_180207_05.mp4?_=1\" \/><a href=\"\/spots\/hir\/hir_180207_05.mp4\">\/spots\/hir\/hir_180207_05.mp4<\/a><\/video><\/div><\/p>\n","protected":false},"excerpt":{"rendered":"<p>A magyar korm\u00e1ny az eur\u00f3pai uni\u00f3ban els\u0151k\u00e9nt m\u00e9rte fel az id\u0151sek biztons\u00e1gos nyugd\u00edjas \u00e9veihez kapcsol\u00f3d\u00f3 szolg\u00e1ltat\u00e1si ig\u00e9nyeit. Legt\u00f6bben az eg\u00e9szs\u00e9groml\u00e1s, a b\u0171ncselekm\u00e9nyek \u00e9s a mag\u00e1ny t\u00e9mak\u00f6r\u00e9ben k\u00e9rtek seg\u00edts\u00e9get. A felm\u00e9r\u00e9s eredm\u00e9nyek\u00e9nt \u00faj programot ind\u00edtottak a h\u00e1tr\u00e1nyos helyzet\u0171 telep\u00fcl\u00e9seken. Jenein\u00e9 Rubovszky Csilla a Nemzeti Fejleszt\u00e9si Miniszt\u00e9rium miniszteri biztosa elmondta: -&#8220;A Magyra Korm\u00e1ny 2017 febru\u00e1r 7-\u00e9n \u00fagy [&hellip;]<\/p>\n","protected":false},"author":2,"featured_media":0,"comment_status":"closed","ping_status":"closed","sticky":false,"template":"","format":"standard","meta":[],"categories":[9],"tags":[],"_links":{"self":[{"href":"http:\/\/archiv.szolnoktv.hu\/index.php?rest_route=\/wp\/v2\/posts\/8163"}],"collection":[{"href":"http:\/\/archiv.szolnoktv.hu\/index.php?rest_route=\/wp\/v2\/posts"}],"about":[{"href":"http:\/\/archiv.szolnoktv.hu\/index.php?rest_route=\/wp\/v2\/types\/post"}],"author":[{"embeddable":true,"href":"http:\/\/archiv.szolnoktv.hu\/index.php?rest_route=\/wp\/v2\/users\/2"}],"replies":[{"embeddable":true,"href":"http:\/\/archiv.szolnoktv.hu\/index.php?rest_route=%2Fwp%2Fv2%2Fcomments&post=8163"}],"version-history":[{"count":1,"href":"http:\/\/archiv.szolnoktv.hu\/index.php?rest_route=\/wp\/v2\/posts\/8163\/revisions"}],"predecessor-version":[{"id":8194,"href":"http:\/\/archiv.szolnoktv.hu\/index.php?rest_route=\/wp\/v2\/posts\/8163\/revisions\/8194"}],"wp:attachment":[{"href":"http:\/\/archiv.szolnoktv.hu\/index.php?rest_route=%2Fwp%2Fv2%2Fmedia&parent=8163"}],"wp:term":[{"taxonomy":"category","embeddable":true,"href":"http:\/\/archiv.szolnoktv.hu\/index.php?rest_route=%2Fwp%2Fv2%2Fcategories&post=8163"},{"taxonomy":"post_tag","embeddable":true,"href":"http:\/\/archiv.szolnoktv.hu\/index.php?rest_route=%2Fwp%2Fv2%2Ftags&post=8163"}],"curies":[{"name":"wp","href":"https:\/\/api.w.org\/{rel}","templated":true}]}}