{"id":8162,"date":"2018-02-07T16:34:52","date_gmt":"2018-02-07T16:34:52","guid":{"rendered":"http:\/\/archiv.szolnoktv.hu\/?p=8162"},"modified":"2021-08-13T18:28:45","modified_gmt":"2021-08-13T18:28:45","slug":"a-43-kontingens-tagjait-keszitik-fel","status":"publish","type":"post","link":"http:\/\/archiv.szolnoktv.hu\/?p=8162","title":{"rendered":"A 43. kontingens tagjait k\u00e9sz\u00edtik fel"},"content":{"rendered":"<div class='booster-block booster-read-block'><\/div><p>A szimul\u00e1ci\u00f3 szerint a kett\u00e9osztott -Szikla&#8221; orsz\u00e1g z\u00f6ld civiljei szeretn\u00e9nek pet\u00edci\u00f3t \u00e1tadni az ENSZ katonai k\u00e9pvisel\u0151inek, amelyben a lez\u00e1rt ter\u00fcletek felold\u00e1s\u00e1t \u00e9s a barna hader\u0151 szigetr\u0151l t\u00f6rt\u00e9n\u0151 kivon\u00e1s\u00e1t k\u00f6vetelik. A b\u00e9kefenntart\u00f3k a beadv\u00e1nyt nem vehetik \u00e1t, illetve a ter\u00fclet megnyit\u00e1s\u00e1r\u00f3l sem d\u00f6nthetnek. A helyzet gyorsan fokoz\u00f3dik, az addig b\u00e9k\u00e9s civilek csoportokba ver\u0151dve t\u00e1madj\u00e1k meg a k\u00e9k sisakosokat.<\/p>\n<p>Az esem\u00e9nyeket a helysz\u00ednen, illetve a t\u00f6bbi k\u00f6z\u00f6tt helikopterr\u0151l is nyomon k\u00f6vetik a megfigyel\u0151k. Az itt gy\u0171jt\u00f6tt inform\u00e1ci\u00f3k a katonai \u00f6sszek\u00f6t\u0151 \u00e9s megfigyel\u0151i irod\u00e1ban futnak \u00f6ssze, ahol a b\u00e9kefenntart\u00f3k a szemben\u00e1ll\u00f3 felek k\u00f6z\u00f6tti egy\u00fcttm\u0171k\u00f6d\u00e9s, illetve t\u00e1rgyal\u00e1s elind\u00edt\u00e1s\u00e1n dolgoznak. <\/p>\n<p>-A szemben\u00e1ll\u00f3 felek k\u00f6zti b\u00e9k\u00e9ltet\u00e9st \u00e9s t\u00e1rgyal\u00e1sokat k\u00e9sz\u00edtj\u00fck el\u0151, telefonos \u00f6sszek\u00f6ttet\u00e9ssel, illetve szem\u00e9lyes t\u00e1rgyal\u00e1sokat is kezdem\u00e9nyez\u00fcnk \u00e9s hajtunk v\u00e9gre.&#8221;  &#8211; mondta Koronczai Zolt\u00e1n f\u0151hadnagy<\/p>\n<p>Az \u00f6t hetes kik\u00e9pz\u00e9sen r\u00e9sztvev\u0151 mintegy 50 magyar \u00e9s szerb katona m\u00e1rcius k\u00f6zep\u00e9n indul az ENSZ Ciprusi B\u00e9kefenntart\u00f3 Misszi\u00f3j\u00e1ba. A f\u00f6ldk\u00f6zi &#8211;  tengeri szigeten a felk\u00e9sz\u00edt\u00e9s sor\u00e1n megszerzett b\u00e9kefenntart\u00f3i elj\u00e1r\u00e1s m\u00f3dokat \u00e9s a gyakorlatokon elsaj\u00e1t\u00edtott tud\u00e1st rendszeresen kell majd alkalmazniuk j\u00e1r\u0151rfeladataik ell\u00e1t\u00e1sa k\u00f6zben. A k\u00e9pz\u00e9s folyam\u00e1n a katon\u00e1k az elm\u00e9leti tananyag mellett gyakorlati k\u00e9pz\u00e9st is kaptak, a t\u00f6bbi k\u00f6z\u00f6tt pisztollyal \u00e9s g\u00e9pkarab\u00e9llyal hajtottak v\u00e9gre l\u0151gyakorlatokat, vad\u00e1szokkal \u00e9s civilekkel szemben int\u00e9zkedtek, valamint a megfigyel\u0151i feladatokra is felk\u00e9sz\u00fcltek.<\/p>\n<p>Bolesza R\u00f3bert \u0151rnagy, az MH BKK Nemzetk\u00f6zi Kik\u00e9pz\u00e9si R\u00e9szleg r\u00e9szlegvezet\u0151je kiemelte: -A katonai k\u00e9pess\u00e9gekt\u0151l egy picit el kell rugaszkodnunk, amikor a b\u00e9kefenntart\u00e1sr\u00f3l besz\u00e9l\u00fcnk \u00e9s fegyvertelen b\u00e9kefenntart\u00f3 misszi\u00f3r\u00f3l. Ez most fegyveresnek sz\u00e1m\u00edt, de a j\u00e1r\u0151r\u00f6z\u00e9st mag\u00e1t fegyvertelen\u00fcl hajtj\u00e1k v\u00e9gre, teh\u00e1t az incidens reakci\u00f3kn\u00e1l mindenk\u00e9ppen a t\u00e1rgyal\u00e1si technik\u00e1knak az el\u0151t\u00e9rbehelyez\u00e9se k\u00fcl\u00f6n\u00f6s szempont, illetve az er\u0151 fokozatos alkalmaz\u00e1sa.&#8221; <\/p>\n<p>A b\u00e9kefenntart\u00f3 misszi\u00f3kra utaz\u00f3 katon\u00e1kat rendszeresen a szolnoki MH B\u00e9ket\u00e1mogat\u00f3 Kik\u00e9pz\u0151 K\u00f6zpontban k\u00e9sz\u00edtik fel olyan kik\u00e9pz\u0151k, akik maguk is r\u00e9szt vettek m\u00e1r ciprusi b\u00e9kefenntart\u00f3 misszi\u00f3kban, ennek k\u00f6sz\u00f6nhet\u0151en a magyar honv\u00e9dek nemzetk\u00f6zi viszonylatban is kiemelked\u0151 teljes\u00edtm\u00e9nyt ny\u00fajtanak a szigeten h\u00e1rom k\u00fcl\u00f6nb\u00f6z\u0151 hely\u0151rs\u00e9gben. <\/p>\n<div style=\"width: 640px;\" class=\"wp-video\"><!--[if lt IE 9]><script>document.createElement('video');<\/script><![endif]-->\n<video class=\"wp-video-shortcode\" id=\"video-8162-1\" width=\"640\" height=\"360\" preload=\"metadata\" controls=\"controls\"><source type=\"video\/mp4\" src=\"\/spots\/hir\/hir_180207_03.mp4?_=1\" \/><a href=\"\/spots\/hir\/hir_180207_03.mp4\">\/spots\/hir\/hir_180207_03.mp4<\/a><\/video><\/div>\n","protected":false},"excerpt":{"rendered":"<p>A szimul\u00e1ci\u00f3 szerint a kett\u00e9osztott -Szikla&#8221; orsz\u00e1g z\u00f6ld civiljei szeretn\u00e9nek pet\u00edci\u00f3t \u00e1tadni az ENSZ katonai k\u00e9pvisel\u0151inek, amelyben a lez\u00e1rt ter\u00fcletek felold\u00e1s\u00e1t \u00e9s a barna hader\u0151 szigetr\u0151l t\u00f6rt\u00e9n\u0151 kivon\u00e1s\u00e1t k\u00f6vetelik. A b\u00e9kefenntart\u00f3k a beadv\u00e1nyt nem vehetik \u00e1t, illetve a ter\u00fclet megnyit\u00e1s\u00e1r\u00f3l sem d\u00f6nthetnek. A helyzet gyorsan fokoz\u00f3dik, az addig b\u00e9k\u00e9s civilek csoportokba ver\u0151dve t\u00e1madj\u00e1k meg a [&hellip;]<\/p>\n","protected":false},"author":2,"featured_media":0,"comment_status":"closed","ping_status":"closed","sticky":false,"template":"","format":"standard","meta":[],"categories":[9],"tags":[],"_links":{"self":[{"href":"http:\/\/archiv.szolnoktv.hu\/index.php?rest_route=\/wp\/v2\/posts\/8162"}],"collection":[{"href":"http:\/\/archiv.szolnoktv.hu\/index.php?rest_route=\/wp\/v2\/posts"}],"about":[{"href":"http:\/\/archiv.szolnoktv.hu\/index.php?rest_route=\/wp\/v2\/types\/post"}],"author":[{"embeddable":true,"href":"http:\/\/archiv.szolnoktv.hu\/index.php?rest_route=\/wp\/v2\/users\/2"}],"replies":[{"embeddable":true,"href":"http:\/\/archiv.szolnoktv.hu\/index.php?rest_route=%2Fwp%2Fv2%2Fcomments&post=8162"}],"version-history":[{"count":1,"href":"http:\/\/archiv.szolnoktv.hu\/index.php?rest_route=\/wp\/v2\/posts\/8162\/revisions"}],"predecessor-version":[{"id":8195,"href":"http:\/\/archiv.szolnoktv.hu\/index.php?rest_route=\/wp\/v2\/posts\/8162\/revisions\/8195"}],"wp:attachment":[{"href":"http:\/\/archiv.szolnoktv.hu\/index.php?rest_route=%2Fwp%2Fv2%2Fmedia&parent=8162"}],"wp:term":[{"taxonomy":"category","embeddable":true,"href":"http:\/\/archiv.szolnoktv.hu\/index.php?rest_route=%2Fwp%2Fv2%2Fcategories&post=8162"},{"taxonomy":"post_tag","embeddable":true,"href":"http:\/\/archiv.szolnoktv.hu\/index.php?rest_route=%2Fwp%2Fv2%2Ftags&post=8162"}],"curies":[{"name":"wp","href":"https:\/\/api.w.org\/{rel}","templated":true}]}}