{"id":8161,"date":"2018-02-07T16:31:52","date_gmt":"2018-02-07T16:31:52","guid":{"rendered":"http:\/\/archiv.szolnoktv.hu\/?p=8161"},"modified":"2021-08-13T18:28:45","modified_gmt":"2021-08-13T18:28:45","slug":"kadet-program-szolnokon","status":"publish","type":"post","link":"http:\/\/archiv.szolnoktv.hu\/?p=8161","title":{"rendered":"Kad\u00e9t Program Szolnokon"},"content":{"rendered":"<div class='booster-block booster-read-block'><\/div><p>Hab\u00e1r a katonai sork\u00f6telezetts\u00e9get 2004-ben f\u00fcggesztett\u00e9k fel, a honv\u00e9delmi nevel\u00e9s m\u00e9gis t\u00e1rsadalmi ig\u00e9ny maradt. Ez\u00e9rt a Honv\u00e9delmi Miniszt\u00e9rium ennek k\u00fcl\u00f6n\u00f6s figyelmet szentel \u00e9s a Honv\u00e9d Kad\u00e9t Programon kereszt\u00fcl kiemelten kezeli ezt a feladat\u00e1t. Ezt Dr. Koller J\u00f3zsef, a Magyar Honv\u00e9ds\u00e9g 86. Szolnok Helikopter B\u00e1zis b\u00e1zisparancsnoka is meger\u0151s\u00edtette:<\/p>\n<p>-A honv\u00e9delmi k\u00e9pz\u00e9s az\u00e9rt fontos, hogy egyfajta elhivatotts\u00e1got tudjanak adni a fiataloknak m\u00e1r abban a korban, amikor 14-15 \u00e9vesek. \u00c9s gyakorlatilag a gimn\u00e1ziumi \u00e9vek alatt m\u00e1r megismerj\u00e9k azt, hogy honv\u00e9ds\u00e9g, megismerj\u00e9k az \u00e9let\u00fcnket, a munk\u00e1nkat, hogy amikor a d\u00f6nt\u00e9s el\u0151tt vannak, hogy milyen ir\u00e1nyba folytass\u00e1k tov\u00e1bb az \u00e9let\u00fcket, akkor legyen el\u0151tt\u00fck egyfajta honv\u00e9ds\u00e9g-k\u00e9p, \u00e9s legyen el\u0151tt\u00fck egyfajta olyan \u00e9let, olyan hivat\u00e1s, amelyben mi \u00e9l\u00fcnk.&#8221;<\/p>\n<p> A Kad\u00e9t Program eset\u00e9ben nem katonai kik\u00e9pz\u00e9sr\u0151l van sz\u00f3, hanem \u00f6nk\u00e9ntes egy\u00fcttm\u0171k\u00f6d\u00e9sr\u0151l az alap-, k\u00f6z\u00e9p-, \u00e9s fels\u0151fok\u00fa oktat\u00e1si int\u00e9zm\u00e9nyekkel. Az \u00e1ltal\u00e1nos iskol\u00e1kban szakk\u00f6r-jelleggel, a k\u00f6z\u00e9piskol\u00e1kban v\u00e1laszthat\u00f3 \u00e9retts\u00e9gi t\u00e1rgyk\u00e9nt, a fels\u0151oktat\u00e1sban pedig kredit\u00e9rt\u00e9k\u0171 felvehet\u0151 t\u00e1rgyk\u00e9nt k\u00edn\u00e1l ismereteket a program. V\u00e1rosunkban 8 \u00e9vvel ezel\u0151tt indult el a katonai ismeretek oktat\u00e1sa. El\u0151sz\u00f6r a Pet\u0151fi S\u00e1ndor \u00c9p\u00edt\u00e9szeti \u00e9s Faipari Szakgimn\u00e1zium \u00e9s Szakiskol\u00e1ban, ezt k\u00f6vet\u0151en a Jendrassik Gy\u00f6rgy G\u00e9pipari Szakgimn\u00e1zium \u00e9s az \u00fajsz\u00e1szi R\u00f3zsa Imre K\u00f6z\u00e9piskola csatlakozott a programhoz. A gyakorlati k\u00e9pz\u00e9si helyet \u00e9s az ennek megfelel\u0151 szakmai h\u00e1tteret a Szolnoki Helikopter B\u00e1zis biztos\u00edtja.<\/p>\n<p>-Elm\u00e9leti k\u00e9pz\u00e9st is kapnak a di\u00e1kok a k\u00e9pz\u00e9s sor\u00e1n, ez t\u00f6bb r\u00e9szb\u0151l tev\u0151dik \u00f6ssze. Tanulnak katonai alapismereteket, tanulnak t\u00e9rk\u00e9p\u00e9szeti ismereteket, biztons\u00e1gpolitik\u00e1t \u00e9s eg\u00e9szs\u00e9g\u00fcgyiket is ezen k\u00e9pz\u00e9s sor\u00e1n.&#8221; -nyilatkozta Hics\u00f3 Gy\u00f6rgy, a Szolnoki M\u0171szaki Szakk\u00e9pz\u00e9si Centrum f\u0151igazgat\u00f3ja.<\/p>\n<p> A di\u00e1kok tov\u00e1bb\u00e1 elsaj\u00e1t\u00edtj\u00e1k Magyarorsz\u00e1g biztons\u00e1g-\u00e9s sz\u00f6vets\u00e9gi politik\u00e1j\u00e1nak jellemz\u0151it, a honv\u00e9delem szab\u00e1lyait, fel\u00e9p\u00edt\u00e9s\u00e9t, feladatrendszer\u00e9t. A tanterv \u00f6sszhangban van a Nemzeti Alaptantervben megfogalmazottakkal, valamint a hat\u00e1lyos \u00e9retts\u00e9gi k\u00f6vetelm\u00e9nyekkel. A ma al\u00e1\u00edrt egy\u00fcttm\u0171k\u00f6d\u00e9si meg\u00e1llapod\u00e1s 2 \u00e9vre sz\u00f3l.<br \/>\n<br \/>\n<div style=\"width: 640px;\" class=\"wp-video\"><!--[if lt IE 9]><script>document.createElement('video');<\/script><![endif]-->\n<video class=\"wp-video-shortcode\" id=\"video-8161-1\" width=\"640\" height=\"360\" preload=\"metadata\" controls=\"controls\"><source type=\"video\/mp4\" src=\"\/spots\/hir\/hir_180207_02.mp4?_=1\" \/><a href=\"\/spots\/hir\/hir_180207_02.mp4\">\/spots\/hir\/hir_180207_02.mp4<\/a><\/video><\/div><\/p>\n","protected":false},"excerpt":{"rendered":"<p>Hab\u00e1r a katonai sork\u00f6telezetts\u00e9get 2004-ben f\u00fcggesztett\u00e9k fel, a honv\u00e9delmi nevel\u00e9s m\u00e9gis t\u00e1rsadalmi ig\u00e9ny maradt. Ez\u00e9rt a Honv\u00e9delmi Miniszt\u00e9rium ennek k\u00fcl\u00f6n\u00f6s figyelmet szentel \u00e9s a Honv\u00e9d Kad\u00e9t Programon kereszt\u00fcl kiemelten kezeli ezt a feladat\u00e1t. Ezt Dr. Koller J\u00f3zsef, a Magyar Honv\u00e9ds\u00e9g 86. Szolnok Helikopter B\u00e1zis b\u00e1zisparancsnoka is meger\u0151s\u00edtette: -A honv\u00e9delmi k\u00e9pz\u00e9s az\u00e9rt fontos, hogy egyfajta elhivatotts\u00e1got [&hellip;]<\/p>\n","protected":false},"author":2,"featured_media":0,"comment_status":"closed","ping_status":"closed","sticky":false,"template":"","format":"standard","meta":[],"categories":[9],"tags":[],"_links":{"self":[{"href":"http:\/\/archiv.szolnoktv.hu\/index.php?rest_route=\/wp\/v2\/posts\/8161"}],"collection":[{"href":"http:\/\/archiv.szolnoktv.hu\/index.php?rest_route=\/wp\/v2\/posts"}],"about":[{"href":"http:\/\/archiv.szolnoktv.hu\/index.php?rest_route=\/wp\/v2\/types\/post"}],"author":[{"embeddable":true,"href":"http:\/\/archiv.szolnoktv.hu\/index.php?rest_route=\/wp\/v2\/users\/2"}],"replies":[{"embeddable":true,"href":"http:\/\/archiv.szolnoktv.hu\/index.php?rest_route=%2Fwp%2Fv2%2Fcomments&post=8161"}],"version-history":[{"count":1,"href":"http:\/\/archiv.szolnoktv.hu\/index.php?rest_route=\/wp\/v2\/posts\/8161\/revisions"}],"predecessor-version":[{"id":8196,"href":"http:\/\/archiv.szolnoktv.hu\/index.php?rest_route=\/wp\/v2\/posts\/8161\/revisions\/8196"}],"wp:attachment":[{"href":"http:\/\/archiv.szolnoktv.hu\/index.php?rest_route=%2Fwp%2Fv2%2Fmedia&parent=8161"}],"wp:term":[{"taxonomy":"category","embeddable":true,"href":"http:\/\/archiv.szolnoktv.hu\/index.php?rest_route=%2Fwp%2Fv2%2Fcategories&post=8161"},{"taxonomy":"post_tag","embeddable":true,"href":"http:\/\/archiv.szolnoktv.hu\/index.php?rest_route=%2Fwp%2Fv2%2Ftags&post=8161"}],"curies":[{"name":"wp","href":"https:\/\/api.w.org\/{rel}","templated":true}]}}