{"id":8160,"date":"2018-02-07T16:28:49","date_gmt":"2018-02-07T16:28:49","guid":{"rendered":"http:\/\/archiv.szolnoktv.hu\/?p=8160"},"modified":"2021-08-13T18:28:45","modified_gmt":"2021-08-13T18:28:45","slug":"eredmenyes-evet-zart-a-tisza-tavi-sporthorgasz-kft","status":"publish","type":"post","link":"http:\/\/archiv.szolnoktv.hu\/?p=8160","title":{"rendered":"Eredm\u00e9nyes \u00e9vet z\u00e1rt a Tisza-tavi Sporthorg\u00e1sz Kft."},"content":{"rendered":"<div class='booster-block booster-read-block'><\/div><p>M\u00e1r a 2018-as \u00e9v is izgalmasan indult a Tisza-tavi Sporthorg\u00e1sz Kft. hal\u0151reinek, ugyanis janu\u00e1r elej\u00e9n egy orvhal\u00e1szt fogtak. A rapsic nem ker\u00fclhette a rend\u0151rs\u00e9gi elj\u00e1r\u00e1st, mintahogy azok a t\u00e1rsai sem, akik 2017-ben j\u00e1rtak tilosban a Kisk\u00f6rei v\u00edzt\u00e1roz\u00f3n. A tavaly bevezetett z\u00f3n\u00e1s ellen\u0151rz\u00e9si beoszt\u00e1s eredm\u00e9nyesnek bizonyult, a szab\u00e1lytalans\u00e1gok sz\u00e1ma jelent\u0151sen cs\u00f6kkent: \u00e1tlagosan 1000 ellen\u0151rz\u00e9sb\u0151l kett\u0151n\u00e9l tal\u00e1ltak vissza\u00e9l\u00e9st.<\/p>\n<p>-Siker\u00fcl lefedni a Tisza-t\u00f3 teljes ter\u00fclet\u00e9t \u00e9s emellett mozg\u00f3-csoportunk is mindig bevethet\u0151 ott, ahol \u00e9ppen sz\u00fcks\u00e9g van r\u00e1. Az idei \u00e9v kicsit nehezen indult a fi\u00fak sz\u00e1m\u00e1ra, t\u00f6bb szab\u00e1lys\u00e9rt\u00e9si elj\u00e1r\u00e1st kezdem\u00e9nyeztek.&#8221;  &#8211;   mondta Szab\u00f3 Istv\u00e1n marketing-vezet\u0151.<\/p>\n<p>M\u00edg 2016-ban 19.974 ellen\u0151rz\u00e9sb\u0151l 87 alkalommal int\u00e9zkedtek a hal\u0151r\u00f6k, addig 2017-ben mintegy 12.000 ellen\u0151rz\u00e9st hajtottak v\u00e9gre, \u00e9s \u00f6sszesen 26 esetben tal\u00e1lkoztak jogs\u00e9rt\u00e9ssel. <\/p>\n<p>A t\u00e1rsas\u00e1g egyik legnagyobb ifj\u00fas\u00e1gi programja a Peca-suli tagiskol\u00e1inak l\u00e9tsz\u00e1ma \u00e1tl\u00e9pte a 100 \u00e1ltal\u00e1nos iskol\u00e1t, \u00edgy mintegy 1700 saj\u00e1t\u00edtja el szervezett k\u00f6r\u00fclm\u00e9nyek k\u00f6z\u00f6tt a horg\u00e1szat elm\u00e9leti \u00e9s gyakorlati alapjait. A program 2018-ban tov\u00e1bb b\u0151v\u00fcl, els\u0151sorban Tisza-tavi r\u00e9gi\u00f3b\u00f3l szeretne iskol\u00e1kat bevonni a t\u00e1rsas\u00e1g.  <\/p>\n<p>2017-ben 400 ezer db 3,5-4 cm-es csukaivad\u00e9kot telep\u00edtettek a t\u00e1roz\u00f3ba, illetve 185 ezer egy nyaras, 26 ezer k\u00e9t \u00e9s 8400 darab h\u00e1rom nyaras ponty ker\u00fclt a t\u00f3ba.<\/p>\n<p>Papp G\u00e1bor \u00f6kol\u00f3gus \u00fagy fogalmazott: -Kitelep\u00edt\u00e9s sor\u00e1n nagyj\u00e1b\u00f3l 5-6 dkg s\u00falyban mentek ki a halak, novemberi visszafog\u00e1sok azt mutatj\u00e1k, hogy addigra ilyen 210-250 grammos s\u00falyt \u00e9s olyan 20 centim\u00e9teres testhosszt tudtak el\u00e9rni \u00e9s az \u00e1llom\u00e1nys\u0171r\u0171s\u00e9g is viszonylag nagy maradt, \u00fagyhogy a vesztes\u00e9g is kev\u00e9s volt.&#8221;   <\/p>\n<p>A comp\u00f3 \u00e1llom\u00e1ny is b\u0151v\u00fclt: 2017-ben 100.000 darab el\u0151nevelt halat telep\u00edtettek. <\/p>\n<p>Magyarorsz\u00e1gon els\u0151k\u00e9nt a Tisza-tavon horg\u00e1szhatnak ingyenesen 2018. janu\u00e1r 1-t\u0151l 14 \u00e9ves korig a gyerekek. A t\u00e1rsas\u00e1g \u00fcgyvezet\u0151 igazgat\u00f3ja szerint ezzel az int\u00e9zked\u00e9ssel, illetve a t\u00f6bb \u00e9ve v\u00e1ltozatlan enged\u00e9ly\u00e1rakkal hossz\u00fa-, \u00e9s r\u00f6vidt\u00e1von is n\u00f6vekedhet a r\u00e9gi\u00f3 \u00e9s a c\u00e9g bev\u00e9tele.<\/p>\n<p>-Nagyon sok horg\u00e1szt v\u00e1runk ide, mert a Tisza-tavi turizmusban a horg\u00e1szturizmus egy jelent\u0151s, ak\u00e1r 12 h\u00f3napos szezonnal b\u00edr\u00f3 t\u00e9nyez\u0151 \u00e9s ennek a horg\u00e1szatnak nagyon er\u0151s multiplik\u00e1tor hat\u00e1sa van.&#8221;  &#8211; emelte ki Heged\u00fcs G\u00e1bor \u00fcgyvezet\u0151 igazgat\u00f3.<\/p>\n<p>Ahhoz, hogy a Tisza-t\u00f3 val\u00f3ban maradand\u00f3 \u00e9lm\u00e9nny\u00e9 v\u00e1ljon folyamatos fejleszt\u00e9sekre, illetve a term\u00e9szet egyens\u00faly\u00e1nak meg\u00f3v\u00e1s\u00e1ra is sz\u00fcks\u00e9g van. A 2017-es \u00e9vben az \u0151shonos halak v\u00e9delm\u00e9ben folytat\u00f3dott az \u00f6kol\u00f3giai c\u00e9l\u00fa szelekt\u00edv hal\u00e1szat, a sulyom-gy\u00e9r\u00edt\u00e9s, valamint a k\u00e1r\u00f3katona \u00e1llom\u00e1nyszab\u00e1lyoz\u00e1sa is. Ezeket a programokat, illetve m\u00e1s orsz\u00e1gos, szint\u00e9n a term\u00e9szet meg\u00f3v\u00e1s\u00e1ra ir\u00e1nyul\u00f3 kezdem\u00e9nyez\u00e9seket a F\u00f6ldm\u0171vel\u00e9s\u00fcgyi Miniszt\u00e9rium \u00e9vente 500 milli\u00f3 forinttal t\u00e1mogatja.  <\/p>\n<p>Fazekas S\u00e1ndor, f\u00f6ldm\u0171vel\u00e9s\u00fcgyi miniszter r\u00e1mutatott: -Az 500 milli\u00f3 forintos hal\u00e1szati-, horg\u00e1szati fejleszt\u00e9si keret lehet\u0151v\u00e9 teszi azt, hogy a hal\u0151rz\u00e9s felt\u00e9teleit jav\u00edtsuk, felszerel\u00e9sekre, egyenruha v\u00e1s\u00e1rl\u00e1sra is ford\u00edthat\u00f3 ez a keret. Ebb\u0151l finansz\u00edrozzuk a Peca-suli programot is, amely mintegy 40 milli\u00f3 forintos t\u00e1mogat\u00e1ssal, most m\u00e1r t\u00f6bb, mint 100 iskol\u00e1ban m\u0171k\u00f6dik \u00e9s azt a c\u00e9lt szolg\u00e1lja, hogy min\u00e9l t\u00f6bb horg\u00e1sz legyen, a fiatalok is megismerj\u00e9k ezt a csod\u00e1latos vil\u00e1got.&#8221;<\/p>\n<p>A horg\u00e1szat n\u00e9pszer\u0171s\u00edt\u00e9se mellett a halas-gasztron\u00f3mia hazai \u00e9s nemzetk\u00f6zi megismertet\u00e9se is kiemelt feladat a miniszt\u00e9riumban, ennek r\u00e9szek\u00e9nt lett a Tiszai-hal\u00e1szl\u00e9 2017-ben Hungarikum.  &#8211;   tette hozz\u00e1 Fazekas S\u00e1ndor. <\/p>\n<div style=\"width: 640px;\" class=\"wp-video\"><!--[if lt IE 9]><script>document.createElement('video');<\/script><![endif]-->\n<video class=\"wp-video-shortcode\" id=\"video-8160-1\" width=\"640\" height=\"360\" preload=\"metadata\" controls=\"controls\"><source type=\"video\/mp4\" src=\"\/spots\/hir\/hir_180207_01.mp4?_=1\" \/><a href=\"\/spots\/hir\/hir_180207_01.mp4\">\/spots\/hir\/hir_180207_01.mp4<\/a><\/video><\/div>\n","protected":false},"excerpt":{"rendered":"<p>M\u00e1r a 2018-as \u00e9v is izgalmasan indult a Tisza-tavi Sporthorg\u00e1sz Kft. hal\u0151reinek, ugyanis janu\u00e1r elej\u00e9n egy orvhal\u00e1szt fogtak. A rapsic nem ker\u00fclhette a rend\u0151rs\u00e9gi elj\u00e1r\u00e1st, mintahogy azok a t\u00e1rsai sem, akik 2017-ben j\u00e1rtak tilosban a Kisk\u00f6rei v\u00edzt\u00e1roz\u00f3n. A tavaly bevezetett z\u00f3n\u00e1s ellen\u0151rz\u00e9si beoszt\u00e1s eredm\u00e9nyesnek bizonyult, a szab\u00e1lytalans\u00e1gok sz\u00e1ma jelent\u0151sen cs\u00f6kkent: \u00e1tlagosan 1000 ellen\u0151rz\u00e9sb\u0151l kett\u0151n\u00e9l tal\u00e1ltak [&hellip;]<\/p>\n","protected":false},"author":2,"featured_media":0,"comment_status":"closed","ping_status":"closed","sticky":false,"template":"","format":"standard","meta":[],"categories":[9],"tags":[],"_links":{"self":[{"href":"http:\/\/archiv.szolnoktv.hu\/index.php?rest_route=\/wp\/v2\/posts\/8160"}],"collection":[{"href":"http:\/\/archiv.szolnoktv.hu\/index.php?rest_route=\/wp\/v2\/posts"}],"about":[{"href":"http:\/\/archiv.szolnoktv.hu\/index.php?rest_route=\/wp\/v2\/types\/post"}],"author":[{"embeddable":true,"href":"http:\/\/archiv.szolnoktv.hu\/index.php?rest_route=\/wp\/v2\/users\/2"}],"replies":[{"embeddable":true,"href":"http:\/\/archiv.szolnoktv.hu\/index.php?rest_route=%2Fwp%2Fv2%2Fcomments&post=8160"}],"version-history":[{"count":1,"href":"http:\/\/archiv.szolnoktv.hu\/index.php?rest_route=\/wp\/v2\/posts\/8160\/revisions"}],"predecessor-version":[{"id":8197,"href":"http:\/\/archiv.szolnoktv.hu\/index.php?rest_route=\/wp\/v2\/posts\/8160\/revisions\/8197"}],"wp:attachment":[{"href":"http:\/\/archiv.szolnoktv.hu\/index.php?rest_route=%2Fwp%2Fv2%2Fmedia&parent=8160"}],"wp:term":[{"taxonomy":"category","embeddable":true,"href":"http:\/\/archiv.szolnoktv.hu\/index.php?rest_route=%2Fwp%2Fv2%2Fcategories&post=8160"},{"taxonomy":"post_tag","embeddable":true,"href":"http:\/\/archiv.szolnoktv.hu\/index.php?rest_route=%2Fwp%2Fv2%2Ftags&post=8160"}],"curies":[{"name":"wp","href":"https:\/\/api.w.org\/{rel}","templated":true}]}}