{"id":8159,"date":"2018-02-06T18:29:31","date_gmt":"2018-02-06T18:29:31","guid":{"rendered":"http:\/\/archiv.szolnoktv.hu\/?p=8159"},"modified":"2021-08-13T18:28:45","modified_gmt":"2021-08-13T18:28:45","slug":"rapsicokat-fogtak-az-oballai-kanyarban","status":"publish","type":"post","link":"http:\/\/archiv.szolnoktv.hu\/?p=8159","title":{"rendered":"Rapsicokat fogtak az \u00d3ballai-kanyarban"},"content":{"rendered":"<div class='booster-block booster-read-block'><\/div><p>-N\u00e9gy folyamkilom\u00e9teren kereszt\u00fcl, ebben a cs\u00f3nakban \u00fcld\u00f6zt\u00fck \u0151ket.&#8221;<\/p>\n<p>Azt a cs\u00f3nakot mutatja Planicska Ferenc, amelyben az orvhorg\u00e1szokat \u00fcld\u00f6zte h\u00e1rom t\u00e1rs\u00e1val m\u00falt h\u00e9t szerd\u00e1n. Term\u00e9szetv\u00e9delmi \u0151r\u00f6k riasztott\u00e1k a hal\u0151r\u00f6ket, akik tetten is \u00e9rt\u00e9k az \u00d3ballai kanyarban a k\u00edm\u00e9leti ter\u00fcleten gerebly\u00e9z\u0151 k\u00e9t rapsicot. Az elk\u00f6vet\u0151k a hal\u0151r\u00f6ket megl\u00e1tva elmenek\u00fcltek, az addig zs\u00e1km\u00e1nyolt kett\u0151 harcs\u00e1t is magukkal vitt\u00e9k. A hajsza t\u00f6bb kilom\u00e9teren \u00e1t tartott.<\/p>\n<p>Planicska Ferenc hal\u0151rz\u00e9si csoportvezet\u0151 \u00fagy fogalmazott: -A rend\u0151rs\u00e9ggel folyamatosan tartottuk a kapcsolatot, le\u00e1llt\u00e1k a rend\u0151r\u00f6k azokat a kik\u00f6t\u00e9si pontokat, ahol ki tudtak volna k\u00f6tni, de ugye sehol sem k\u00f6t\u00f6ttek ki. Amikor a kik\u00f6t\u0151be \u00e9rt\u00fcnk, akkora a rend\u0151rs\u00e9g is oda\u00e9rt \u00e9s akkor onnant\u00f3l mi \u00e1tadtuk nekik a feladatot.&#8221; <\/p>\n<p>A cs\u00f3nakos \u00fcld\u00f6z\u00e9s sor\u00e1n a Hortob\u00e1gyi Nemzeti Park munkat\u00e1rsai vide\u00f3felv\u00e9telt is k\u00e9sz\u00edtettek, amely jelent\u0151sen megk\u00f6nny\u00edtette S. J\u00e1nos \u00e9s V. Viktor szolnoki lakosok azonos\u00edt\u00e1s\u00e1t. S. J\u00e1nost m\u00e9g janu\u00e1r 31-\u00e9n, t\u00e1rs\u00e1t pedig febru\u00e1r elsej\u00e9n fogt\u00e1k el a rend\u0151r\u00f6k, \u00e9s mindkett\u0151j\u00fcket gyan\u00fas\u00edtottk\u00e9nt hallgatt\u00e1k ki.  <\/p>\n<p>Ezek pedig m\u00e1r azok a horg\u00e1szeszk\u00f6z\u00f6k, amelyekkel az elm\u00falt h\u00f3napokban k\u00f6vettek el szab\u00e1lytalans\u00e1got a Tisz\u00e1n. Tavaly   22 db kis \u00e9s nagy m\u00e9ret\u0171 vars\u00e1t, 200 m\u00e9ter mar\u00e1zsa h\u00e1l\u00f3t, illetve k\u00fcl\u00f6nb\u00f6z\u0151 gy\u00e1ri \u00e9s otthon bark\u00e1csolt horg\u00e1szbotot foglaltak le a hal\u0151r\u00f6k. A hat\u00e9konys\u00e1g n\u00f6vel\u00e9s\u00e9ben jelent\u0151s szerepe volt a 2017-es eszk\u00f6z \u00e9s j\u00e1rm\u0171 beszerz\u00e9seknek, valamint a hal\u0151ri szolg\u00e1latban v\u00e9grehajtott v\u00e1ltoztat\u00e1soknak.<\/p>\n<p>Donk\u00f3 P\u00e9ter titk\u00e1r kiemelte: -Ez az \u00e1talak\u00edt\u00e1s, illetve ezek a fejleszt\u00e9sek meghozt\u00e1k a v\u00e1rt eredm\u00e9nyt, hiszen azt el tudom mondani, hogy a 2016 \u00e9vi 1.700.000 forintos kiszabott b\u00edrs\u00e1g \u00f6sszeg helyett az idei \u00e9vben m\u00e1r 3.415.000 b\u00edrs\u00e1g \u00f6sszeg ker\u00fclt kiszab\u00e1sra a munk\u00e1juk eredm\u00e9nye k\u00e9ppen, teh\u00e1t a hal\u0151reink munk\u00e1j\u00e1nak az eredm\u00e9nye k\u00e9ppen.&#8221;  <\/p>\n<p>Az eredm\u00e9nyek nem csak a hal\u0151r\u00f6knek, hanem azoknak a horg\u00e1szoknak is k\u00f6sz\u00f6nhet\u0151k, akik vigy\u00e1znak a v\u00edzre \u00e9s inform\u00e1ci\u00f3kkal l\u00e1tj\u00e1k el a szolg\u00e1latot.  &#8211;   mondta Donk\u00f3 P\u00e9ter. A titk\u00e1r hozz\u00e1tette: a j\u00f6v\u0151ben is sz\u00e1m\u00edtanak a seg\u00edts\u00e9gre, ez\u00e9rt k\u00e9ri a horg\u00e1szokat, hogyha szab\u00e1lytalans\u00e1got l\u00e1tnak, akkor a ter\u00fcleti enged\u00e9lyen szerepl\u0151 bejelent\u0151i telefonsz\u00e1mot h\u00edvj\u00e1k fel. A bejelent\u0151 adatait a sz\u00f6vets\u00e9g titkosan kezeli.<\/p>\n<div style=\"width: 640px;\" class=\"wp-video\"><!--[if lt IE 9]><script>document.createElement('video');<\/script><![endif]-->\n<video class=\"wp-video-shortcode\" id=\"video-8159-1\" width=\"640\" height=\"360\" preload=\"metadata\" controls=\"controls\"><source type=\"video\/mp4\" src=\"\/spots\/hir\/hir_180206_04.mp4?_=1\" \/><a href=\"\/spots\/hir\/hir_180206_04.mp4\">\/spots\/hir\/hir_180206_04.mp4<\/a><\/video><\/div>\n","protected":false},"excerpt":{"rendered":"<p>-N\u00e9gy folyamkilom\u00e9teren kereszt\u00fcl, ebben a cs\u00f3nakban \u00fcld\u00f6zt\u00fck \u0151ket.&#8221; Azt a cs\u00f3nakot mutatja Planicska Ferenc, amelyben az orvhorg\u00e1szokat \u00fcld\u00f6zte h\u00e1rom t\u00e1rs\u00e1val m\u00falt h\u00e9t szerd\u00e1n. Term\u00e9szetv\u00e9delmi \u0151r\u00f6k riasztott\u00e1k a hal\u0151r\u00f6ket, akik tetten is \u00e9rt\u00e9k az \u00d3ballai kanyarban a k\u00edm\u00e9leti ter\u00fcleten gerebly\u00e9z\u0151 k\u00e9t rapsicot. Az elk\u00f6vet\u0151k a hal\u0151r\u00f6ket megl\u00e1tva elmenek\u00fcltek, az addig zs\u00e1km\u00e1nyolt kett\u0151 harcs\u00e1t is magukkal vitt\u00e9k. [&hellip;]<\/p>\n","protected":false},"author":2,"featured_media":0,"comment_status":"closed","ping_status":"closed","sticky":false,"template":"","format":"standard","meta":[],"categories":[9],"tags":[],"_links":{"self":[{"href":"http:\/\/archiv.szolnoktv.hu\/index.php?rest_route=\/wp\/v2\/posts\/8159"}],"collection":[{"href":"http:\/\/archiv.szolnoktv.hu\/index.php?rest_route=\/wp\/v2\/posts"}],"about":[{"href":"http:\/\/archiv.szolnoktv.hu\/index.php?rest_route=\/wp\/v2\/types\/post"}],"author":[{"embeddable":true,"href":"http:\/\/archiv.szolnoktv.hu\/index.php?rest_route=\/wp\/v2\/users\/2"}],"replies":[{"embeddable":true,"href":"http:\/\/archiv.szolnoktv.hu\/index.php?rest_route=%2Fwp%2Fv2%2Fcomments&post=8159"}],"version-history":[{"count":1,"href":"http:\/\/archiv.szolnoktv.hu\/index.php?rest_route=\/wp\/v2\/posts\/8159\/revisions"}],"predecessor-version":[{"id":8198,"href":"http:\/\/archiv.szolnoktv.hu\/index.php?rest_route=\/wp\/v2\/posts\/8159\/revisions\/8198"}],"wp:attachment":[{"href":"http:\/\/archiv.szolnoktv.hu\/index.php?rest_route=%2Fwp%2Fv2%2Fmedia&parent=8159"}],"wp:term":[{"taxonomy":"category","embeddable":true,"href":"http:\/\/archiv.szolnoktv.hu\/index.php?rest_route=%2Fwp%2Fv2%2Fcategories&post=8159"},{"taxonomy":"post_tag","embeddable":true,"href":"http:\/\/archiv.szolnoktv.hu\/index.php?rest_route=%2Fwp%2Fv2%2Ftags&post=8159"}],"curies":[{"name":"wp","href":"https:\/\/api.w.org\/{rel}","templated":true}]}}