{"id":8158,"date":"2018-02-06T18:28:18","date_gmt":"2018-02-06T18:28:18","guid":{"rendered":"http:\/\/archiv.szolnoktv.hu\/?p=8158"},"modified":"2021-08-13T18:28:45","modified_gmt":"2021-08-13T18:28:45","slug":"lezajlott-a-megavers-10-elso-elovalogatoja","status":"publish","type":"post","link":"http:\/\/archiv.szolnoktv.hu\/?p=8158","title":{"rendered":"Lezajlott a -Megavers 10&#8243; els\u0151 el\u0151v\u00e1logat\u00f3ja"},"content":{"rendered":"<div class='booster-block booster-read-block'><\/div><p>Kecskem\u00e9tr\u0151l, Hern\u00e1dr\u00f3l, Nyerges\u00fajfalur\u00f3l is \u00e9rkeztek vers \u00e9s irodalomkedvel\u0151 fiatalok a Szolnok Telev\u00edzi\u00f3 \u00e9s az Aba-Nov\u00e1k-Ag\u00f3ra Kultur\u00e1lis K\u00f6zpont els\u0151 el\u0151v\u00e1logat\u00f3j\u00e1ra. Horv\u00e1th Bendeg\u00faz 280 kilom\u00e9tert utazott hogy r\u00e9szt vehessen a tehets\u00e9gkutat\u00f3n. A 14 \u00e9ves fi\u00fa Leteny\u00e9r\u0151l \u00e9rkezett. <\/p>\n<p>-Az iskol\u00e1nk kapott egy ilyen k\u00f6rlevelet, amiben hirdett\u00e9k ezt a versenyt, \u00e9s mondta anya, hogy milyen j\u00f3 lenne, ha elj\u00f6nn\u00e9k, megpr\u00f3b\u00e1lom ezt a versenyt is, most vagyok itt el\u0151sz\u00f6r. &#8211;<\/p>\n<p> A legt\u00f6bb nevez\u00e9s id\u00e9n is Szolnokr\u00f3l \u00e9s a megy\u00e9b\u0151l \u00e9rkezett. <\/p>\n<p>-M\u00e1r t\u00f6bb \u00e9ve n\u00e9ztem a t\u00e9v\u00e9ben, \u00e9s m\u00e1r nyertem egyszer egy j\u00e1szs\u00e1gi szaval\u00f3versenyt, \u00e9s nagyon szeretem a verseket \u00e9s az irodalmat is nagyon szeretem. Ez\u00e9rt gondoltam \u00fagy, hogy megpr\u00f3b\u00e1lom ezt.&#8221; <\/p>\n<p>Mennyire magabiztos, mennyire \u00e9rzi \u00e9s \u00e9rti a verset, mennyire besz\u00e9l tiszt\u00e1n  &#8211;   ezeket a szempontokat veszi t\u00f6bbnyire figyelembe a zs\u0171ri egy-egy versenyz\u0151 \u00e9rt\u00e9kel\u00e9sekor. A mai v\u00e1logat\u00f3n Farkash\u00e1zi Istv\u00e1n, Rig\u00f3 J\u00f3zsef \u00e9s  Lengyel Boldizs\u00e1r, a Szolnok Telev\u00edzi\u00f3 szerkeszt\u0151je \u00e9rt\u00e9kelt\u00e9k a produkci\u00f3kat. <\/p>\n<p>-Mennyire saj\u00e1tja a verse? Hogyan tudja \u00e1t\u00e9lni? Hogyan tudja bele\u00e9lni mag\u00e1t azokba a gondolatokba azokba az \u00f6sszef\u00fcgg\u00e9sekbe amiket egy vers tolm\u00e1csol. Hogyan besz\u00e9li ezt a sz\u00e9p magyar nyelvet melyet olyan sokan elrontanak \u00e9s olyan pacuh\u00e1n foglalkoznak vele. &#8211; &#8211; mondta Lengyel Boldizs\u00e1r. <\/p>\n<p>A k\u00f6vetkez\u0151 el\u0151v\u00e1logat\u00f3kat febru\u00e1r 8-\u00e1n \u00e9s febru\u00e1r 10-\u00e9n rendezi a Szolnok Telev\u00edzi\u00f3 \u00e9s az Aba-Nov\u00e1k Ag\u00f3ra Kultur\u00e1lis K\u00f6zpont. A h\u00e1rom v\u00e1logat\u00f3 ut\u00e1n d\u0151l el, ki az a 25 versenyz\u0151, aki tov\u00e1bbjut a k\u00f6z\u00e9pd\u00f6nt\u0151be. Innen m\u00e1r csak 10-en mehetnek az \u00e1prilis 11-i d\u00f6nt\u0151be. A legfiatalabb jelentkez\u0151 id\u00e9n 12, a legid\u0151sebb pedig 29 \u00e9ves. <\/p>\n<div style=\"width: 640px;\" class=\"wp-video\"><!--[if lt IE 9]><script>document.createElement('video');<\/script><![endif]-->\n<video class=\"wp-video-shortcode\" id=\"video-8158-1\" width=\"640\" height=\"360\" preload=\"metadata\" controls=\"controls\"><source type=\"video\/mp4\" src=\"\/spots\/hir\/hir_180206_03.mp4?_=1\" \/><a href=\"\/spots\/hir\/hir_180206_03.mp4\">\/spots\/hir\/hir_180206_03.mp4<\/a><\/video><\/div>\n","protected":false},"excerpt":{"rendered":"<p>Kecskem\u00e9tr\u0151l, Hern\u00e1dr\u00f3l, Nyerges\u00fajfalur\u00f3l is \u00e9rkeztek vers \u00e9s irodalomkedvel\u0151 fiatalok a Szolnok Telev\u00edzi\u00f3 \u00e9s az Aba-Nov\u00e1k-Ag\u00f3ra Kultur\u00e1lis K\u00f6zpont els\u0151 el\u0151v\u00e1logat\u00f3j\u00e1ra. Horv\u00e1th Bendeg\u00faz 280 kilom\u00e9tert utazott hogy r\u00e9szt vehessen a tehets\u00e9gkutat\u00f3n. A 14 \u00e9ves fi\u00fa Leteny\u00e9r\u0151l \u00e9rkezett. -Az iskol\u00e1nk kapott egy ilyen k\u00f6rlevelet, amiben hirdett\u00e9k ezt a versenyt, \u00e9s mondta anya, hogy milyen j\u00f3 lenne, ha elj\u00f6nn\u00e9k, [&hellip;]<\/p>\n","protected":false},"author":2,"featured_media":0,"comment_status":"closed","ping_status":"closed","sticky":false,"template":"","format":"standard","meta":[],"categories":[9],"tags":[],"_links":{"self":[{"href":"http:\/\/archiv.szolnoktv.hu\/index.php?rest_route=\/wp\/v2\/posts\/8158"}],"collection":[{"href":"http:\/\/archiv.szolnoktv.hu\/index.php?rest_route=\/wp\/v2\/posts"}],"about":[{"href":"http:\/\/archiv.szolnoktv.hu\/index.php?rest_route=\/wp\/v2\/types\/post"}],"author":[{"embeddable":true,"href":"http:\/\/archiv.szolnoktv.hu\/index.php?rest_route=\/wp\/v2\/users\/2"}],"replies":[{"embeddable":true,"href":"http:\/\/archiv.szolnoktv.hu\/index.php?rest_route=%2Fwp%2Fv2%2Fcomments&post=8158"}],"version-history":[{"count":1,"href":"http:\/\/archiv.szolnoktv.hu\/index.php?rest_route=\/wp\/v2\/posts\/8158\/revisions"}],"predecessor-version":[{"id":8199,"href":"http:\/\/archiv.szolnoktv.hu\/index.php?rest_route=\/wp\/v2\/posts\/8158\/revisions\/8199"}],"wp:attachment":[{"href":"http:\/\/archiv.szolnoktv.hu\/index.php?rest_route=%2Fwp%2Fv2%2Fmedia&parent=8158"}],"wp:term":[{"taxonomy":"category","embeddable":true,"href":"http:\/\/archiv.szolnoktv.hu\/index.php?rest_route=%2Fwp%2Fv2%2Fcategories&post=8158"},{"taxonomy":"post_tag","embeddable":true,"href":"http:\/\/archiv.szolnoktv.hu\/index.php?rest_route=%2Fwp%2Fv2%2Ftags&post=8158"}],"curies":[{"name":"wp","href":"https:\/\/api.w.org\/{rel}","templated":true}]}}