{"id":8157,"date":"2018-02-06T16:47:47","date_gmt":"2018-02-06T16:47:47","guid":{"rendered":"http:\/\/archiv.szolnoktv.hu\/?p=8157"},"modified":"2021-08-13T18:28:46","modified_gmt":"2021-08-13T18:28:46","slug":"tudomanyok-testkozelben-az-aba-novak-agora-kulturalis-kozpontban","status":"publish","type":"post","link":"http:\/\/archiv.szolnoktv.hu\/?p=8157","title":{"rendered":"Tudom\u00e1nyok testk\u00f6zelben az Aba-Nov\u00e1k Ag\u00f3ra Kultur\u00e1lis K\u00f6zpontban"},"content":{"rendered":"<div class='booster-block booster-read-block'><\/div><p>-Krist\u00e1ly n\u00f6veszt\u00e9s, foly\u00e9kony f\u00fcst \u00e9s ilyesmik. S\u00f3krist\u00e1ly eset\u00e9ben vizet forralunk- megfelel\u0151 mennyis\u00e9g\u0171 vizet, nem forralunk, felmeleg\u00edtj\u00fck. Addig olvasztjuk benne a s\u00f3t, am\u00edg, ameddig elb\u00edrja oldani k\u00f6zben kevergetni kell.&#8221;- mes\u00e9lte Bozs\u00f3 Botond. <\/p>\n<p>Az \u00f3r\u00e1kat interakt\u00edv k\u00eds\u00e9rletek sz\u00ednes\u00edtik. A k\u00e9miai el\u0151ad\u00e1sok els\u0151 programj\u00e1nak t\u00e9m\u00e1ja az olvad\u00e1s \u00e9s fagy\u00e1s volt. <\/p>\n<p>-H\u00e9tk\u00f6znapi \u00e9letben megtapasztalhat\u00f3 dolgokkal fogunk foglalkozni. P\u00e9ld\u00e1ul azzal, hogy hogyan ne cs\u00fasszunk el az utc\u00e1n vagy ha siker\u00fcl, akkor az mit\u0151l siker\u00fcl. Valamint azzal az apr\u00f3s\u00e1ggal amivel a k\u00f6zutakon tal\u00e1lkozunk, hogy s\u00f3zz\u00e1k el\u0151tt\u00fcnk az utat. Egy apr\u00f3cska k\u00eds\u00e9rlettel megn\u00e9zz\u00fck, hogy ennek van-e \u00e9rtelme, \u00edgy v\u00e9gezni a s\u00f3z\u00e1st.&#8221;- mondta De\u00e1k Szabolcs vegy\u00e9szm\u00e9rn\u00f6k.<\/p>\n<p>A -L\u00e1tv\u00e1nyos tudom\u00e1nyok&#8221; m\u00e1sodik \u00e9vad\u00e1ban a r\u00e9szvev\u0151ket a k\u00e9mia mellett, a geol\u00f3gia \u00e9s csillag\u00e1szat tudom\u00e1ny\u00e1ba is bevezetik. A program c\u00e9lja a term\u00e9szettudom\u00e1nyok n\u00e9pszer\u0171s\u00edt\u00e9se. <\/p>\n<p>-A csillag\u00e1szat mindenf\u00e9lek\u00e9ppen, nagyon n\u00e9pszer\u0171. F\u0151leg, ha olyan t\u00e9m\u00e1kat hirdet\u00fcnk meg, mint a feketelyukak vagy az \u0151srobban\u00e1s elm\u00e9lete vagy a p\u00e1rhuzamos univerzumok. Ezek olyan h\u00edv\u00f3szavak, amelyre szinte mindenki mozdul \u00e9s ez n\u00e9pszer\u0171nek tekinthet\u0151. Ebben a 2.0 sorozatban lesz majd sz\u00e1m\u00edt\u00f3g\u00e9pes csillag\u00e1szat.&#8221;- mondta Ujlaki Csaba a program szervez\u0151je.<\/p>\n<p>A r\u00e9sztvev\u0151k virtu\u00e1lisan k\u00fclf\u00f6ldi csillagvizsg\u00e1l\u00f3kba is ell\u00e1togathatnak, de az \u00e1sv\u00e1nyok \u00e9s krist\u00e1lyok vil\u00e1g\u00e1t is megismerhetik. A programsorozat febru\u00e1r 13-\u00e1n geol\u00f3gia el\u0151ad\u00e1ssal folytat\u00f3dik. <\/p>\n<div style=\"width: 640px;\" class=\"wp-video\"><!--[if lt IE 9]><script>document.createElement('video');<\/script><![endif]-->\n<video class=\"wp-video-shortcode\" id=\"video-8157-1\" width=\"640\" height=\"360\" preload=\"metadata\" controls=\"controls\"><source type=\"video\/mp4\" src=\"\/spots\/hir\/hir_180206_05.mp4?_=1\" \/><a href=\"\/spots\/hir\/hir_180206_05.mp4\">\/spots\/hir\/hir_180206_05.mp4<\/a><\/video><\/div>\n","protected":false},"excerpt":{"rendered":"<p>-Krist\u00e1ly n\u00f6veszt\u00e9s, foly\u00e9kony f\u00fcst \u00e9s ilyesmik. S\u00f3krist\u00e1ly eset\u00e9ben vizet forralunk- megfelel\u0151 mennyis\u00e9g\u0171 vizet, nem forralunk, felmeleg\u00edtj\u00fck. Addig olvasztjuk benne a s\u00f3t, am\u00edg, ameddig elb\u00edrja oldani k\u00f6zben kevergetni kell.&#8221;- mes\u00e9lte Bozs\u00f3 Botond. Az \u00f3r\u00e1kat interakt\u00edv k\u00eds\u00e9rletek sz\u00ednes\u00edtik. A k\u00e9miai el\u0151ad\u00e1sok els\u0151 programj\u00e1nak t\u00e9m\u00e1ja az olvad\u00e1s \u00e9s fagy\u00e1s volt. -H\u00e9tk\u00f6znapi \u00e9letben megtapasztalhat\u00f3 dolgokkal fogunk foglalkozni. P\u00e9ld\u00e1ul azzal, [&hellip;]<\/p>\n","protected":false},"author":2,"featured_media":0,"comment_status":"closed","ping_status":"closed","sticky":false,"template":"","format":"standard","meta":[],"categories":[9],"tags":[],"_links":{"self":[{"href":"http:\/\/archiv.szolnoktv.hu\/index.php?rest_route=\/wp\/v2\/posts\/8157"}],"collection":[{"href":"http:\/\/archiv.szolnoktv.hu\/index.php?rest_route=\/wp\/v2\/posts"}],"about":[{"href":"http:\/\/archiv.szolnoktv.hu\/index.php?rest_route=\/wp\/v2\/types\/post"}],"author":[{"embeddable":true,"href":"http:\/\/archiv.szolnoktv.hu\/index.php?rest_route=\/wp\/v2\/users\/2"}],"replies":[{"embeddable":true,"href":"http:\/\/archiv.szolnoktv.hu\/index.php?rest_route=%2Fwp%2Fv2%2Fcomments&post=8157"}],"version-history":[{"count":1,"href":"http:\/\/archiv.szolnoktv.hu\/index.php?rest_route=\/wp\/v2\/posts\/8157\/revisions"}],"predecessor-version":[{"id":8200,"href":"http:\/\/archiv.szolnoktv.hu\/index.php?rest_route=\/wp\/v2\/posts\/8157\/revisions\/8200"}],"wp:attachment":[{"href":"http:\/\/archiv.szolnoktv.hu\/index.php?rest_route=%2Fwp%2Fv2%2Fmedia&parent=8157"}],"wp:term":[{"taxonomy":"category","embeddable":true,"href":"http:\/\/archiv.szolnoktv.hu\/index.php?rest_route=%2Fwp%2Fv2%2Fcategories&post=8157"},{"taxonomy":"post_tag","embeddable":true,"href":"http:\/\/archiv.szolnoktv.hu\/index.php?rest_route=%2Fwp%2Fv2%2Ftags&post=8157"}],"curies":[{"name":"wp","href":"https:\/\/api.w.org\/{rel}","templated":true}]}}