{"id":8156,"date":"2018-02-06T16:34:44","date_gmt":"2018-02-06T16:34:44","guid":{"rendered":"http:\/\/archiv.szolnoktv.hu\/?p=8156"},"modified":"2021-08-13T18:28:46","modified_gmt":"2021-08-13T18:28:46","slug":"so-maradt-az-utakon","status":"publish","type":"post","link":"http:\/\/archiv.szolnoktv.hu\/?p=8156","title":{"rendered":"S\u00f3 maradt az utakon"},"content":{"rendered":"<div class='booster-block booster-read-block'><\/div><p>S\u00f3cs\u00edk az utc\u00e1kon, utakon, j\u00e1rd\u00e1kon. Kutya \u00e9s cip\u0151. Mindez egym\u00e1ssal szoros \u00f6sszef\u00fcgg\u00e9sben. A t\u00e9li csapad\u00e9k , legyen az es\u0151 vagy h\u00f3 ugyanis r\u00e1fagy az utakra, j\u00e1rd\u00e1kra. A jogszab\u00e1ly szerint mind a keretszerz\u0151d\u00e9ssel rendelkez\u0151 szolg\u00e1ltat\u00f3nak, mind a h\u00e1zak int\u00e9zm\u00e9nyek tulajdonosainak gondoskodniuk kell a cs\u00fasz\u00e1smentes\u00edt\u00e9sr\u0151l. Ez leggyakrabban s\u00f3val t\u00f6rt\u00e9nik. <\/p>\n<p>Lits L\u00e1szl\u00f3 \u00fcgyvezet\u0151,  NHSZSzolnok K\u00f6zszolg\u00e1ltat\u00f3 Nonprofit Kft. : <\/p>\n<p>-&#8220;Ebben az \u00e9vben most m\u00e1r a n\u00e9gy t\u00e1rsas\u00e1g integr\u00e1lt ir\u00e1ny\u00edt\u00e1s alatt v\u00e9gzi ezt a feladatot, az NHSZ Zounok Zrt. v\u00e9gzi a g\u00e9pi s\u00edkoss\u00e1gmentes\u00edt\u00e9st, az SZV\u00dc Kft a fel\u00fclj\u00e1r\u00f3k, busz\u00f6bl\u00f6knek a s\u00edkoss\u00e1gmentes\u00edt\u00e9s\u00e9t,a  nonprofit Munkalehet\u0151s\u00e9g a J\u00f6v\u0151\u00e9rt pedig  a k\u00e9zi s\u00edkoss\u00e1gmentes\u00edt\u00e9st v\u00e9gzi. Van m\u00e9g egy partner\u00fcnk, \u0151k extr\u00e9m id\u0151j\u00e1r\u00e1s eset\u00e9n  k\u00e9zi s\u00edkoss\u00e1gmentes\u00edt\u00e9sben seg\u00edtenek. &#8211;<\/p>\n<p> Jellemz\u0151en s\u00f3t sz\u00f3rnak ki az utakra. A szombati havaz\u00e1skor, egyetlen nap alatt 200 tonna s\u00f3t kellett sz\u00e9thordaniuk az aut\u00f3knak. <\/p>\n<p>-&#8220;A viacoloros fel\u00fcleteken zeolittal v\u00e9gezz\u00fck, de itt \u00e9rdes\u00edt\u00e9sr\u0151l besz\u00e9l\u00fcnk, mert a  zeolit olvasztani nem tud. \u00dagy gondolom, hogy ebben az \u00e9vben az \u00faj ir\u00e1ny\u00edt\u00e1s megmutatta az el\u0151ny\u00e9t \u00e9s most m\u00e1r nagyobb harm\u00f3ni\u00e1ban v\u00e9gzik az egyes c\u00e9gek a tev\u00e9kenys\u00e9g\u00fcket&#8221;-tette hozz\u00e1 az \u00fcgyvezet\u0151.<\/p>\n<p>A s\u00f3sz\u00f3r\u00f3aut\u00f3k munk\u00e1j\u00e1t egy\u00e9bk\u00e9nt az NHSZ weoldal\u00e1n b\u00e1rki nyomon k\u00f6vetheti. Az alkalmazott s\u00edkoss\u00e1gmentes\u00edt\u00e9st jogszab\u00e1ly \u00edrja el\u0151. Erre -7 fokig m\u00e9g mindig legalkalmasabb a s\u00f3. Fontos tudni, hogy a ker\u00e9kp\u00e1rutakat nem sz\u00f3rj\u00e1k, \u00edgy a bicikliutakat mindenki csak saj\u00e1t felel\u0151ss\u00e9gre haszn\u00e1lja. Most,hogy elolvadt a legt\u00f6bb h\u00f3 \u00e9s csapad\u00e9k sem hullott, v\u00e1rosszerte feh\u00e9rlik az aszfalton a s\u00f3. Ez  nemcsak l\u00e1tv\u00e1ny\u00e1ban rontja az utcak\u00e9pet. A fels\u00f3z\u00e1s nem kedvez a kuty\u00e1knak. A s\u00f3s olvad\u00e9k \u00e9s a kutyatappancs ugyanis nem bar\u00e1tok.<\/p>\n<p>Meger\u0151s\u00edtette ezt a kuty\u00e1j\u00e1t s\u00e9t\u00e1ltat\u00f3 Dobos Zs\u00f3fia is. <\/p>\n<p>-&#8220;Cukik\u00e1t minden nap h\u00e1romszor is le szoktuk hozni s\u00e9t\u00e1lni, mivel sz\u00fcks\u00e9ges a kuty\u00e1knak is elv\u00e9gezni a  dolg\u00e1t \u00e9s mivel hideg van, h\u00f3 van, nagyon s\u00f3zz\u00e1k az utakat, ez\u00e9rt minden nap meg szoktuk mosni a l\u00e1b\u00e1t, hogy ne s\u00e9rtse fel a mancsocsk\u00e1j\u00e1t. &#8211;<\/p>\n<p> L\u00e1bbelinknek sem tesz j\u00f3t a s\u00f3s latyak. \u00c9rzik ezt a cip\u00e9szek is. <\/p>\n<p>-&#8220;A s\u00f3t\u00f3l megkem\u00e9nyedik a b\u0151r , kireped. Egy id\u0151 ut\u00e1n hi\u00e1ba bokszoljuk, \u00e9s \u00e1poljuk \u00e1pol\u00f3szerekkel, akkor is visszaj\u00f6n  a feh\u00e9r folt, ez a s\u00f3z\u00e1snak a k\u00f6vetkezm\u00e9nye&#8221;-mondta el egy cip\u00e9sz. <\/p>\n<p>A s\u00f3s latyak  a csizm\u00e1k, cip\u0151k orr\u00e1t, fels\u0151 r\u00e9sz\u00e9t is b\u00e1ntja. <\/p>\n<p>Furcsa Alfonz cip\u00e9sz:<\/p>\n<p>-&#8220;Mindenk\u00e9ppen jellemz\u0151 a t\u00e9li id\u0151szakra, hogy s\u00f3z\u00e1s ut\u00e1n , hogy 20-30 %-kal megn\u00f6vekszik azoknak a cip\u0151knek a sz\u00e1ma, amelyek fels\u0151r\u00e9sz probl\u00e9m\u00e1val , s\u00f3 kiver\u0151d\u00e9ssel, megl\u00e1tszik a probl\u00e9ma \u00e9s akkor azt jav\u00edtani kell. &#8211;<\/p>\n<p>A t\u00e9l ut\u00e1n visszamaradt s\u00f3, lassan befolyik a csatornaszemekbe, nemcsak az \u00fat menti f\u00e1kat, hanem a k\u00f6rnyezetet is  k\u00e1ros\u00edthatja. Nem v\u00e9letlen, hogy Nyugat-Eur\u00f3p\u00e1ban m\u00e1r alternat\u00edv, k\u00f6rnyezetbar\u00e1t anyagokat haszn\u00e1lnak s\u00edkoss\u00e1gmentes\u00edt\u00e9sre.<br \/>\n<br \/>\n<div style=\"width: 640px;\" class=\"wp-video\"><!--[if lt IE 9]><script>document.createElement('video');<\/script><![endif]-->\n<video class=\"wp-video-shortcode\" id=\"video-8156-1\" width=\"640\" height=\"360\" preload=\"metadata\" controls=\"controls\"><source type=\"video\/mp4\" src=\"\/spots\/hir\/hir_180206_02.mp4?_=1\" \/><a href=\"\/spots\/hir\/hir_180206_02.mp4\">\/spots\/hir\/hir_180206_02.mp4<\/a><\/video><\/div><\/p>\n","protected":false},"excerpt":{"rendered":"<p>S\u00f3cs\u00edk az utc\u00e1kon, utakon, j\u00e1rd\u00e1kon. Kutya \u00e9s cip\u0151. Mindez egym\u00e1ssal szoros \u00f6sszef\u00fcgg\u00e9sben. A t\u00e9li csapad\u00e9k , legyen az es\u0151 vagy h\u00f3 ugyanis r\u00e1fagy az utakra, j\u00e1rd\u00e1kra. A jogszab\u00e1ly szerint mind a keretszerz\u0151d\u00e9ssel rendelkez\u0151 szolg\u00e1ltat\u00f3nak, mind a h\u00e1zak int\u00e9zm\u00e9nyek tulajdonosainak gondoskodniuk kell a cs\u00fasz\u00e1smentes\u00edt\u00e9sr\u0151l. Ez leggyakrabban s\u00f3val t\u00f6rt\u00e9nik. Lits L\u00e1szl\u00f3 \u00fcgyvezet\u0151, NHSZSzolnok K\u00f6zszolg\u00e1ltat\u00f3 Nonprofit Kft. : [&hellip;]<\/p>\n","protected":false},"author":2,"featured_media":0,"comment_status":"closed","ping_status":"closed","sticky":false,"template":"","format":"standard","meta":[],"categories":[9],"tags":[],"_links":{"self":[{"href":"http:\/\/archiv.szolnoktv.hu\/index.php?rest_route=\/wp\/v2\/posts\/8156"}],"collection":[{"href":"http:\/\/archiv.szolnoktv.hu\/index.php?rest_route=\/wp\/v2\/posts"}],"about":[{"href":"http:\/\/archiv.szolnoktv.hu\/index.php?rest_route=\/wp\/v2\/types\/post"}],"author":[{"embeddable":true,"href":"http:\/\/archiv.szolnoktv.hu\/index.php?rest_route=\/wp\/v2\/users\/2"}],"replies":[{"embeddable":true,"href":"http:\/\/archiv.szolnoktv.hu\/index.php?rest_route=%2Fwp%2Fv2%2Fcomments&post=8156"}],"version-history":[{"count":1,"href":"http:\/\/archiv.szolnoktv.hu\/index.php?rest_route=\/wp\/v2\/posts\/8156\/revisions"}],"predecessor-version":[{"id":8201,"href":"http:\/\/archiv.szolnoktv.hu\/index.php?rest_route=\/wp\/v2\/posts\/8156\/revisions\/8201"}],"wp:attachment":[{"href":"http:\/\/archiv.szolnoktv.hu\/index.php?rest_route=%2Fwp%2Fv2%2Fmedia&parent=8156"}],"wp:term":[{"taxonomy":"category","embeddable":true,"href":"http:\/\/archiv.szolnoktv.hu\/index.php?rest_route=%2Fwp%2Fv2%2Fcategories&post=8156"},{"taxonomy":"post_tag","embeddable":true,"href":"http:\/\/archiv.szolnoktv.hu\/index.php?rest_route=%2Fwp%2Fv2%2Ftags&post=8156"}],"curies":[{"name":"wp","href":"https:\/\/api.w.org\/{rel}","templated":true}]}}