{"id":8155,"date":"2018-02-06T16:31:47","date_gmt":"2018-02-06T16:31:47","guid":{"rendered":"http:\/\/archiv.szolnoktv.hu\/?p=8155"},"modified":"2021-08-13T18:28:46","modified_gmt":"2021-08-13T18:28:46","slug":"bemutato-orak-a-liget-uti-keszsegfejleszto-iskolaban","status":"publish","type":"post","link":"http:\/\/archiv.szolnoktv.hu\/?p=8155","title":{"rendered":"Bemutat\u00f3 \u00f3r\u00e1k a Liget \u00fati K\u00e9szs\u00e9gfejleszt\u0151 iskol\u00e1ban"},"content":{"rendered":"<div class='booster-block booster-read-block'><\/div><p>Az egys\u00e9ges gy\u00f3gypedag\u00f3giai int\u00e9zm\u00e9nyben enyhe, k\u00f6z\u00e9ps\u00falyos, nagyon s\u00falyos, halmozottan \u00e9rtelmi fogyat\u00e9kos, valamint autista gyerekeket fogadnak. A ny\u00edlt tan\u00edt\u00e1si \u00f3r\u00e1k c\u00e9lja, hogy a sz\u00fcl\u0151k \u00e9s k\u00fcls\u0151s pedag\u00f3gusok is \u00edzel\u00edt\u0151t kapjanak, hogy milyen m\u00f3dszerek, eszk\u00f6z\u00f6k \u00e1ltal fejlesztik a di\u00e1kokat. Hajnal Ferenc, az iskola vezet\u0151je kiemelte: olyan ismeretek elsaj\u00e1t\u00edt\u00e1s\u00e1t szorgalmazz\u00e1k a gyerekekn\u00e9l, melyek a mindennapi \u00e9let k\u00f6nny\u00edt\u00e9s\u00e9ben, s esetlegesen munkahelyen t\u00f6rt\u00e9n\u0151 elhelyezked\u00e9sben ny\u00fajtanak seg\u00edts\u00e9get.<br \/>-Mivel \u0151k ah\u00e1nyan vannak, annyi egy\u00e9nis\u00e9g, annyi k\u00e9pess\u00e9g. \u00d5ket ennek megfelel\u0151en kell fejleszten\u00fcnk. Pontosan az\u00e9rt, hogy mindenkib\u0151l -lehet\u0151s\u00e9gk\u00e9ppen-hozzuk ki azt a maximumot, amit ki lehet. Azokat a k\u00e9pess\u00e9geket, r\u00e9szk\u00e9pess\u00e9geket ragadjuk meg, ami \u00e1ltal \u0151k ki tudnak teljesedni. Mindenkinek szeretn\u00e9nk valamif\u00e9le sikert ny\u00fajtani az \u00e9letbe, hisz mindenki \u00fagy boldog, ha egy sikeres ember lehet.&#8221;<br \/> Az elm\u00e9leti \u00f3r\u00e1k ma a farsangi n\u00e9pszok\u00e1sokr\u00f3l \u00e9s az \u00e9ttermi kommunik\u00e1ci\u00f3r\u00f3l sz\u00f3ltak. Bozs\u00f3 Krisztina gy\u00f3gypedag\u00f3gus, sz\u00f3l\u00e1sokr\u00f3l \u00e9s tulajdons\u00e1gokr\u00f3l tartott \u00f3r\u00e1t.<br \/>-\u00c1llatokhoz kerest\u00fcnk tulajdons\u00e1gokat, majd sz\u00f3l\u00e1sokba foglaltuk \u0151ket, amit a k\u00f6znyelvben haszn\u00e1lunk, mint p\u00e9ld\u00e1ul: lass\u00fa mint egy csiga, \u00e9hes mint a farkas. Ilyeneket alkottunk \u00e9s le kellett \u00edrniuk. Volt, aki le tudta \u00edrta \u00f6n\u00e1ll\u00f3an, mert el is tudja olvasni, de volt, aki csak \u00e1t\u00edrta a mondatokat, mert nem ismeri a bet\u0171ket.&#8221;<br \/>A szakiskola 9. \u00e9s 10. \u00e9vfolyam\u00e1n elm\u00e9leti el\u0151k\u00e9sz\u00edt\u0151, majd a 11. \u00e9s 12. \u00e9vfolyamon az \u00f6n\u00e1ll\u00f3 \u00e9letvezet\u00e9sre val\u00f3 felk\u00e9sz\u00edt\u00e9s t\u00f6rt\u00e9nik. A k\u00e9pz\u00e9s speci\u00e1lis saj\u00e1toss\u00e1ga, hogy els\u0151sorban tev\u00e9kenys\u00e9gbe \u00e1gyazott tud\u00e1sszerz\u00e9s \u00fatj\u00e1n saj\u00e1t\u00edtj\u00e1k el az ismereteket a di\u00e1kok. Az int\u00e9zm\u00e9ny di\u00e1kjai jelenleg 7 k\u00fcl\u00f6nb\u00f6z\u0151 szakk\u00e9pz\u00e9sben vehetnek r\u00e9szt. Egyebek mellett m\u00e9zeskal\u00e1cs s\u00fct\u0151nek, sz\u00f6v\u00f6tt t\u00e1rgy k\u00e9sz\u00edt\u0151nek \u00e9s park\u00e1pol\u00f3nak is tanulhatnak.<br \/>A v\u00e9gz\u0151s\u00f6k a szakiskola munkak\u00f6z\u00f6ss\u00e9ge \u00e1ltal \u00f6ssze\u00e1ll\u00edtott tematika alapj\u00e1n vizsg\u00e1t tesznek. A di\u00e1kok 27 \u00e9ves korukig ak\u00e1r t\u00f6bb szakk\u00e9pes\u00edt\u00e9st is szerezhetnek az int\u00e9zm\u00e9ny keretein bel\u00fcl. A k\u00e9pz\u00e9s sikeres teljes\u00edt\u00e9se eset\u00e9n speci\u00e1lis szakiskolai bizony\u00edtv\u00e1nyt kapnak.<\/p>\n<div style=\"width: 640px;\" class=\"wp-video\"><!--[if lt IE 9]><script>document.createElement('video');<\/script><![endif]-->\n<video class=\"wp-video-shortcode\" id=\"video-8155-1\" width=\"640\" height=\"360\" preload=\"metadata\" controls=\"controls\"><source type=\"video\/mp4\" src=\"\/spots\/hir\/hir_180206_01.mp4?_=1\" \/><a href=\"\/spots\/hir\/hir_180206_01.mp4\">\/spots\/hir\/hir_180206_01.mp4<\/a><\/video><\/div>\n","protected":false},"excerpt":{"rendered":"<p>Az egys\u00e9ges gy\u00f3gypedag\u00f3giai int\u00e9zm\u00e9nyben enyhe, k\u00f6z\u00e9ps\u00falyos, nagyon s\u00falyos, halmozottan \u00e9rtelmi fogyat\u00e9kos, valamint autista gyerekeket fogadnak. A ny\u00edlt tan\u00edt\u00e1si \u00f3r\u00e1k c\u00e9lja, hogy a sz\u00fcl\u0151k \u00e9s k\u00fcls\u0151s pedag\u00f3gusok is \u00edzel\u00edt\u0151t kapjanak, hogy milyen m\u00f3dszerek, eszk\u00f6z\u00f6k \u00e1ltal fejlesztik a di\u00e1kokat. Hajnal Ferenc, az iskola vezet\u0151je kiemelte: olyan ismeretek elsaj\u00e1t\u00edt\u00e1s\u00e1t szorgalmazz\u00e1k a gyerekekn\u00e9l, melyek a mindennapi \u00e9let k\u00f6nny\u00edt\u00e9s\u00e9ben, s [&hellip;]<\/p>\n","protected":false},"author":2,"featured_media":0,"comment_status":"closed","ping_status":"closed","sticky":false,"template":"","format":"standard","meta":[],"categories":[9],"tags":[],"_links":{"self":[{"href":"http:\/\/archiv.szolnoktv.hu\/index.php?rest_route=\/wp\/v2\/posts\/8155"}],"collection":[{"href":"http:\/\/archiv.szolnoktv.hu\/index.php?rest_route=\/wp\/v2\/posts"}],"about":[{"href":"http:\/\/archiv.szolnoktv.hu\/index.php?rest_route=\/wp\/v2\/types\/post"}],"author":[{"embeddable":true,"href":"http:\/\/archiv.szolnoktv.hu\/index.php?rest_route=\/wp\/v2\/users\/2"}],"replies":[{"embeddable":true,"href":"http:\/\/archiv.szolnoktv.hu\/index.php?rest_route=%2Fwp%2Fv2%2Fcomments&post=8155"}],"version-history":[{"count":1,"href":"http:\/\/archiv.szolnoktv.hu\/index.php?rest_route=\/wp\/v2\/posts\/8155\/revisions"}],"predecessor-version":[{"id":8202,"href":"http:\/\/archiv.szolnoktv.hu\/index.php?rest_route=\/wp\/v2\/posts\/8155\/revisions\/8202"}],"wp:attachment":[{"href":"http:\/\/archiv.szolnoktv.hu\/index.php?rest_route=%2Fwp%2Fv2%2Fmedia&parent=8155"}],"wp:term":[{"taxonomy":"category","embeddable":true,"href":"http:\/\/archiv.szolnoktv.hu\/index.php?rest_route=%2Fwp%2Fv2%2Fcategories&post=8155"},{"taxonomy":"post_tag","embeddable":true,"href":"http:\/\/archiv.szolnoktv.hu\/index.php?rest_route=%2Fwp%2Fv2%2Ftags&post=8155"}],"curies":[{"name":"wp","href":"https:\/\/api.w.org\/{rel}","templated":true}]}}