{"id":8153,"date":"2018-02-05T16:17:09","date_gmt":"2018-02-05T16:17:09","guid":{"rendered":"http:\/\/archiv.szolnoktv.hu\/?p=8153"},"modified":"2021-08-13T18:28:46","modified_gmt":"2021-08-13T18:28:46","slug":"levertek-a-fecskefeszkeket-a-tisza-szallo-arkadjanal-2","status":"publish","type":"post","link":"http:\/\/archiv.szolnoktv.hu\/?p=8153","title":{"rendered":"Levert\u00e9k a fecskef\u00e9szkeket a Tisza Sz\u00e1ll\u00f3 \u00e1rk\u00e1dj\u00e1n\u00e1l"},"content":{"rendered":"<div class='booster-block booster-read-block'><\/div><p>A Term\u00e9szet B\u00e9k\u00e9j\u00e9nek K\u00f6vetei Egyes\u00fclet eln\u00f6ke a szolnoki Tisza Sz\u00e1ll\u00f3hoz szervezett sajt\u00f3t\u00e1j\u00e9koztat\u00f3n sz\u00e1molt be szervezete valamint  mag\u00e1nszem\u00e9lyek felh\u00e1borod\u00e1s\u00e1r\u00f3l. Az egyes\u00fclet tagjai vett\u00e9k \u00e9szre, hogy t\u00f6bb mint h\u00fasz moln\u00e1rfecskef\u00e9szket vertek le ismeretlenek a sz\u00e1lloda \u00e1rk\u00e1dja alatt. <\/p>\n<p>-24 darab fecskef\u00e9szket vertek le, teljesen \u00e9p f\u00e9szkeket., ami r\u00e1ad\u00e1sul nem is szennyezett, mert a pelusok ott vannak, viszont amiben verebek vannak, amit meg lehetett volna \u00e9rteni, ha leverik, azt nem b\u00e1ntott\u00e1k.&#8221;  <\/p>\n<p> Hetrovicz B. Gy\u00f6rgy  azt mondta, a Tisza Sz\u00e1ll\u00f3 kor\u00e1bbi tulajdonosa nem b\u00e1ntotta a hozz\u00e1juk bef\u00e9szkelt moln\u00e1rfecsketelepet, \u00e9s arra is \u00fcgyelt, m\u00e1sokat se zavarjanak a madarak. Az \u00fcr\u00fcl\u00e9kek lepotyog\u00e1s\u00e1t megakad\u00e1lyozva gu\u00e1n\u00f3ed\u00e9nyeket, szakmai kifejez\u00e9ssel -fecskepelenk\u00e1kat&#8221; szereltetett fel a s\u00e1rod\u00fak al\u00e1. Az eln\u00f6k elmond\u00e1sa szerint az elm\u00falt hatvan \u00e9vben senkit nem zavart a telep, kiv\u00e9ve a mostani tulajdonosokat. <\/p>\n<p>-Legyen meg aki ezt csin\u00e1lta, \u00e9s s\u00falyos b\u00fcntet\u00e9sre sz\u00e1m\u00edtunk a t\u00f6rv\u00e9ny r\u00e9sz\u00e9r\u0151l, mert ha valami term\u00e9szetk\u00e1ros\u00edt\u00e1s, akkor ez vastagon az. &#8211;<\/p>\n<p>A vonatkoz\u00f3 t\u00f6rv\u00e9ny szerint, aki k\u00e9tsz\u00e1z\u00f6tvenezer forintot meghalad\u00f3 madarat puszt\u00edt el, m\u00e9g \u00fagy is, hogy k\u00f6lt\u0151hely\u00e9t teszi t\u00f6nkre, b\u0171ncselekm\u00e9nyt k\u00f6vet el.  Hetrovicz B. Gy\u00f6rgy szerint egy f\u00e9szekben a sz\u00fcl\u0151k\u00f6n k\u00edv\u00fcl legal\u00e1bb n\u00e9gy fi\u00f3ka tal\u00e1lta meg a biztons\u00e1got.  Megkerest\u00fck a Tisza Sz\u00e1ll\u00f3 tulajdonos\u00e1t is. A sz\u00e1lloda vezet\u0151s\u00e9ge cs\u00fct\u00f6rt\u00f6kre \u00edg\u00e9rt b\u0151vebb t\u00e1j\u00e9koztat\u00e1st a levert fecskef\u00e9szkekkel kapcsolatban. <\/p>\n<div style=\"width: 640px;\" class=\"wp-video\"><!--[if lt IE 9]><script>document.createElement('video');<\/script><![endif]-->\n<video class=\"wp-video-shortcode\" id=\"video-8153-1\" width=\"640\" height=\"360\" preload=\"metadata\" controls=\"controls\"><source type=\"video\/mp4\" src=\"\/spots\/hir\/hir_180205_07.mp4?_=1\" \/><a href=\"\/spots\/hir\/hir_180205_07.mp4\">\/spots\/hir\/hir_180205_07.mp4<\/a><\/video><\/div>\n","protected":false},"excerpt":{"rendered":"<p>A Term\u00e9szet B\u00e9k\u00e9j\u00e9nek K\u00f6vetei Egyes\u00fclet eln\u00f6ke a szolnoki Tisza Sz\u00e1ll\u00f3hoz szervezett sajt\u00f3t\u00e1j\u00e9koztat\u00f3n sz\u00e1molt be szervezete valamint mag\u00e1nszem\u00e9lyek felh\u00e1borod\u00e1s\u00e1r\u00f3l. Az egyes\u00fclet tagjai vett\u00e9k \u00e9szre, hogy t\u00f6bb mint h\u00fasz moln\u00e1rfecskef\u00e9szket vertek le ismeretlenek a sz\u00e1lloda \u00e1rk\u00e1dja alatt. -24 darab fecskef\u00e9szket vertek le, teljesen \u00e9p f\u00e9szkeket., ami r\u00e1ad\u00e1sul nem is szennyezett, mert a pelusok ott vannak, viszont amiben [&hellip;]<\/p>\n","protected":false},"author":2,"featured_media":0,"comment_status":"closed","ping_status":"closed","sticky":false,"template":"","format":"standard","meta":[],"categories":[9],"tags":[],"_links":{"self":[{"href":"http:\/\/archiv.szolnoktv.hu\/index.php?rest_route=\/wp\/v2\/posts\/8153"}],"collection":[{"href":"http:\/\/archiv.szolnoktv.hu\/index.php?rest_route=\/wp\/v2\/posts"}],"about":[{"href":"http:\/\/archiv.szolnoktv.hu\/index.php?rest_route=\/wp\/v2\/types\/post"}],"author":[{"embeddable":true,"href":"http:\/\/archiv.szolnoktv.hu\/index.php?rest_route=\/wp\/v2\/users\/2"}],"replies":[{"embeddable":true,"href":"http:\/\/archiv.szolnoktv.hu\/index.php?rest_route=%2Fwp%2Fv2%2Fcomments&post=8153"}],"version-history":[{"count":1,"href":"http:\/\/archiv.szolnoktv.hu\/index.php?rest_route=\/wp\/v2\/posts\/8153\/revisions"}],"predecessor-version":[{"id":8204,"href":"http:\/\/archiv.szolnoktv.hu\/index.php?rest_route=\/wp\/v2\/posts\/8153\/revisions\/8204"}],"wp:attachment":[{"href":"http:\/\/archiv.szolnoktv.hu\/index.php?rest_route=%2Fwp%2Fv2%2Fmedia&parent=8153"}],"wp:term":[{"taxonomy":"category","embeddable":true,"href":"http:\/\/archiv.szolnoktv.hu\/index.php?rest_route=%2Fwp%2Fv2%2Fcategories&post=8153"},{"taxonomy":"post_tag","embeddable":true,"href":"http:\/\/archiv.szolnoktv.hu\/index.php?rest_route=%2Fwp%2Fv2%2Ftags&post=8153"}],"curies":[{"name":"wp","href":"https:\/\/api.w.org\/{rel}","templated":true}]}}