{"id":8152,"date":"2018-02-05T15:04:30","date_gmt":"2018-02-05T15:04:30","guid":{"rendered":"http:\/\/archiv.szolnoktv.hu\/?p=8152"},"modified":"2021-08-13T18:28:46","modified_gmt":"2021-08-13T18:28:46","slug":"rakellenes-vilagnapi-rendezveny","status":"publish","type":"post","link":"http:\/\/archiv.szolnoktv.hu\/?p=8152","title":{"rendered":"R\u00e1kellenes vil\u00e1gnapi rendezv\u00e9ny<br>"},"content":{"rendered":"<div class='booster-block booster-read-block'><\/div><p>-Nagyon \u00f6r\u00fcl\u00f6k, hogy ennyien elj\u00f6ttek erre a rendezv\u00e9nyre, azt is tudom, hogy minden olyan rendezv\u00e9nyre, ami az eg\u00e9szs\u00e9gr\u0151l, a megel\u0151z\u00e9sr\u0151l sz\u00f3l, \u00d6n\u00f6k \u00e9lharcosk\u00e9nt ott vannak.&#8221;<\/p>\n<p>K\u00f6sz\u00f6nt\u00f6tte a megjelenteket Dr. Bene Ildik\u00f3 orsz\u00e1ggy\u0171l\u00e9si k\u00e9pvisel\u0151. Magyarorsz\u00e1gon mintegy 300 ezer daganatos beteg \u00e9l. Az \u00faj megbeteged\u00e9sek sz\u00e1ma 60 ezerre tehet\u0151. Az ehhez k\u00f6thet\u0151 elhal\u00e1loz\u00e1sok sz\u00e1ma pedig k\u00f6r\u00fclbel\u00fcl 30-40 ezer. A leggyakoribb betegs\u00e9gek a t\u00fcd\u0151-, mell-, \u00e9s a vastagb\u00e9l daganatok. A r\u00e1k kialakul\u00e1s\u00e1nak val\u00f3sz\u00edn\u0171s\u00e9g\u00e9t az eg\u00e9szs\u00e9ges \u00e9letm\u00f3d nagyban cs\u00f6kkentheti.<\/p>\n<p>-A prevenci\u00f3r\u00f3l nagyon sokat besz\u00e9l\u00fcnk. Egy olyan vil\u00e1got \u00e9l\u00fcnk ma, ahol  &#8211;   kis t\u00falz\u00e1ssal sz\u00f3val- a csapb\u00f3l is ez folyik. Teh\u00e1t, ha valaki szeretne eg\u00e9szs\u00e9gtudatos \u00e9letm\u00f3dot folytatni, akkor kap hozz\u00e1 seg\u00edts\u00e9get \u00fajs\u00e1gokban, t\u00e9v\u00e9kben, foly\u00f3iratokban stb. De egy dolog, amir\u0151l olvasunk, hallunk, l\u00e1tunk \u00e9s egy m\u00e1sik dolog amit \u00e1t\u00fcltet\u00fcnk a gyakorlatba, \u00e9s ebben sajnos nem j\u00e1runk \u00e9len. S\u0151t. A nyugat-eur\u00f3pai orsz\u00e1gokhoz k\u00e9pest elmaradt Magyarorsz\u00e1g ilyen ter\u00fcleten \u00e9s azt is kiemeln\u00e9m, hogy a sz\u0171r\u00e9seken val\u00f3 r\u00e9szv\u00e9tel rendk\u00edv\u00fcl gy\u00e9r sajnos. Teh\u00e1t ez is hozz\u00e1 tartozik az eg\u00e9szs\u00e9gtudatos \u00e9letm\u00f3dhoz \u00e9s ebben is lenne mit fejl\u0151dn\u00fcnk.&#8221; -nyilatkozta Dr. Szab\u00f3 J\u00e1nos, a R\u00e1kbetegek Orsz\u00e1gos Szervezet\u00e9nek eln\u00f6ke.<\/p>\n<p>A n\u0151kre az egyik legnagyobb vesz\u00e9lyt a human papilloma v\u00edrus okozta m\u00e9hnyakr\u00e1k jelenti. A rendezv\u00e9nyen ennek megel\u0151z\u00e9s\u00e9r\u0151l \u00e9s kezel\u00e9s\u00e9nek lehets\u00e9ges m\u00f3djair\u00f3l Dr. \u00dari-Szab\u00f3 K\u00e1roly, a Het\u00e9nyi G\u00e9za K\u00f3rh\u00e1z n\u0151gy\u00f3gy\u00e1sz f\u0151orvosa tartott el\u0151ad\u00e1st.<br \/>-\u00c9n k\u00f6r\u00fclbel\u00fcl 40 \u00e9vvel ezel\u0151tt fejeztem be az orvosi egyetemet \u00e9s akkor h\u00edre volt, hogy a v\u00edrusoknak van valami k\u00f6ze a daganatos megbeteged\u00e9sekhez. El\u00e9g hossz\u00fa id\u0151 eltelt, amikor m\u00e1r bizonyoss\u00e1gk\u00e9nt jelentkezett ez: hogy igen is, a v\u00edrusoknak van k\u00f6ze a daganatos megbeteged\u00e9sekhez \u00e9s ma m\u00e1r ott tartunk, hogy olyan 27 \u00e9s 30% k\u00f6z\u00f6tt jelzik, hogy a v\u00edrus okozza a daganatos megbeteged\u00e9seket.&#8221;<\/p>\n<p> Magyarorsz\u00e1gon a sz\u00edv-\u00e9s \u00e9rrendszeri betegs\u00e9gek ut\u00e1n a daganatos megbeteged\u00e9sek sz\u00e1m\u00edtanak f\u0151 hal\u00e1l oknak. Ez\u00e9rt a mai rendezv\u00e9ny legfontosabb \u00fczenete a prevenci\u00f3 hangs\u00falyoz\u00e1sa. A betegs\u00e9get el\u0151id\u00e9z\u0151 rizik\u00f3faktorok: az alkohol, a doh\u00e1nyz\u00e1s, a tests\u00falyn\u00f6veked\u00e9s, a helytelen t\u00e1pl\u00e1lkoz\u00e1s, a stressz \u00e9s a mozg\u00e1shi\u00e1ny. Az orvosszakma aj\u00e1nl\u00e1sa szerint minden nap t\u00edzezer l\u00e9p\u00e9st kellene megtenni, ami nagyj\u00e1b\u00f3l 6 \u00e9s f\u00e9l kilom\u00e9tert jelent. 2018-ban a Magyar R\u00e1kellenes Liga meghirdeti a mozg\u00e1s \u00e9v\u00e9t. -\u00d6r\u00f6kmozg\u00f3 kilom\u00e9tergy\u0171jt\u0151 programjuk&#8221; keret\u00e9ben, arra b\u00e1tor\u00edtanak mindenkit, hogy gyalogoljon, biciklizzen, \u00fasszon. Ki-ki saj\u00e1t k\u00e9pess\u00e9ge \u00e9s lehet\u0151s\u00e9ge szerint. Ennek megfelel\u0151en a Liga sz\u00e1mos ilyen jelleg\u0171 rendezv\u00e9nyt szervez az id\u00e9n.<\/p>\n<div style=\"width: 640px;\" class=\"wp-video\"><!--[if lt IE 9]><script>document.createElement('video');<\/script><![endif]-->\n<video class=\"wp-video-shortcode\" id=\"video-8152-1\" width=\"640\" height=\"360\" preload=\"metadata\" controls=\"controls\"><source type=\"video\/mp4\" src=\"\/spots\/hir\/hir_180205_05.mp4?_=1\" \/><a href=\"\/spots\/hir\/hir_180205_05.mp4\">\/spots\/hir\/hir_180205_05.mp4<\/a><\/video><\/div>\n","protected":false},"excerpt":{"rendered":"<p>-Nagyon \u00f6r\u00fcl\u00f6k, hogy ennyien elj\u00f6ttek erre a rendezv\u00e9nyre, azt is tudom, hogy minden olyan rendezv\u00e9nyre, ami az eg\u00e9szs\u00e9gr\u0151l, a megel\u0151z\u00e9sr\u0151l sz\u00f3l, \u00d6n\u00f6k \u00e9lharcosk\u00e9nt ott vannak.&#8221; K\u00f6sz\u00f6nt\u00f6tte a megjelenteket Dr. Bene Ildik\u00f3 orsz\u00e1ggy\u0171l\u00e9si k\u00e9pvisel\u0151. Magyarorsz\u00e1gon mintegy 300 ezer daganatos beteg \u00e9l. Az \u00faj megbeteged\u00e9sek sz\u00e1ma 60 ezerre tehet\u0151. Az ehhez k\u00f6thet\u0151 elhal\u00e1loz\u00e1sok sz\u00e1ma pedig k\u00f6r\u00fclbel\u00fcl 30-40 [&hellip;]<\/p>\n","protected":false},"author":2,"featured_media":0,"comment_status":"closed","ping_status":"closed","sticky":false,"template":"","format":"standard","meta":[],"categories":[9],"tags":[],"_links":{"self":[{"href":"http:\/\/archiv.szolnoktv.hu\/index.php?rest_route=\/wp\/v2\/posts\/8152"}],"collection":[{"href":"http:\/\/archiv.szolnoktv.hu\/index.php?rest_route=\/wp\/v2\/posts"}],"about":[{"href":"http:\/\/archiv.szolnoktv.hu\/index.php?rest_route=\/wp\/v2\/types\/post"}],"author":[{"embeddable":true,"href":"http:\/\/archiv.szolnoktv.hu\/index.php?rest_route=\/wp\/v2\/users\/2"}],"replies":[{"embeddable":true,"href":"http:\/\/archiv.szolnoktv.hu\/index.php?rest_route=%2Fwp%2Fv2%2Fcomments&post=8152"}],"version-history":[{"count":1,"href":"http:\/\/archiv.szolnoktv.hu\/index.php?rest_route=\/wp\/v2\/posts\/8152\/revisions"}],"predecessor-version":[{"id":8205,"href":"http:\/\/archiv.szolnoktv.hu\/index.php?rest_route=\/wp\/v2\/posts\/8152\/revisions\/8205"}],"wp:attachment":[{"href":"http:\/\/archiv.szolnoktv.hu\/index.php?rest_route=%2Fwp%2Fv2%2Fmedia&parent=8152"}],"wp:term":[{"taxonomy":"category","embeddable":true,"href":"http:\/\/archiv.szolnoktv.hu\/index.php?rest_route=%2Fwp%2Fv2%2Fcategories&post=8152"},{"taxonomy":"post_tag","embeddable":true,"href":"http:\/\/archiv.szolnoktv.hu\/index.php?rest_route=%2Fwp%2Fv2%2Ftags&post=8152"}],"curies":[{"name":"wp","href":"https:\/\/api.w.org\/{rel}","templated":true}]}}