{"id":8151,"date":"2018-02-05T15:01:28","date_gmt":"2018-02-05T15:01:28","guid":{"rendered":"http:\/\/archiv.szolnoktv.hu\/?p=8151"},"modified":"2021-08-13T18:28:47","modified_gmt":"2021-08-13T18:28:47","slug":"a-szolnoki-lett-az-ev-leveltara","status":"publish","type":"post","link":"http:\/\/archiv.szolnoktv.hu\/?p=8151","title":{"rendered":"A szolnoki lett -Az \u00e9v lev\u00e9lt\u00e1ra&#8221;"},"content":{"rendered":"<div class='booster-block booster-read-block'><\/div><p>A Magyar Nemzeti JNSZ\u00a0Megyei Lev\u00e9lt\u00e1ra az \u00c9v lev\u00e9lt\u00e1ra d\u00edj 2017 elismer\u00e9st kapta. A d\u00edjat a Magyar Lev\u00e9lt\u00e1rosok Egyes\u00fclete alap\u00edtotta, a kapcsol\u00f3d\u00f3 p\u00e1ly\u00e1zatot a Nyitott Lev\u00e9lt\u00e1rak programsorozatban id\u00e9n hatodik alkalommal hirdette meg. Az elismer\u00e9s a kiemelked\u0151 szakmai tev\u00e9kenys\u00e9get folytat\u00f3 lev\u00e9lt\u00e1ri int\u00e9zm\u00e9nyek elismer\u00e9s\u00e9t szolg\u00e1lja. <\/p>\n<p>-A mostani d\u00edjazott a Magyar Lev\u00e9lt\u00e1r JNSZ Megyei Lev\u00e9lt\u00e1ra, teljes m\u00e9rt\u00e9kben meg\u00e9rdemelten, kiemelked\u0151 p\u00e1ly\u00e1zatot ny\u00fajtott be, \u00e9s a p\u00e1ly\u00e1zatnak nem az a r\u00e9sze a fontos, hogy hogyan \u00edrjuk meg, hanem az a t\u00f6bb \u00e9vtizedes szakmai tev\u00e9kenys\u00e9g, ami itt zajlik, ennek az elismer\u00e9se a mostani d\u00edj.&#8221; &#8211; mondta Kenyeres Istv\u00e1n, eln\u00f6k. <\/p>\n<p>Az 1876 \u00f3ta m\u0171k\u00f6d\u0151 megyei lev\u00e9lt\u00e1r most \u00e9li egyik legpezsg\u0151bb id\u0151szak\u00e1t -fogalmazott  Dr. K\u00e1llai M\u00e1ria megyei korm\u00e1nymegb\u00edzott, aki  \u00fcnnepi besz\u00e9d\u00e9ben a szolnoki lev\u00e9lt\u00e1rosok munk\u00e1j\u00e1t is m\u00e9ltatta. <\/p>\n<p>-Nemcsak eml\u00e9kek t\u00e1rh\u00e1za, hanem nagyon sok olyan szem\u00e9lyes kapcsol\u00f3d\u00e1s\u00e9 \u00e9s ahogy hallottuk csal\u00e1df\u00e1k kider\u00edt\u00e9se, a r\u00e9gm\u00falt esem\u00e9nyeinek felder\u00edt\u00e9s\u00e9ig abszol\u00fat teljes k\u00e9pet kaphatunk sz\u00fcl\u0151v\u00e1rosunk, de az eg\u00e9sz megy\u00e9nk m\u00faltj\u00e1r\u00f3l \u00e9s az egykoron itt \u00e9l\u0151 emberek \u00e9let\u00e9r\u0151l is.&#8221; <\/p>\n<p>A JNSZ Megyei Lev\u00e9lt\u00e1r orsz\u00e1gosan kiemelked\u0151  szakmai munka ter\u00e9n. Az elm\u00falt id\u0151szakban sz\u00e1mos k\u00f6tetet jelentetett meg, melyek k\u00fcl\u00f6nb\u00f6z\u0151 ter\u00fcleteket fednek le. N\u00e9pszer\u0171 a Lev\u00e9lt\u00e1ri est\u00e9k c\u00edm\u0171 rendezv\u00e9ny\u00fck, emellett t\u00f6bb tematikus programot, pedag\u00f3giai foglalkoz\u00e1sokat szerveznek di\u00e1kok sz\u00e1m\u00e1ra. <\/p>\n<p>-Nagyon \u00f6r\u00fclt\u00fcnk ennek az elismer\u00e9snek, hisz az egyes\u00fclet ezzel t\u00f6bb \u00e9ves munk\u00e1nkat ismerte el. Ez a d\u00edj l\u00e9nyeg\u00e9ben minden munkater\u00fcletet \u00e9rint, a technikai dolgoz\u00f3t\u00f3l kezdve a szakmai munk\u00e1n \u00e1t eg\u00e9szen a tudom\u00e1nyos munk\u00e1ig.&#8221; &#8211; mondta Horv\u00e1th Gerg\u0151, igazgat\u00f3helyettes. <\/p>\n<p> Az \u00e9v lev\u00e9lt\u00e1ra d\u00edjat  a szolnokin k\u00edv\u00fcl eddig \u00f6t int\u00e9zm\u00e9ny: a f\u0151v\u00e1rosi, a Szabolcs-Szatm\u00e1r-Bereg \u00e9s a Hajd\u00fa-Bihar Megyei valamint a veszpr\u00e9mi lev\u00e9lt\u00e1r kapta. A Magyar Lev\u00e9lt\u00e1rosok Egyes\u00fclete febru\u00e1r v\u00e9g\u00e9n az \u00e9v lev\u00e9lt\u00e1ri kiadv\u00e1nyait jutalmazza majd. <\/p>\n<div style=\"width: 640px;\" class=\"wp-video\"><!--[if lt IE 9]><script>document.createElement('video');<\/script><![endif]-->\n<video class=\"wp-video-shortcode\" id=\"video-8151-1\" width=\"640\" height=\"360\" preload=\"metadata\" controls=\"controls\"><source type=\"video\/mp4\" src=\"\/spots\/hir\/hir_180205_02.mp4?_=1\" \/><a href=\"\/spots\/hir\/hir_180205_02.mp4\">\/spots\/hir\/hir_180205_02.mp4<\/a><\/video><\/div>\n","protected":false},"excerpt":{"rendered":"<p>A Magyar Nemzeti JNSZ\u00a0Megyei Lev\u00e9lt\u00e1ra az \u00c9v lev\u00e9lt\u00e1ra d\u00edj 2017 elismer\u00e9st kapta. A d\u00edjat a Magyar Lev\u00e9lt\u00e1rosok Egyes\u00fclete alap\u00edtotta, a kapcsol\u00f3d\u00f3 p\u00e1ly\u00e1zatot a Nyitott Lev\u00e9lt\u00e1rak programsorozatban id\u00e9n hatodik alkalommal hirdette meg. Az elismer\u00e9s a kiemelked\u0151 szakmai tev\u00e9kenys\u00e9get folytat\u00f3 lev\u00e9lt\u00e1ri int\u00e9zm\u00e9nyek elismer\u00e9s\u00e9t szolg\u00e1lja. -A mostani d\u00edjazott a Magyar Lev\u00e9lt\u00e1r JNSZ Megyei Lev\u00e9lt\u00e1ra, teljes m\u00e9rt\u00e9kben meg\u00e9rdemelten, kiemelked\u0151 [&hellip;]<\/p>\n","protected":false},"author":2,"featured_media":0,"comment_status":"closed","ping_status":"closed","sticky":false,"template":"","format":"standard","meta":[],"categories":[9],"tags":[],"_links":{"self":[{"href":"http:\/\/archiv.szolnoktv.hu\/index.php?rest_route=\/wp\/v2\/posts\/8151"}],"collection":[{"href":"http:\/\/archiv.szolnoktv.hu\/index.php?rest_route=\/wp\/v2\/posts"}],"about":[{"href":"http:\/\/archiv.szolnoktv.hu\/index.php?rest_route=\/wp\/v2\/types\/post"}],"author":[{"embeddable":true,"href":"http:\/\/archiv.szolnoktv.hu\/index.php?rest_route=\/wp\/v2\/users\/2"}],"replies":[{"embeddable":true,"href":"http:\/\/archiv.szolnoktv.hu\/index.php?rest_route=%2Fwp%2Fv2%2Fcomments&post=8151"}],"version-history":[{"count":1,"href":"http:\/\/archiv.szolnoktv.hu\/index.php?rest_route=\/wp\/v2\/posts\/8151\/revisions"}],"predecessor-version":[{"id":8206,"href":"http:\/\/archiv.szolnoktv.hu\/index.php?rest_route=\/wp\/v2\/posts\/8151\/revisions\/8206"}],"wp:attachment":[{"href":"http:\/\/archiv.szolnoktv.hu\/index.php?rest_route=%2Fwp%2Fv2%2Fmedia&parent=8151"}],"wp:term":[{"taxonomy":"category","embeddable":true,"href":"http:\/\/archiv.szolnoktv.hu\/index.php?rest_route=%2Fwp%2Fv2%2Fcategories&post=8151"},{"taxonomy":"post_tag","embeddable":true,"href":"http:\/\/archiv.szolnoktv.hu\/index.php?rest_route=%2Fwp%2Fv2%2Ftags&post=8151"}],"curies":[{"name":"wp","href":"https:\/\/api.w.org\/{rel}","templated":true}]}}