{"id":8149,"date":"2018-02-05T14:35:26","date_gmt":"2018-02-05T14:35:26","guid":{"rendered":"http:\/\/archiv.szolnoktv.hu\/?p=8149"},"modified":"2021-08-13T18:28:47","modified_gmt":"2021-08-13T18:28:47","slug":"balazsgyertyat-ontottek","status":"publish","type":"post","link":"http:\/\/archiv.szolnoktv.hu\/?p=8149","title":{"rendered":"Bal\u00e1zsgyerty\u00e1t \u00f6nt\u00f6ttek"},"content":{"rendered":"<div class='booster-block booster-read-block'><\/div><p>&#8220;Most belerakjuk a viaszba min\u00e9l gyorsabban, hogy ne olvadjon le r\u00f3la.&#8221;- instru\u00e1lja a gyerekeket a foglalkoz\u00e1svezet\u0151.<\/p>\n<p>K\u00e9sz\u00fcl a viaszgyertya T\u00f6r\u00f6kszentmikl\u00f3son az Ap\u00e1r\u00f3l- Fi\u00fara N\u00e9pm\u0171v\u00e9szeti \u00e9s K\u00e9zm\u0171ves Egyes\u00fclet alkot\u00f3h\u00e1z\u00e1ban.<\/p>\n<p>&#8220;Valamikor r\u00e9gen a legenda szerint egy kisfi\u00fa nagyon beteg volt, torokgy\u00edkja volt \u00e9s az \u00e9desanyja megk\u00e9rte a papot, hogy gy\u00f3gy\u00edtsa meg. A pap pedig egy k\u00e9t\u00e1g\u00fa gyerty\u00e1t a gyermek torka al\u00e1 tartott \u00e9s ett\u0151l meggy\u00f3gyult.&#8221;- tudtuk meg Forg\u00e1cs Kat\u00e1t\u00f3l az alkot\u00f3h\u00e1z \u00f6nk\u00e9ntes\u00e9t\u0151l.<\/p>\n<p>Az Ap\u00e1r\u00f3l- Fi\u00fara N\u00e9pm\u0171v\u00e9szeti \u00e9s K\u00e9zm\u0171ves Egyes\u00fclet szombati foglalkoz\u00e1s\u00e1ra csaknem negyven helyi \u00f3vod\u00e1s \u00e9s kisiskol\u00e1s kor\u00fa gyermeket hoztak el sz\u00fclei.<\/p>\n<p>&#8220;Az\u00e9rt csatlakoztunk ehhez a kezdem\u00e9nyez\u00e9shez mert mi \u00fagy gondoljuk, hogy a magyar n\u00e9pi kult\u00far\u00e1t \u0151rizn\u00fcnk kell, illetve ha nem is \u0151rizni de tov\u00e1bbadnunk a feln\u00f6vekv\u0151 nemzed\u00e9knek \u00e9s ez egy pont j\u00f3 alkalom, hogy m\u00e9g jobban tudjuk n\u00e9pszer\u0171s\u00edteni.&#8221;- mondja Moln\u00e1r Anett az  Ap\u00e1r\u00f3l- Fi\u00fara N\u00e9pm\u0171v\u00e9szeti \u00e9s K\u00e9zm\u0171ves Egyes\u00fclet eln\u00f6ke.<\/p>\n<div style=\"width: 640px;\" class=\"wp-video\"><!--[if lt IE 9]><script>document.createElement('video');<\/script><![endif]-->\n<video class=\"wp-video-shortcode\" id=\"video-8149-1\" width=\"640\" height=\"360\" preload=\"metadata\" controls=\"controls\"><source type=\"video\/mp4\" src=\"\/spots\/hir\/hir_180205_01.mp4?_=1\" \/><a href=\"\/spots\/hir\/hir_180205_01.mp4\">\/spots\/hir\/hir_180205_01.mp4<\/a><\/video><\/div>\n","protected":false},"excerpt":{"rendered":"<p>&#8220;Most belerakjuk a viaszba min\u00e9l gyorsabban, hogy ne olvadjon le r\u00f3la.&#8221;- instru\u00e1lja a gyerekeket a foglalkoz\u00e1svezet\u0151. K\u00e9sz\u00fcl a viaszgyertya T\u00f6r\u00f6kszentmikl\u00f3son az Ap\u00e1r\u00f3l- Fi\u00fara N\u00e9pm\u0171v\u00e9szeti \u00e9s K\u00e9zm\u0171ves Egyes\u00fclet alkot\u00f3h\u00e1z\u00e1ban. &#8220;Valamikor r\u00e9gen a legenda szerint egy kisfi\u00fa nagyon beteg volt, torokgy\u00edkja volt \u00e9s az \u00e9desanyja megk\u00e9rte a papot, hogy gy\u00f3gy\u00edtsa meg. A pap pedig egy k\u00e9t\u00e1g\u00fa gyerty\u00e1t [&hellip;]<\/p>\n","protected":false},"author":2,"featured_media":0,"comment_status":"closed","ping_status":"closed","sticky":false,"template":"","format":"standard","meta":[],"categories":[9],"tags":[],"_links":{"self":[{"href":"http:\/\/archiv.szolnoktv.hu\/index.php?rest_route=\/wp\/v2\/posts\/8149"}],"collection":[{"href":"http:\/\/archiv.szolnoktv.hu\/index.php?rest_route=\/wp\/v2\/posts"}],"about":[{"href":"http:\/\/archiv.szolnoktv.hu\/index.php?rest_route=\/wp\/v2\/types\/post"}],"author":[{"embeddable":true,"href":"http:\/\/archiv.szolnoktv.hu\/index.php?rest_route=\/wp\/v2\/users\/2"}],"replies":[{"embeddable":true,"href":"http:\/\/archiv.szolnoktv.hu\/index.php?rest_route=%2Fwp%2Fv2%2Fcomments&post=8149"}],"version-history":[{"count":1,"href":"http:\/\/archiv.szolnoktv.hu\/index.php?rest_route=\/wp\/v2\/posts\/8149\/revisions"}],"predecessor-version":[{"id":8208,"href":"http:\/\/archiv.szolnoktv.hu\/index.php?rest_route=\/wp\/v2\/posts\/8149\/revisions\/8208"}],"wp:attachment":[{"href":"http:\/\/archiv.szolnoktv.hu\/index.php?rest_route=%2Fwp%2Fv2%2Fmedia&parent=8149"}],"wp:term":[{"taxonomy":"category","embeddable":true,"href":"http:\/\/archiv.szolnoktv.hu\/index.php?rest_route=%2Fwp%2Fv2%2Fcategories&post=8149"},{"taxonomy":"post_tag","embeddable":true,"href":"http:\/\/archiv.szolnoktv.hu\/index.php?rest_route=%2Fwp%2Fv2%2Ftags&post=8149"}],"curies":[{"name":"wp","href":"https:\/\/api.w.org\/{rel}","templated":true}]}}