{"id":8118,"date":"2018-02-05T14:30:49","date_gmt":"2018-02-05T14:30:49","guid":{"rendered":"http:\/\/archiv.szolnoktv.hu\/?p=8118"},"modified":"2021-08-13T18:16:02","modified_gmt":"2021-08-13T18:16:02","slug":"a-megyebal-bevetelet-iden-is-jotekony-celra-szanjak","status":"publish","type":"post","link":"http:\/\/archiv.szolnoktv.hu\/?p=8118","title":{"rendered":"A Megyeb\u00e1l bev\u00e9tel\u00e9t id\u00e9n is j\u00f3t\u00e9kony c\u00e9lra sz\u00e1nj\u00e1k<br>"},"content":{"rendered":"<div class='booster-block booster-read-block'><\/div><p>A megyeb\u00e1l a  h\u00e1rmasker\u00fcletek egyes\u00fcl\u00e9s\u00e9nek hagyom\u00e1ny\u00e1t viszi tov\u00e1bb. A k\u00fcl\u00f6nleges alkalom bel\u00e9p\u0151j\u00e9n husz\u00e1rok sorfala \u00e9s fanf\u00e1rok fogadt\u00e1k a vend\u00e9geket. <\/p>\n<p>Kov\u00e1cs S\u00e1ndor a megyei k\u00f6zgy\u0171l\u00e9s eln\u00f6ke elmondta: <\/p>\n<p>-&#8220;Olyan megyei vezet\u0151k tudnak itt tal\u00e1lkozni polg\u00e1rmesterekkel, akik csak munkaid\u0151ben munkakapcsolatok lehetnek. A munkakapcsolatok is csak akkor j\u00f3k, ha van szem\u00e9lyes ismerets\u00e9g. Lehet egy kicsit laz\u00e1bb k\u00f6rnyezetben besz\u00e9lgetni a munk\u00e1r\u00f3l. Mert itt is f\u0151leg a munk\u00e1r\u00f3l, a megye helyzet\u00e9r\u0151l, a tov\u00e1bbl\u00e9p\u00e9si lehet\u0151s\u00e9gekr\u0151l folyik a besz\u00e9lget\u00e9s. &#8211;<\/p>\n<p>A vend\u00e9geket a megye f\u0151jegyz\u0151je, a megyei k\u00f6zgy\u0171l\u00e9s eln\u00f6ke \u00e9s h\u00e1rom aleln\u00f6ke k\u00f6sz\u00f6nt\u00f6tte. <\/p>\n<p>Piroska Mikl\u00f3s aleln\u00f6k : <\/p>\n<p>-&#8220;A j\u00e1szs\u00e1g orsz\u00e1ggy\u0171l\u00e9si k\u00e9pvisel\u0151je , a t\u00e9rs\u00e9g k\u00e9t j\u00e1r\u00e1ssz\u00e9khely telep\u00fcl\u00e9s\u00e9nek polg\u00e1rmestere jelen lesz a b\u00e1lban, illetve t\u00f6bb j\u00e1szs\u00e1gi k\u00e9pvisel\u0151 is tisztelet\u00e9t teszi. Ez egy ki\u00e1ll\u00e1s egy kis k\u00f6z\u00f6ss\u00e9g\u00e9p\u00edt\u00e9s is egyben \u00e9s reprezent\u00e1lja a t\u00e9rs\u00e9g\u00fcnket. &#8211;<\/p>\n<p>A megye 20 orsz\u00e1ggal \u00e1pol kapcsolatot. A XXVI. Megyeb\u00e1lom kazah vend\u00e9geket fogadtak. <\/p>\n<p>Dr. Cso\u00f3r Gy\u00f6rgy t\u00e1rsadalmi aleln\u00f6k elmondta: <\/p>\n<p>-&#8220;A kazah vend\u00e9geken k\u00edv\u00fcl j\u00f3l szolg\u00e1lja a sz\u00e9kely -magyar kapcsolatokat is, hiszen t\u00f6bb \u00e9ven kereszt\u00fcl sz\u0171r\u0151vizsg\u00e1latokat tudtunk v\u00e9gezni sz\u00e9kelyf\u00f6ld\u00f6n a b\u00e1l bev\u00e9tel\u00e9b\u0151l. &#8211;<\/p>\n<p>A Megyeb\u00e1l h\u00faszezer forintos bel\u00e9p\u0151kb\u0151l sz\u00e1rmaz\u00f3 bev\u00e9tel\u00e9t id\u00e9n is j\u00f3t\u00e9kony c\u00e9lra aj\u00e1nlj\u00e1k fel. Ebben az \u00e9vben a ment\u0151\u00e1llom\u00e1sokon  dolgoz\u00f3k k\u00f6r\u00fclm\u00e9nyeit jav\u00edtja majd. Ezen t\u00fal a hagyom\u00e1nyok, a kult\u00fara \u00e1pol\u00e1sa is fontos feladata a b\u00e1lnak. <\/p>\n<p>Berec Zsolt  Mikl\u00f3s aleln\u00f6k: <br \/>-&#8220;Egy nagyon fontos \u00f6nk\u00e9nt v\u00e1llalt feladatunk a kult\u00fara, a hagyom\u00e1nyaink \u00e9s \u00e9rt\u00e9keink, megyei \u00e9s helyi \u00e9rt\u00e9keink \u00e1pol\u00e1sa. A megyei \u00e9rt\u00e9kt\u00e1r kapcs\u00e1n pl nagyon komoly munk\u00e1t v\u00e9gz\u00fcnk \u00e9s az orsz\u00e1gban tal\u00e1n a legb\u00fcszk\u00e9bbek lehet\u00fcnk a JNSZMegyei \u00e9rt\u00e9kt\u00e1rra. A helyi \u00e9rt\u00e9keink is mind a kult\u00fara \u0151rz\u0151i.&#8221; <\/p>\n<p>A b\u00e1lon az idei tervekr\u0151l is sz\u00f3 esett. A megyei \u00f6nkorm\u00e1nyzat f\u00f6lv\u00e1llalta a TOP-os p\u00e1ly\u00e1zatok megval\u00f3s\u00edt\u00e1s\u00e1nak koordin\u00e1ci\u00f3j\u00e1t \u00e9s a projektmenedzsmentet is. A fejl\u0151d\u00e9s gyors \u00fctemben zajlik majd. <\/p>\n<p>Kov\u00e1cs S\u00e1ndor a megyei k\u00f6zgy\u0171l\u00e9s eln\u00f6ke hozz\u00e1tette: <br \/>-&#8221; 2018. \u00e9vben be\u00e9rtek azok a fejleszt\u00e9sek, elk\u00e9pzel\u00e9sek amin dolgoztunk az elm\u00falt \u00e9vekben. Olyan beruh\u00e1z\u00e1sok, fejleszt\u00e9sek indulnak meg, ami l\u00e1tv\u00e1nyos lesz \u00e9s az elrugaszkod\u00e1s \u00e9ve lesz. Olyan fejl\u0151d\u00e9si \u00fctem lesz, amit az elm\u00falt 20-25 \u00e9vben csak rem\u00e9lt\u00fcnk. &#8211;<\/p>\n<p>A b\u00e1loz\u00f3k a sv\u00e9dasztalos vacsor\u00e1t k\u00f6vet\u0151en t\u00e1nccal, besz\u00e9lget\u00e9sekkel f\u0171szerezett est\u00e9t z\u00e1rtak. A bev\u00e9tel v\u00e1rhat\u00f3an heteken bel\u00fcl a kedvezm\u00e9nyezetthez ker\u00fcl.<\/p>\n<div style=\"width: 640px;\" class=\"wp-video\"><!--[if lt IE 9]><script>document.createElement('video');<\/script><![endif]-->\n<video class=\"wp-video-shortcode\" id=\"video-8118-1\" width=\"640\" height=\"360\" preload=\"metadata\" controls=\"controls\"><source type=\"video\/mp4\" src=\"\/spots\/hir\/hir_180205_04.mp4?_=1\" \/><a href=\"\/spots\/hir\/hir_180205_04.mp4\">\/spots\/hir\/hir_180205_04.mp4<\/a><\/video><\/div>\n","protected":false},"excerpt":{"rendered":"<p>A megyeb\u00e1l a h\u00e1rmasker\u00fcletek egyes\u00fcl\u00e9s\u00e9nek hagyom\u00e1ny\u00e1t viszi tov\u00e1bb. A k\u00fcl\u00f6nleges alkalom bel\u00e9p\u0151j\u00e9n husz\u00e1rok sorfala \u00e9s fanf\u00e1rok fogadt\u00e1k a vend\u00e9geket. Kov\u00e1cs S\u00e1ndor a megyei k\u00f6zgy\u0171l\u00e9s eln\u00f6ke elmondta: -&#8220;Olyan megyei vezet\u0151k tudnak itt tal\u00e1lkozni polg\u00e1rmesterekkel, akik csak munkaid\u0151ben munkakapcsolatok lehetnek. A munkakapcsolatok is csak akkor j\u00f3k, ha van szem\u00e9lyes ismerets\u00e9g. Lehet egy kicsit laz\u00e1bb k\u00f6rnyezetben besz\u00e9lgetni a [&hellip;]<\/p>\n","protected":false},"author":2,"featured_media":0,"comment_status":"closed","ping_status":"closed","sticky":false,"template":"","format":"standard","meta":[],"categories":[9],"tags":[],"_links":{"self":[{"href":"http:\/\/archiv.szolnoktv.hu\/index.php?rest_route=\/wp\/v2\/posts\/8118"}],"collection":[{"href":"http:\/\/archiv.szolnoktv.hu\/index.php?rest_route=\/wp\/v2\/posts"}],"about":[{"href":"http:\/\/archiv.szolnoktv.hu\/index.php?rest_route=\/wp\/v2\/types\/post"}],"author":[{"embeddable":true,"href":"http:\/\/archiv.szolnoktv.hu\/index.php?rest_route=\/wp\/v2\/users\/2"}],"replies":[{"embeddable":true,"href":"http:\/\/archiv.szolnoktv.hu\/index.php?rest_route=%2Fwp%2Fv2%2Fcomments&post=8118"}],"version-history":[{"count":1,"href":"http:\/\/archiv.szolnoktv.hu\/index.php?rest_route=\/wp\/v2\/posts\/8118\/revisions"}],"predecessor-version":[{"id":8119,"href":"http:\/\/archiv.szolnoktv.hu\/index.php?rest_route=\/wp\/v2\/posts\/8118\/revisions\/8119"}],"wp:attachment":[{"href":"http:\/\/archiv.szolnoktv.hu\/index.php?rest_route=%2Fwp%2Fv2%2Fmedia&parent=8118"}],"wp:term":[{"taxonomy":"category","embeddable":true,"href":"http:\/\/archiv.szolnoktv.hu\/index.php?rest_route=%2Fwp%2Fv2%2Fcategories&post=8118"},{"taxonomy":"post_tag","embeddable":true,"href":"http:\/\/archiv.szolnoktv.hu\/index.php?rest_route=%2Fwp%2Fv2%2Ftags&post=8118"}],"curies":[{"name":"wp","href":"https:\/\/api.w.org\/{rel}","templated":true}]}}