{"id":8115,"date":"2018-02-02T18:48:19","date_gmt":"2018-02-02T18:48:19","guid":{"rendered":"http:\/\/archiv.szolnoktv.hu\/?p=8115"},"modified":"2021-08-13T18:16:03","modified_gmt":"2021-08-13T18:16:03","slug":"gondot-okoz-a-szabalyos-parkolas","status":"publish","type":"post","link":"http:\/\/archiv.szolnoktv.hu\/?p=8115","title":{"rendered":"Gondot okoz a szab\u00e1lyos parkol\u00e1s"},"content":{"rendered":"<div class='booster-block booster-read-block'><\/div><p>Alig tal\u00e1lt parkol\u00f3helyet tavaly az, aki v\u00e1s\u00e1rolni \u00e9rkezett az Intersparba. Azonban a decemberben fel\u00e1ll\u00edtott soromp\u00f3 \u00f3ta szinte \u00fcres a bev\u00e1s\u00e1rl\u00f3k\u00f6zpont el\u0151tti t\u00e9r. Azok akik k\u00e9t \u00f3r\u00e1n\u00e1l t\u00f6bb ideig nem haszn\u00e1lj\u00e1k aut\u00f3jukat -az ingyenes parkol\u00e1s \u00e9rdek\u00e9ben- a k\u00f6rnyez\u0151 kis utc\u00e1kban hagyj\u00e1k g\u00e9pj\u00e1rm\u0171j\u00fcket. Ezt l\u00e1thatja az is, aki a K\u00e1roly R\u00f3bert utc\u00e1ban j\u00e1r.<\/p>\n<p>-Nagyon megijedtek az emberek. Tele volt itt a K\u00e1roly R\u00f3bert utca. Teh\u00e1t a vend\u00e9geim egyszer\u0171en nem tudtak bej\u00f6nni az \u00fczletbe nem tudtak parkolni. Felt\u0171n\u0151 volt mindenkinek, hogy mi\u00e9rt van ez a sok aut\u00f3 \u00e9s hol van ez a sok aut\u00f3. Tapasztalt\u00e1k \u0151k is \u00e9s mes\u00e9ltem \u00e9n is, hogy az Intersparn\u00e1l nem lehet parkolni.&#8221;-mondta P\u00f3sa T\u00fcnde. <\/p>\n<p>P\u00f3sa T\u00fcnde azt is elmondta, hogy m\u00e1r kevesebb az aut\u00f3sok sz\u00e1ma az utc\u00e1ban \u00e9s szab\u00e1lytalans\u00e1got \u0151 nem tapasztalt. A M\u00e1ty\u00e1s Kir\u00e1ly \u00faton \u00e9l\u0151k azonban mindennap tal\u00e1lkoznak olyan aut\u00f3val, ami nem kijel\u00f6lt helyen parkol, ez annak is k\u00f6sz\u00f6nhet\u0151, hogy a k\u00f6rny\u00e9ken kev\u00e9s a d\u00edj mentes lehet\u0151s\u00e9g. <\/p>\n<p>Kijel\u00f6lt parkol\u00f3kat haszn\u00e1lhatnak azok, akik a M\u00e1ty\u00e1s Kir\u00e1ly \u00fat 4 emeleteseiben laknak. Horv\u00e1th Attila szerint azonban ez kev\u00e9s.<\/p>\n<p>-Az emberek t\u00f6bbs\u00e9ge nem az\u00e9rt j\u00f6tt ide, mert v\u00e1s\u00e1rolni akarat, hanem ez egy j\u00f3 alakalom volt az ingyen parkol\u00e1sra. Ilyen szempontb\u00f3l, akik erre j\u00e1rtak \u00e9s m\u00e9g gar\u00e1zsuk sincs azoknak pl\u00e1ne kellemetlen volt. Nem tudom mit lehetne csin\u00e1lni, de az igaz, hogy a parkol\u00f3 helyek 2\/3 kihaszn\u00e1latlan itt az Interspar el\u0151tti parkol\u00f3helyeknek.&#8221;- mondta Horv\u00e1th Attila.<\/p>\n<p>T\u00e9ny, hogy Szolnokon egyre t\u00f6bb aut\u00f3 van \u00e9s a megn\u00f6vekedett forgalom \u00fajabb parkol\u00f3helyet ig\u00e9nyel. Az \u00f6nkorm\u00e1nyzat folyamatosan keresi ezek kialak\u00edt\u00e1s\u00e1nak lehet\u0151s\u00e9g\u00e9t.<br \/>\n<br \/>\n<div style=\"width: 640px;\" class=\"wp-video\"><!--[if lt IE 9]><script>document.createElement('video');<\/script><![endif]-->\n<video class=\"wp-video-shortcode\" id=\"video-8115-1\" width=\"640\" height=\"360\" preload=\"metadata\" controls=\"controls\"><source type=\"video\/mp4\" src=\"\/spots\/hir\/hir_180202_08.mp4?_=1\" \/><a href=\"\/spots\/hir\/hir_180202_08.mp4\">\/spots\/hir\/hir_180202_08.mp4<\/a><\/video><\/div><\/p>\n","protected":false},"excerpt":{"rendered":"<p>Alig tal\u00e1lt parkol\u00f3helyet tavaly az, aki v\u00e1s\u00e1rolni \u00e9rkezett az Intersparba. Azonban a decemberben fel\u00e1ll\u00edtott soromp\u00f3 \u00f3ta szinte \u00fcres a bev\u00e1s\u00e1rl\u00f3k\u00f6zpont el\u0151tti t\u00e9r. Azok akik k\u00e9t \u00f3r\u00e1n\u00e1l t\u00f6bb ideig nem haszn\u00e1lj\u00e1k aut\u00f3jukat -az ingyenes parkol\u00e1s \u00e9rdek\u00e9ben- a k\u00f6rnyez\u0151 kis utc\u00e1kban hagyj\u00e1k g\u00e9pj\u00e1rm\u0171j\u00fcket. Ezt l\u00e1thatja az is, aki a K\u00e1roly R\u00f3bert utc\u00e1ban j\u00e1r. -Nagyon megijedtek az emberek. [&hellip;]<\/p>\n","protected":false},"author":2,"featured_media":0,"comment_status":"closed","ping_status":"closed","sticky":false,"template":"","format":"standard","meta":[],"categories":[9],"tags":[],"_links":{"self":[{"href":"http:\/\/archiv.szolnoktv.hu\/index.php?rest_route=\/wp\/v2\/posts\/8115"}],"collection":[{"href":"http:\/\/archiv.szolnoktv.hu\/index.php?rest_route=\/wp\/v2\/posts"}],"about":[{"href":"http:\/\/archiv.szolnoktv.hu\/index.php?rest_route=\/wp\/v2\/types\/post"}],"author":[{"embeddable":true,"href":"http:\/\/archiv.szolnoktv.hu\/index.php?rest_route=\/wp\/v2\/users\/2"}],"replies":[{"embeddable":true,"href":"http:\/\/archiv.szolnoktv.hu\/index.php?rest_route=%2Fwp%2Fv2%2Fcomments&post=8115"}],"version-history":[{"count":1,"href":"http:\/\/archiv.szolnoktv.hu\/index.php?rest_route=\/wp\/v2\/posts\/8115\/revisions"}],"predecessor-version":[{"id":8122,"href":"http:\/\/archiv.szolnoktv.hu\/index.php?rest_route=\/wp\/v2\/posts\/8115\/revisions\/8122"}],"wp:attachment":[{"href":"http:\/\/archiv.szolnoktv.hu\/index.php?rest_route=%2Fwp%2Fv2%2Fmedia&parent=8115"}],"wp:term":[{"taxonomy":"category","embeddable":true,"href":"http:\/\/archiv.szolnoktv.hu\/index.php?rest_route=%2Fwp%2Fv2%2Fcategories&post=8115"},{"taxonomy":"post_tag","embeddable":true,"href":"http:\/\/archiv.szolnoktv.hu\/index.php?rest_route=%2Fwp%2Fv2%2Ftags&post=8115"}],"curies":[{"name":"wp","href":"https:\/\/api.w.org\/{rel}","templated":true}]}}