{"id":8114,"date":"2018-02-02T18:45:43","date_gmt":"2018-02-02T18:45:43","guid":{"rendered":"http:\/\/archiv.szolnoktv.hu\/?p=8114"},"modified":"2021-08-13T18:16:03","modified_gmt":"2021-08-13T18:16:03","slug":"roviditenek-a-varolistakat","status":"publish","type":"post","link":"http:\/\/archiv.szolnoktv.hu\/?p=8114","title":{"rendered":"R\u00f6vid\u00edten\u00e9k a v\u00e1r\u00f3list\u00e1kat"},"content":{"rendered":"<div class='booster-block booster-read-block'><\/div><p>Pet\u00edci\u00f3 a magyar eg\u00e9szs\u00e9g\u00fcgy\u00e9rt  &#8211;   azt a weboldalt mutatja Gy\u0151rfi Mih\u00e1ly, melyet a Baloldali Ifj\u00fas\u00e1gi Mozgalom ind\u00edtott. Az MSZP v\u00e1laszt\u00f3ker\u00fcleti eln\u00f6ke elmondta: az eg\u00e9szs\u00e9g\u00fcgy probl\u00e9m\u00e1j\u00e1t mutatja, hogy bizonyos\u00a0vizsg\u00e1latokra t\u00f6bb h\u00f3napot, ak\u00e1r f\u00e9l \u00e9vet is v\u00e1rni kell. A politikus hozz\u00e1tette: \u00e1prilis 8. ut\u00e1n, ha baloldali korm\u00e1nyz\u00e1s lesz megsz\u0171ntetik a v\u00e1r\u00f3list\u00e1kat.<\/p>\n<p>-T\u00f6bb, mint 400 milli\u00e1rd forinttal n\u00f6veln\u00e9nk meg az eg\u00e9szs\u00e9g\u00fcgy b\u00fcdzs\u00e9j\u00e9t, hogy min\u00e9l r\u00f6videbbek legyenek a v\u00e1r\u00f3list\u00e1k. Nagyon szeretn\u00e9nk, hogy k\u00e9t h\u00e9tn\u00e9l tov\u00e1bb ne kelljen v\u00e1r\u00f3list\u00e1ra v\u00e1rni, min\u00e9l hamarabb ker\u00fcljenek a m\u0171t\u0151asztalra a p\u00e1ciensek.&#8221;  &#8211;   mondta Gy\u0151rfi Mih\u00e1ly.<\/p>\n<p>Jelenleg van olyan m\u0171t\u00e9t, melyre 3 \u00e9s f\u00e9l \u00e9vet kell v\u00e1rni  &#8211;   tette hozz\u00e1 Gy\u0151rfi Mih\u00e1ly. Mindez azt eredm\u00e9nyezi  &#8211;   folytatta, hogy a gy\u00f3gyul\u00e1si folyamat\u00a0elh\u00faz\u00f3dik vagy fizet\u0151s eg\u00e9szs\u00e9g\u00fcgyben v\u00e9geztetik el a betegek a vizsg\u00e1latokat. A 400 milli\u00e1rd forintb\u00f3l  &#8211;   t\u00f6bbek k\u00f6z\u00f6tt &#8211; emeln\u00e9k az orvosok fizet\u00e9s\u00e9t \u00e9s l\u00e9tsz\u00e1m\u00e1t valamint t\u00e1mogatn\u00e1k a kistelep\u00fcl\u00e9sek h\u00e1ziorvosait  &#8211;   tette az MSZP-s politikus. Gy\u0151rfi Mih\u00e1ly elmondta azt is, hogy j\u00f3 kezdem\u00e9nyez\u00e9snek tartja, hogy Szolnok bel\u00e9pett a praxisk\u00f6z\u00f6ss\u00e9gbe, ezt a programot korm\u00e1nyalak\u00edt\u00e1suk eset\u00e9n orsz\u00e1gosan is elterjeszten\u00e9k.<br \/>\n<br \/>\n<div style=\"width: 640px;\" class=\"wp-video\"><!--[if lt IE 9]><script>document.createElement('video');<\/script><![endif]-->\n<video class=\"wp-video-shortcode\" id=\"video-8114-1\" width=\"640\" height=\"360\" preload=\"metadata\" controls=\"controls\"><source type=\"video\/mp4\" src=\"\/spots\/hir\/hir_180202_07.mp4?_=1\" \/><a href=\"\/spots\/hir\/hir_180202_07.mp4\">\/spots\/hir\/hir_180202_07.mp4<\/a><\/video><\/div><\/p>\n","protected":false},"excerpt":{"rendered":"<p>Pet\u00edci\u00f3 a magyar eg\u00e9szs\u00e9g\u00fcgy\u00e9rt &#8211; azt a weboldalt mutatja Gy\u0151rfi Mih\u00e1ly, melyet a Baloldali Ifj\u00fas\u00e1gi Mozgalom ind\u00edtott. Az MSZP v\u00e1laszt\u00f3ker\u00fcleti eln\u00f6ke elmondta: az eg\u00e9szs\u00e9g\u00fcgy probl\u00e9m\u00e1j\u00e1t mutatja, hogy bizonyos\u00a0vizsg\u00e1latokra t\u00f6bb h\u00f3napot, ak\u00e1r f\u00e9l \u00e9vet is v\u00e1rni kell. A politikus hozz\u00e1tette: \u00e1prilis 8. ut\u00e1n, ha baloldali korm\u00e1nyz\u00e1s lesz megsz\u0171ntetik a v\u00e1r\u00f3list\u00e1kat. -T\u00f6bb, mint 400 milli\u00e1rd forinttal n\u00f6veln\u00e9nk [&hellip;]<\/p>\n","protected":false},"author":2,"featured_media":0,"comment_status":"closed","ping_status":"closed","sticky":false,"template":"","format":"standard","meta":[],"categories":[9],"tags":[],"_links":{"self":[{"href":"http:\/\/archiv.szolnoktv.hu\/index.php?rest_route=\/wp\/v2\/posts\/8114"}],"collection":[{"href":"http:\/\/archiv.szolnoktv.hu\/index.php?rest_route=\/wp\/v2\/posts"}],"about":[{"href":"http:\/\/archiv.szolnoktv.hu\/index.php?rest_route=\/wp\/v2\/types\/post"}],"author":[{"embeddable":true,"href":"http:\/\/archiv.szolnoktv.hu\/index.php?rest_route=\/wp\/v2\/users\/2"}],"replies":[{"embeddable":true,"href":"http:\/\/archiv.szolnoktv.hu\/index.php?rest_route=%2Fwp%2Fv2%2Fcomments&post=8114"}],"version-history":[{"count":1,"href":"http:\/\/archiv.szolnoktv.hu\/index.php?rest_route=\/wp\/v2\/posts\/8114\/revisions"}],"predecessor-version":[{"id":8123,"href":"http:\/\/archiv.szolnoktv.hu\/index.php?rest_route=\/wp\/v2\/posts\/8114\/revisions\/8123"}],"wp:attachment":[{"href":"http:\/\/archiv.szolnoktv.hu\/index.php?rest_route=%2Fwp%2Fv2%2Fmedia&parent=8114"}],"wp:term":[{"taxonomy":"category","embeddable":true,"href":"http:\/\/archiv.szolnoktv.hu\/index.php?rest_route=%2Fwp%2Fv2%2Fcategories&post=8114"},{"taxonomy":"post_tag","embeddable":true,"href":"http:\/\/archiv.szolnoktv.hu\/index.php?rest_route=%2Fwp%2Fv2%2Ftags&post=8114"}],"curies":[{"name":"wp","href":"https:\/\/api.w.org\/{rel}","templated":true}]}}