{"id":8112,"date":"2018-02-02T18:23:50","date_gmt":"2018-02-02T18:23:50","guid":{"rendered":"http:\/\/archiv.szolnoktv.hu\/?p=8112"},"modified":"2021-08-13T18:16:03","modified_gmt":"2021-08-13T18:16:03","slug":"nak-iroda-atado-es-klimakonferencia-karcagon","status":"publish","type":"post","link":"http:\/\/archiv.szolnoktv.hu\/?p=8112","title":{"rendered":"NAK iroda \u00e1tad\u00f3 \u00e9s kl\u00edmakonferencia Karcagon"},"content":{"rendered":"<div class='booster-block booster-read-block'><\/div><p>Kalocsa ut\u00e1n Karcagon ny\u00edlt meg a Nemzeti Agr\u00e1rgazdas\u00e1gi Kamara 6. szolg\u00e1ltat\u00f3 k\u00f6zpontja. A Nagykuns\u00e1g sz\u00edv\u00e9ben mintegy 800 helyi gazd\u00e1lkod\u00f3 juthat m\u00e1t\u00f3l naprak\u00e9sz inform\u00e1ci\u00f3khoz ami els\u0151sorban a t\u00e1mogat\u00e1sok leh\u00edv\u00e1s\u00e1ban, a falugazd\u00e1szi szolg\u00e1ltat\u00e1sok hat\u00e9konyabb el\u00e9r\u00e9s\u00e9ben ny\u00fajt majd seg\u00edts\u00e9get. A kor\u00e1bban k\u00f6nyvt\u00e1rk\u00e9nt m\u0171k\u00f6d\u0151 \u00e9p\u00fcletben konferenciatermet alak\u00edtottak ki. A szolg\u00e1ltat\u00f3k\u00f6zpont a kamara tegnap indult orsz\u00e1gos szaktan\u00e1csad\u00f3 h\u00e1l\u00f3zat\u00e1nak m\u0171k\u00f6d\u00e9s\u00e9t is seg\u00edti.<\/p>\n<p>&#8220;Az inform\u00e1ci\u00f3 annyit jelent, hogy a gazda minden egyes lehet\u0151s\u00e9get ig\u00e9nybe tud venni ami sz\u00e1m\u00e1ra megadatik. Legyen az uni\u00f3s forr\u00e1s, nemzeti forr\u00e1s, legyen ez a piaci lehet\u0151s\u00e9g kihaszn\u00e1l\u00e1sa, legyen ez a t\u00e1rsaival val\u00f3 kapcsolat, a feldolgoz\u00f3 iparral val\u00f3 kapcsolat. Teh\u00e1t egy ilyen k\u00f6zpont, egy ilyen b\u00e1zis azt jelenti, hogy a gazd\u00e1nak eligazod\u00e1si pont a teljes tev\u00e9kenys\u00e9gi k\u00f6r\u00e9ben.&#8221; &#8211; emelte ki Jakab Istv\u00e1n a MAGOSZ eln\u00f6ke<\/p>\n<p>A k\u00f6rnyeztk\u00edm\u00e9l\u0151 megold\u00e1sok egyre nagyobb szerepet kapnak a magyar agr\u00e1riumban. A gazd\u00e1lkod\u00f3kat a jelenleg \u00e9rv\u00e9nyben l\u00e9v\u0151 t\u00e1mogat\u00e1si rendszer is arra \u00f6szt\u00f6nzi, hogy takar\u00e9kosan b\u00e1njanak a rendelkez\u00e9sre \u00e1ll\u00f3 er\u0151forr\u00e1sokkal. A szint\u00e9n Karcagon tartott mai kl\u00edmav\u00e9delmi konferenci\u00e1n Fazekas S\u00e1ndor f\u00f6ldm\u0171vel\u00e9s\u00fcgyi miniszter elmondta- a magyar agr\u00e1rpolitika fontos eleme a &#8220;z\u00f6ld\u00edt\u00e9s&#8221; azaz a k\u00f6rnyezetk\u00edm\u00e9l\u0151 m\u0171vel\u00e9si m\u00f3dok meghonos\u00edt\u00e1sa.<\/p>\n<p>&#8220;A gazd\u00e1k \u00e1tveszik a prec\u00edzi\u00f3s termel\u00e9s megold\u00e1sait, \u00e1tveszik a sz\u00e1m\u00edt\u00e1stechnikai v\u00edvm\u00e1nyokat, korszer\u0171 g\u00e9pek  l\u00e9pnek be a termel\u00e9sbe amelyek takar\u00e9kosan b\u00e1nnak az \u00fczemanyaggal, a vet\u0151magokkal, a vegyszerekkel amelyek m\u00e1r egy \u00fajfajta, k\u00f6rnyezetre nagyobb odafigyel\u00e9st testes\u00edtenek meg.&#8221;- hangs\u00falyozta Fazekas S\u00e1ndor f\u00f6ldm\u0171vel\u00e9s\u00fcgyi miniszter<\/p>\n<p>Ugyanakkor a jogszab\u00e1lyalkot\u00f3knak is fel kell k\u00e9sz\u00fclni az \u00faj termel\u00e9si m\u00f3dok megjelen\u00e9s\u00e9re. A konferenci\u00e1n p\u00e9ldak\u00e9nt hangzott el- miszerint Magyarorsz\u00e1g kl\u00edm\u00e1ja m\u00e1r most lehet\u0151s\u00e9get teremt a kivi \u00e9s a f\u00fcge termeszt\u00e9s\u00e9re. De a hagyom\u00e1nyos haszonn\u00f6v\u00e9nyek megfelel\u0151 kiv\u00e1laszt\u00e1sa is fontos szempont. A karcagi konferenci\u00e1t szervez\u0151- F\u00f6ldm\u0171vel\u00e9s\u00fcgyi Miniszt\u00e9rium \u00e9gisze alatt m\u0171k\u00f6d\u0151 Hermann Ott\u00f3 Int\u00e9zet Nonprofit Kft. az orsz\u00e1g t\u00f6bb telep\u00fcl\u00e9s\u00e9t is felkeresi. Legut\u00f3bb p\u00e9ld\u00e1ul a helyes fat\u00fczel\u00e9si m\u00f3dokr\u00f3l t\u00e1j\u00e9koztatt\u00e1k a k\u00f6rnyezet\u00fck\u00e9rt tenni akar\u00f3 vid\u00e9ki polg\u00e1rokat.<br \/>\n<br \/>\n<div style=\"width: 640px;\" class=\"wp-video\"><!--[if lt IE 9]><script>document.createElement('video');<\/script><![endif]-->\n<video class=\"wp-video-shortcode\" id=\"video-8112-1\" width=\"640\" height=\"360\" preload=\"metadata\" controls=\"controls\"><source type=\"video\/mp4\" src=\"\/spots\/hir\/hir_180202_04.mp4?_=1\" \/><a href=\"\/spots\/hir\/hir_180202_04.mp4\">\/spots\/hir\/hir_180202_04.mp4<\/a><\/video><\/div><\/p>\n","protected":false},"excerpt":{"rendered":"<p>Kalocsa ut\u00e1n Karcagon ny\u00edlt meg a Nemzeti Agr\u00e1rgazdas\u00e1gi Kamara 6. szolg\u00e1ltat\u00f3 k\u00f6zpontja. A Nagykuns\u00e1g sz\u00edv\u00e9ben mintegy 800 helyi gazd\u00e1lkod\u00f3 juthat m\u00e1t\u00f3l naprak\u00e9sz inform\u00e1ci\u00f3khoz ami els\u0151sorban a t\u00e1mogat\u00e1sok leh\u00edv\u00e1s\u00e1ban, a falugazd\u00e1szi szolg\u00e1ltat\u00e1sok hat\u00e9konyabb el\u00e9r\u00e9s\u00e9ben ny\u00fajt majd seg\u00edts\u00e9get. A kor\u00e1bban k\u00f6nyvt\u00e1rk\u00e9nt m\u0171k\u00f6d\u0151 \u00e9p\u00fcletben konferenciatermet alak\u00edtottak ki. A szolg\u00e1ltat\u00f3k\u00f6zpont a kamara tegnap indult orsz\u00e1gos szaktan\u00e1csad\u00f3 h\u00e1l\u00f3zat\u00e1nak m\u0171k\u00f6d\u00e9s\u00e9t is [&hellip;]<\/p>\n","protected":false},"author":2,"featured_media":0,"comment_status":"closed","ping_status":"closed","sticky":false,"template":"","format":"standard","meta":[],"categories":[9],"tags":[],"_links":{"self":[{"href":"http:\/\/archiv.szolnoktv.hu\/index.php?rest_route=\/wp\/v2\/posts\/8112"}],"collection":[{"href":"http:\/\/archiv.szolnoktv.hu\/index.php?rest_route=\/wp\/v2\/posts"}],"about":[{"href":"http:\/\/archiv.szolnoktv.hu\/index.php?rest_route=\/wp\/v2\/types\/post"}],"author":[{"embeddable":true,"href":"http:\/\/archiv.szolnoktv.hu\/index.php?rest_route=\/wp\/v2\/users\/2"}],"replies":[{"embeddable":true,"href":"http:\/\/archiv.szolnoktv.hu\/index.php?rest_route=%2Fwp%2Fv2%2Fcomments&post=8112"}],"version-history":[{"count":1,"href":"http:\/\/archiv.szolnoktv.hu\/index.php?rest_route=\/wp\/v2\/posts\/8112\/revisions"}],"predecessor-version":[{"id":8125,"href":"http:\/\/archiv.szolnoktv.hu\/index.php?rest_route=\/wp\/v2\/posts\/8112\/revisions\/8125"}],"wp:attachment":[{"href":"http:\/\/archiv.szolnoktv.hu\/index.php?rest_route=%2Fwp%2Fv2%2Fmedia&parent=8112"}],"wp:term":[{"taxonomy":"category","embeddable":true,"href":"http:\/\/archiv.szolnoktv.hu\/index.php?rest_route=%2Fwp%2Fv2%2Fcategories&post=8112"},{"taxonomy":"post_tag","embeddable":true,"href":"http:\/\/archiv.szolnoktv.hu\/index.php?rest_route=%2Fwp%2Fv2%2Ftags&post=8112"}],"curies":[{"name":"wp","href":"https:\/\/api.w.org\/{rel}","templated":true}]}}