{"id":8111,"date":"2018-02-02T18:13:10","date_gmt":"2018-02-02T18:13:10","guid":{"rendered":"http:\/\/archiv.szolnoktv.hu\/?p=8111"},"modified":"2021-08-13T18:16:03","modified_gmt":"2021-08-13T18:16:03","slug":"nem-latta-meg-arnyekat-a-jaszberenyi-medveparna","status":"publish","type":"post","link":"http:\/\/archiv.szolnoktv.hu\/?p=8111","title":{"rendered":"Nem l\u00e1tta meg \u00e1rny\u00e9k\u00e1t a j\u00e1szber\u00e9nyi medvep\u00e1rna"},"content":{"rendered":"<div class='booster-block booster-read-block'><\/div><p>\u00c9nekkel csalogatt\u00e1k el\u0151 a Helmutot \u00e9s Macit a j\u00e1szber\u00e9nyi \u00e1llatkertbe l\u00e1togat\u00f3 \u00f3vod\u00e1sok. A gyerekek gy\u00fcm\u00f6lcs\u00f6kb\u0151l \u00e9s z\u00f6lds\u00e9gekb\u0151l \u00f6ssze\u00e1ll\u00edtott komat\u00e1llal k\u00e9sz\u00fcltek a medvep\u00e1rnak az id\u0151j\u00f3sl\u00e1s\u00e9rt cser\u00e9be. <\/p>\n<p>-Megett\u00fck a medv\u00e9ket \u00e9s megn\u00e9zt\u00fck azt is, hogy vannak-e \u00e1rny\u00e9kok vagy nem.&#8221;-mondta Baranyi Laura. <\/p>\n<p>A n\u00e9pi hiedelem szerint, ha febru\u00e1r m\u00e1sodik\u00e1n a barlangj\u00e1b\u00f3l el\u0151b\u00faj\u00f3 medve megl\u00e1tja \u00e1rny\u00e9k\u00e1t, akkor m\u00e9g v\u00e1rni kell a tavaszra. A monda gy\u00f6kere J\u00f3kai M\u00f3rhoz vezethet\u0151 vissza, aki  -Az \u00faj f\u00f6ldes\u00far&#8221; c\u00edm\u0171 reg\u00e9ny\u00e9ben \u00edrt el\u0151sz\u00f6r az id\u0151j\u00f3s medve alakj\u00e1r\u00f3l. J\u00e1szber\u00e9nyben a gyerekek, de Helmut \u00e9s Maci sem l\u00e1tott naps\u00fct\u00e9st. <\/p>\n<p>-Nem volt naps\u00fct\u00e9s. J\u00f6n a tavasz.&#8221;- mes\u00e9lte Benke Anna Petra<\/p>\n<p>Az \u00f3vod\u00e1sok a gondoz\u00f3kt\u00f3l azt is megtudhatt\u00e1k, hogy mi\u00e9rt alszanak t\u00e9li \u00e1lmot a medv\u00e9k, illetve hogyan k\u00e9sz\u00fclnek fel a t\u00e9li h\u00f3napokra.<\/p>\n<p>-Az \u00f3vod\u00e1sokat interakt\u00edv m\u00f3don bevontuk ebbe a mai medve etet\u00e9sbe. L\u00e1thattuk, hogy \u0151k k\u00e9sz\u00edtett\u00e9k el a takarm\u00e1nyukat. Szeretn\u00e9nk, hogy min\u00e9l hamarabb -a gyerekek m\u00e9g nyitottak- hogy odafigyeljenek a k\u00f6rnyezetre \u00e9s a minket k\u00f6r\u00fclvev\u0151 vil\u00e1gra. \u00fagy gondolom, hogy ez az \u00e9lm\u00e9ny, amit itt kapnak hossz\u00fat\u00e1von k\u00f6rnyezettudatos viselked\u00e9st fognak kialak\u00edtani.&#8221;- mondta Fercsik P\u00e9ter a J\u00e1szber\u00e9nyi \u00c1llat \u00e9s- N\u00f6v\u00e9nykert gy\u0171jtem\u00e9nyvezet\u0151je.<\/p>\n<p>Febru\u00e1r m\u00e1sodik\u00e1hoz t\u00f6bb m\u00e1s szok\u00e1s is kapcsol\u00f3dik. Ezen a napon szentelik meg a mis\u00e9kre sz\u00e1nt gyerty\u00e1kat a kereszt\u00e9nyek, de ekkor osztott\u00e1k egykor a -Bal\u00e1zs-\u00e1ld\u00e1st&#8221; is, ami a hiedelem szerint minden torokbetegs\u00e9gt\u0151l megv\u00e9dte az \u00e1ld\u00e1s k\u00e9r\u0151j\u00e9t. <\/p>\n<div style=\"width: 640px;\" class=\"wp-video\"><!--[if lt IE 9]><script>document.createElement('video');<\/script><![endif]-->\n<video class=\"wp-video-shortcode\" id=\"video-8111-1\" width=\"640\" height=\"360\" preload=\"metadata\" controls=\"controls\"><source type=\"video\/mp4\" src=\"\/spots\/hir\/hir_180202_06.mp4?_=1\" \/><a href=\"\/spots\/hir\/hir_180202_06.mp4\">\/spots\/hir\/hir_180202_06.mp4<\/a><\/video><\/div>\n","protected":false},"excerpt":{"rendered":"<p>\u00c9nekkel csalogatt\u00e1k el\u0151 a Helmutot \u00e9s Macit a j\u00e1szber\u00e9nyi \u00e1llatkertbe l\u00e1togat\u00f3 \u00f3vod\u00e1sok. A gyerekek gy\u00fcm\u00f6lcs\u00f6kb\u0151l \u00e9s z\u00f6lds\u00e9gekb\u0151l \u00f6ssze\u00e1ll\u00edtott komat\u00e1llal k\u00e9sz\u00fcltek a medvep\u00e1rnak az id\u0151j\u00f3sl\u00e1s\u00e9rt cser\u00e9be. -Megett\u00fck a medv\u00e9ket \u00e9s megn\u00e9zt\u00fck azt is, hogy vannak-e \u00e1rny\u00e9kok vagy nem.&#8221;-mondta Baranyi Laura. A n\u00e9pi hiedelem szerint, ha febru\u00e1r m\u00e1sodik\u00e1n a barlangj\u00e1b\u00f3l el\u0151b\u00faj\u00f3 medve megl\u00e1tja \u00e1rny\u00e9k\u00e1t, akkor m\u00e9g v\u00e1rni [&hellip;]<\/p>\n","protected":false},"author":2,"featured_media":0,"comment_status":"closed","ping_status":"closed","sticky":false,"template":"","format":"standard","meta":[],"categories":[9],"tags":[],"_links":{"self":[{"href":"http:\/\/archiv.szolnoktv.hu\/index.php?rest_route=\/wp\/v2\/posts\/8111"}],"collection":[{"href":"http:\/\/archiv.szolnoktv.hu\/index.php?rest_route=\/wp\/v2\/posts"}],"about":[{"href":"http:\/\/archiv.szolnoktv.hu\/index.php?rest_route=\/wp\/v2\/types\/post"}],"author":[{"embeddable":true,"href":"http:\/\/archiv.szolnoktv.hu\/index.php?rest_route=\/wp\/v2\/users\/2"}],"replies":[{"embeddable":true,"href":"http:\/\/archiv.szolnoktv.hu\/index.php?rest_route=%2Fwp%2Fv2%2Fcomments&post=8111"}],"version-history":[{"count":1,"href":"http:\/\/archiv.szolnoktv.hu\/index.php?rest_route=\/wp\/v2\/posts\/8111\/revisions"}],"predecessor-version":[{"id":8126,"href":"http:\/\/archiv.szolnoktv.hu\/index.php?rest_route=\/wp\/v2\/posts\/8111\/revisions\/8126"}],"wp:attachment":[{"href":"http:\/\/archiv.szolnoktv.hu\/index.php?rest_route=%2Fwp%2Fv2%2Fmedia&parent=8111"}],"wp:term":[{"taxonomy":"category","embeddable":true,"href":"http:\/\/archiv.szolnoktv.hu\/index.php?rest_route=%2Fwp%2Fv2%2Fcategories&post=8111"},{"taxonomy":"post_tag","embeddable":true,"href":"http:\/\/archiv.szolnoktv.hu\/index.php?rest_route=%2Fwp%2Fv2%2Ftags&post=8111"}],"curies":[{"name":"wp","href":"https:\/\/api.w.org\/{rel}","templated":true}]}}