{"id":8110,"date":"2018-02-02T18:10:21","date_gmt":"2018-02-02T18:10:21","guid":{"rendered":"http:\/\/archiv.szolnoktv.hu\/?p=8110"},"modified":"2021-08-13T18:16:03","modified_gmt":"2021-08-13T18:16:03","slug":"2018-ban-is-varja-a-felajanlasokat-a-szolnok-segit-program","status":"publish","type":"post","link":"http:\/\/archiv.szolnoktv.hu\/?p=8110","title":{"rendered":"2018-ban is v\u00e1rja a felaj\u00e1nl\u00e1sokat a Szolnok Seg\u00edt Program"},"content":{"rendered":"<div class='booster-block booster-read-block'><\/div><p>Adom\u00e1nyokban gazdag \u00e9vet z\u00e1rt a Szolnok Seg\u00edt program 2017-ben. <\/p>\n<p>Kiss Rita a  Szolnok Seg\u00edt Program  koordin\u00e1tora elmondta: <\/p>\n<p>-&#8220;T\u00falnyom\u00f3 t\u00f6bbs\u00e9g\u00e9ben elmondhat\u00f3, hogy mag\u00e1nszem\u00e9lyek adom\u00e1nyoznak, f\u0151k\u00e9nt t\u00e1rgyi adom\u00e1nyokat. Ruhanem\u0171, j\u00e1t\u00e9k, tart\u00f3s \u00e9lelmiszer, b\u00fator, de volt t\u00fczel\u0151  is. Bar\u00e1ti t\u00e1rsas\u00e1gok, c\u00e9gek int\u00e9zm\u00e9nyek is szerencs\u00e9re j\u00f6nnek \u00e9s jelentkeznek. &#8211;<\/p>\n<p> T\u00f6bb szem\u00fcveget \u00e9s kaptak az \u00fcgyfelek \u00e9s a Rotary j\u00f3volt\u00e1b\u00f3l kab\u00e1tot is adom\u00e1nyoztak a programnak. <\/p>\n<p>-&#8220;A Csal\u00e1d \u00e9s Gyermekj\u00f3l\u00e9ti Szolg\u00e1latban k\u00f6zel ezer csal\u00e1ddal dolgozunk, vannak egyed\u00fcl\u00e1ll\u00f3k, de a legt\u00f6bbe a gyermekes csal\u00e1d. Van ahol 5-6, de ak\u00e1r m\u00e9g 10 gyerek is. Vannak akik m\u00e9g most ker\u00fclnek a l\u00e1t\u00f3ter\u00fcnkbe&#8221;-tette hozz\u00e1 a koordin\u00e1tor.<\/p>\n<p>Legink\u00e1bb gyermekruh\u00e1kra, t\u00fczel\u0151re, tart\u00f3s \u00e9lelmiszerre van sz\u00fcks\u00e9g. Ugyanakkor vannak akik p\u00e9nzadom\u00e1nnyal seg\u00edtik a program \u00fcgyfeleit. <\/p>\n<p>-&#8220;M\u00e1r jelentkeztek azok az adom\u00e1nyoz\u00f3k akik eddig is itt voltak, l\u00e1st az EMO optika, vagy mag\u00e1nszem\u00e9ly. Illetve van \u00faj is, nagy \u00f6r\u00f6mmel fogadtuk, hogy Nyergesn\u00e9 Dr. Farkas Gabriella a kult\u00fara napj\u00e1n kapott d\u00edjhoz tartoz\u00f3 p\u00e9nzjutalmat felaj\u00e1nlja a Szolnok Seg\u00edt Program r\u00e9sz\u00e9re&#8221;-folytatta Kiss Rita.<\/p>\n<p>A felaj\u00e1nl\u00e1sokat 2018-ban is a Hum\u00e1n Szolg\u00e1ltat\u00f3 K\u00f6zpont el\u00e9rhet\u0151s\u00e9gein jelezhetik. <\/p>\n<div style=\"width: 640px;\" class=\"wp-video\"><!--[if lt IE 9]><script>document.createElement('video');<\/script><![endif]-->\n<video class=\"wp-video-shortcode\" id=\"video-8110-1\" width=\"640\" height=\"360\" preload=\"metadata\" controls=\"controls\"><source type=\"video\/mp4\" src=\"\/spots\/hir\/hir_180202_03.mp4?_=1\" \/><a href=\"\/spots\/hir\/hir_180202_03.mp4\">\/spots\/hir\/hir_180202_03.mp4<\/a><\/video><\/div>\n","protected":false},"excerpt":{"rendered":"<p>Adom\u00e1nyokban gazdag \u00e9vet z\u00e1rt a Szolnok Seg\u00edt program 2017-ben. Kiss Rita a Szolnok Seg\u00edt Program koordin\u00e1tora elmondta: -&#8220;T\u00falnyom\u00f3 t\u00f6bbs\u00e9g\u00e9ben elmondhat\u00f3, hogy mag\u00e1nszem\u00e9lyek adom\u00e1nyoznak, f\u0151k\u00e9nt t\u00e1rgyi adom\u00e1nyokat. Ruhanem\u0171, j\u00e1t\u00e9k, tart\u00f3s \u00e9lelmiszer, b\u00fator, de volt t\u00fczel\u0151 is. Bar\u00e1ti t\u00e1rsas\u00e1gok, c\u00e9gek int\u00e9zm\u00e9nyek is szerencs\u00e9re j\u00f6nnek \u00e9s jelentkeznek. &#8211; T\u00f6bb szem\u00fcveget \u00e9s kaptak az \u00fcgyfelek \u00e9s a Rotary j\u00f3volt\u00e1b\u00f3l [&hellip;]<\/p>\n","protected":false},"author":2,"featured_media":0,"comment_status":"closed","ping_status":"closed","sticky":false,"template":"","format":"standard","meta":[],"categories":[9],"tags":[],"_links":{"self":[{"href":"http:\/\/archiv.szolnoktv.hu\/index.php?rest_route=\/wp\/v2\/posts\/8110"}],"collection":[{"href":"http:\/\/archiv.szolnoktv.hu\/index.php?rest_route=\/wp\/v2\/posts"}],"about":[{"href":"http:\/\/archiv.szolnoktv.hu\/index.php?rest_route=\/wp\/v2\/types\/post"}],"author":[{"embeddable":true,"href":"http:\/\/archiv.szolnoktv.hu\/index.php?rest_route=\/wp\/v2\/users\/2"}],"replies":[{"embeddable":true,"href":"http:\/\/archiv.szolnoktv.hu\/index.php?rest_route=%2Fwp%2Fv2%2Fcomments&post=8110"}],"version-history":[{"count":1,"href":"http:\/\/archiv.szolnoktv.hu\/index.php?rest_route=\/wp\/v2\/posts\/8110\/revisions"}],"predecessor-version":[{"id":8127,"href":"http:\/\/archiv.szolnoktv.hu\/index.php?rest_route=\/wp\/v2\/posts\/8110\/revisions\/8127"}],"wp:attachment":[{"href":"http:\/\/archiv.szolnoktv.hu\/index.php?rest_route=%2Fwp%2Fv2%2Fmedia&parent=8110"}],"wp:term":[{"taxonomy":"category","embeddable":true,"href":"http:\/\/archiv.szolnoktv.hu\/index.php?rest_route=%2Fwp%2Fv2%2Fcategories&post=8110"},{"taxonomy":"post_tag","embeddable":true,"href":"http:\/\/archiv.szolnoktv.hu\/index.php?rest_route=%2Fwp%2Fv2%2Ftags&post=8110"}],"curies":[{"name":"wp","href":"https:\/\/api.w.org\/{rel}","templated":true}]}}