{"id":8109,"date":"2018-02-02T18:05:18","date_gmt":"2018-02-02T18:05:18","guid":{"rendered":"http:\/\/archiv.szolnoktv.hu\/?p=8109"},"modified":"2021-08-13T18:16:04","modified_gmt":"2021-08-13T18:16:04","slug":"szolnokon-is-elindult-a-boldogsagora-kepzes","status":"publish","type":"post","link":"http:\/\/archiv.szolnoktv.hu\/?p=8109","title":{"rendered":"Szolnokon is elindult a Boldogs\u00e1g\u00f3ra k\u00e9pz\u00e9s"},"content":{"rendered":"<div class='booster-block booster-read-block'><\/div><p>A boldogs\u00e1g\u00f3r\u00e1k program 10 t\u00e9mak\u00f6rre  \u00e9p\u00fcl, mely a h\u00e1la, az optimizmus, a j\u00f3 kapcsolatok , a j\u00f3 cselekedetek , a megk\u00fczd\u00e9s, megbocs\u00e1t\u00e1s, testi, lelki eg\u00e9szs\u00e9g t\u00e9m\u00e1it boncolgatja. A 3 napos 30 \u00f3r\u00e1s tr\u00e9ning \u00e1ltal\u00e1nos iskol\u00e1ban tan\u00edt\u00f3 pedag\u00f3gusoknak sz\u00f3l.   Vatai Soma m\u00e1r kor\u00e1bban tal\u00e1lkozott a programmal, alkalmazza is tan\u00edtv\u00e1nyain\u00e1l.<\/p>\n<p> Vatai Soma a boldogs\u00e1g iskola h\u00e1l\u00f3zati koordin\u00e1tora elmondta<\/p>\n<p>.&#8221;Tudom\u00e1nyosan igazolt az, hogy a program t\u00f6bb alkalomszer\u0171 haszn\u00e1lat\u00e1val  l\u00e9nyegesen cs\u00f6kkenthet\u0151 a gyermekek iskolai szorong\u00e1sa \u00e9s a teljes\u00edt\u0151k\u00e9pess\u00e9g\u00fck pedig pozit\u00edv ir\u00e1nyba fejl\u0151dik. &#8211;<\/p>\n<p>B\u00e1r Szolnokon ez az els\u0151, az Emberi Er\u0151forr\u00e1sok Miniszt\u00e9riuma \u00e1ltal t\u00e1mogatott k\u00e9pz\u00e9s, t\u00f6bb iskol\u00e1ban m\u00e1r alkalmazz\u00e1k a m\u00f3dszert. <\/p>\n<p>Szutorisz -Sz\u00fcgyi Csongor  szolnoki tanker\u00fcleti igazgat\u00f3 :<\/p>\n<p>-&#8220;Jelenleg a tanker\u00fcleti szinten 5-6 iskol\u00e1ban van ilyen, most \u00fagy l\u00e1tom, hogy 1-2 plusz iskol\u00e1b\u00f3l is j\u00f6ttek. Egy-egy iskol\u00e1n\u00e1l ez a tantest\u00fclet min\u00e9l nagyobb r\u00e9sz\u00e9re kiterjedhetne, hiszen egy fecske nem csin\u00e1l nyarat, de rem\u00e9lj\u00fck, hogy min\u00e9l t\u00f6bben csatlakoznak majd ehhez a programhoz. &#8211;<\/p>\n<p>Az \u00e9rzelmi nevel\u00e9s elterjeszt\u00e9se, az \u00e9rzelmi intelligencia fejleszt\u00e9se  seg\u00edti a di\u00e1kok  megk\u00fczd\u0151 k\u00e9pess\u00e9g\u00e9nek \u00e9s a pszich\u00e9s immunrendszer\u00e9nek er\u0151s\u00f6d\u00e9s\u00e9t. <\/p>\n<p>Dezs\u0151 Anita  tr\u00e9ner,  Jobb Veled a Vil\u00e1g Alap\u00edtv\u00e1ny :<\/p>\n<p>-&#8220;200 \u00f3ta \u00f6n\u00e1ll\u00f3 tudom\u00e1ny\u00e1g a vil\u00e1gban a pozit\u00edv pszichol\u00f3gia, minden egyetem k\u00fcl\u00f6n kara van. A mi programunk erre \u00e9p\u00fcl. A pozit\u00edv pszichol\u00f3gia kutat\u00e1sai, eredm\u00e9nyei  nyom\u00e1n k\u00e9sz\u00fclt el a program. Partner\u00fcnk az ELTE Pozit\u00edv Pszichol\u00f3gia Tansz\u00e9ke. &#8211;<\/p>\n<p> A tr\u00e9ning sor\u00e1n olyan hollisztikus m\u00f3dszereket tanulnak mely a gyerekek \u00f6nismeret\u00e9t \u00e9s stressz t\u0171r\u0151 k\u00e9pess\u00e9g\u00e9t is seg\u00edti. A m\u00f3dszert nemcsak oszt\u00e1lyf\u0151n\u00f6ki \u00f3r\u00e1kon, hanem ak\u00e1r magyar \u00f3r\u00e1kba illesztve is j\u00f3l lehet alkalmazni-mondta el a tr\u00e9ner. <\/p>\n<div style=\"width: 640px;\" class=\"wp-video\"><!--[if lt IE 9]><script>document.createElement('video');<\/script><![endif]-->\n<video class=\"wp-video-shortcode\" id=\"video-8109-1\" width=\"640\" height=\"360\" preload=\"metadata\" controls=\"controls\"><source type=\"video\/mp4\" src=\"\/spots\/hir\/hir_180202_01.mp4?_=1\" \/><a href=\"\/spots\/hir\/hir_180202_01.mp4\">\/spots\/hir\/hir_180202_01.mp4<\/a><\/video><\/div>\n","protected":false},"excerpt":{"rendered":"<p>A boldogs\u00e1g\u00f3r\u00e1k program 10 t\u00e9mak\u00f6rre \u00e9p\u00fcl, mely a h\u00e1la, az optimizmus, a j\u00f3 kapcsolatok , a j\u00f3 cselekedetek , a megk\u00fczd\u00e9s, megbocs\u00e1t\u00e1s, testi, lelki eg\u00e9szs\u00e9g t\u00e9m\u00e1it boncolgatja. A 3 napos 30 \u00f3r\u00e1s tr\u00e9ning \u00e1ltal\u00e1nos iskol\u00e1ban tan\u00edt\u00f3 pedag\u00f3gusoknak sz\u00f3l. Vatai Soma m\u00e1r kor\u00e1bban tal\u00e1lkozott a programmal, alkalmazza is tan\u00edtv\u00e1nyain\u00e1l. Vatai Soma a boldogs\u00e1g iskola h\u00e1l\u00f3zati koordin\u00e1tora [&hellip;]<\/p>\n","protected":false},"author":2,"featured_media":0,"comment_status":"closed","ping_status":"closed","sticky":false,"template":"","format":"standard","meta":[],"categories":[9],"tags":[],"_links":{"self":[{"href":"http:\/\/archiv.szolnoktv.hu\/index.php?rest_route=\/wp\/v2\/posts\/8109"}],"collection":[{"href":"http:\/\/archiv.szolnoktv.hu\/index.php?rest_route=\/wp\/v2\/posts"}],"about":[{"href":"http:\/\/archiv.szolnoktv.hu\/index.php?rest_route=\/wp\/v2\/types\/post"}],"author":[{"embeddable":true,"href":"http:\/\/archiv.szolnoktv.hu\/index.php?rest_route=\/wp\/v2\/users\/2"}],"replies":[{"embeddable":true,"href":"http:\/\/archiv.szolnoktv.hu\/index.php?rest_route=%2Fwp%2Fv2%2Fcomments&post=8109"}],"version-history":[{"count":1,"href":"http:\/\/archiv.szolnoktv.hu\/index.php?rest_route=\/wp\/v2\/posts\/8109\/revisions"}],"predecessor-version":[{"id":8128,"href":"http:\/\/archiv.szolnoktv.hu\/index.php?rest_route=\/wp\/v2\/posts\/8109\/revisions\/8128"}],"wp:attachment":[{"href":"http:\/\/archiv.szolnoktv.hu\/index.php?rest_route=%2Fwp%2Fv2%2Fmedia&parent=8109"}],"wp:term":[{"taxonomy":"category","embeddable":true,"href":"http:\/\/archiv.szolnoktv.hu\/index.php?rest_route=%2Fwp%2Fv2%2Fcategories&post=8109"},{"taxonomy":"post_tag","embeddable":true,"href":"http:\/\/archiv.szolnoktv.hu\/index.php?rest_route=%2Fwp%2Fv2%2Ftags&post=8109"}],"curies":[{"name":"wp","href":"https:\/\/api.w.org\/{rel}","templated":true}]}}