{"id":8108,"date":"2018-02-02T16:17:55","date_gmt":"2018-02-02T16:17:55","guid":{"rendered":"http:\/\/archiv.szolnoktv.hu\/?p=8108"},"modified":"2021-08-13T18:16:04","modified_gmt":"2021-08-13T18:16:04","slug":"szulok-akademiaja-az-internet-veszelyeirol","status":"publish","type":"post","link":"http:\/\/archiv.szolnoktv.hu\/?p=8108","title":{"rendered":"Sz\u00fcl\u0151k akad\u00e9mi\u00e1ja az  internet vesz\u00e9lyeir\u0151l"},"content":{"rendered":"<div class='booster-block booster-read-block'><\/div><p>Az alfa gener\u00e1ci\u00f3ra, vagyis a digit\u00e1lis bensz\u00fcl\u00f6ttekre leselked\u0151 vesz\u00e9lyekr\u0151l hallhattak el\u0151ad\u00e1st szolnoki kisiskol\u00e1sok sz\u00fclei cs\u00fct\u00f6rt\u00f6k\u00f6n este. A J\u00e1sz-Nagykun-Szolnok Megyei Rend\u0151r-F\u0151kapit\u00e1nys\u00e1g szakembere r\u00e9szletesen elemezte a vil\u00e1gh\u00e1l\u00f3 s\u00f6t\u00e9t oldal\u00e1t. <\/p>\n<p>M\u00e9sz\u00e1ros J\u00e1nos r.  alezredes , b\u0171nmegel\u0151z\u00e9si is drogprevenci\u00f3s tan\u00e1csad\u00f3 elmondta<\/p>\n<p>-&#8220;Nem maga a technol\u00f3gia, nem maga az internet vesz\u00e9lyes, hanem a felhaszn\u00e1l\u00f3k. \u00d5k jelentenek egym\u00e1sra, saj\u00e1t magukra vesz\u00e9lyeket \u00e9s persze vannak akik kihaszn\u00e1lj\u00e1k ezt, az internetes b\u0171n\u00f6z\u00e9s egyre ink\u00e1bb elterjed. Viszonylag k\u00f6nny\u0171 elrejt\u0151zk\u00f6dni az interneten. &#8211;<\/p>\n<p> A rend\u0151rs\u00e9g k\u00fcl\u00f6n oszt\u00e1lyai foglalkoznak a netes b\u0171n\u00f6z\u00e9ssel.Ez a p\u00e1rbesz\u00e9d, mely v\u00e9g\u00fcl tal\u00e1lkoz\u00f3val z\u00e1rult -egy pedofil b\u0171n\u00f6z\u0151 \u00e9s a  tizen\u00e9ves kisl\u00e1ny profilja m\u00f6g\u00e9 b\u00fajt rend\u0151r\u00f6k k\u00f6z\u00f6tt zajlott. <br \/>A Mathias Corvinus Coll\u00e9gium Fiatal Tehets\u00e9g Programj\u00e1nak ingyenes tehets\u00e9ggondoz\u00f3 kezdem\u00e9nyez\u00e9s\u00e9nek r\u00e9sze a sz\u00fcl\u0151k akad\u00e9mi\u00e1ja. Az el\u0151ad\u00e1sokon a sz\u00fcl\u0151k k\u00e9pz\u00e9se,  szeml\u00e9letform\u00e1l\u00e1sa is c\u00e9l.  <\/p>\n<p> Erdei Tibor: <\/p>\n<p>-&#8220;L\u00e1tok vesz\u00e9lyeket, azt m\u00e9g nem nagyon tudom, hogy hogyan kellene ezt megoldani, de azt tapasztalom, hogy most m\u00e9g a j\u00f3 oldalon \u00e1ll, itt meg majd megtudom, hogy mit kellene csin\u00e1lni, kapok seg\u00edts\u00e9get. &#8211;<\/p>\n<p> Az el\u0151ad\u00e1s\u00e1ban arra is figyelmeztetett a szek\u00e9rt\u0151, hogy sok di\u00e1k a lak\u00e1sban szelfizik mag\u00e1r\u00f3l, majd ki\u00edrja, hogy nyaralni mennek a  sz\u00fcl\u0151kkel, szabad pr\u00e9d\u00e1v\u00e1 t\u00e9ve \u00edgy vagyont\u00e1rgyaikat. Sokszor pedig saj\u00e1t magukat is. <\/p>\n<p>-&#8220;A fiatalok k\u00f6r\u00e9ben nagyon elterjedt a szexting, felh\u00edv\u00e1s, hogy k\u00e9rj\u00e9l magadr\u00f3l f\u00e9nyk\u00e9pet ruha n\u00e9lk\u00fcl. Ezeket osztogatj\u00e1k meg \u00e9s nevets\u00e9g t\u00e1rgy\u00e1v\u00e1 v\u00e1llalnak \u00e9s k\u00e9s\u0151bb ebb\u0151l kellemetlens\u00e9g\u00fck lehet&#8221;-tette hozz\u00e1 az alezredes. <\/p>\n<p>Egym\u00e1s s\u00e9rteget\u00e9se \u00e9s egym\u00e1s level\u00e9nek elolvas\u00e1sa , a zaklat\u00e1s  is komoly b\u00fcntet\u0151jogi k\u00f6vetkezm\u00e9nyekkel j\u00e1rhat. <br \/>A kisiskol\u00e1s gyerekek t\u00f6bbs\u00e9g\u00e9nek m\u00e1r van mobiltelefonja, amin sokan m\u00e1r interneteznek is. <br \/> A sz\u00fcl\u0151k a vil\u00e1gh\u00e1l\u00f3 vesz\u00e9lyein t\u00fal azokat a megold\u00e1sokat is megismerhett\u00e9k, melyekkel seg\u00edteni tudj\u00e1k gyermekeik biztons\u00e1g\u00e1t.<\/p>\n<div style=\"width: 640px;\" class=\"wp-video\"><!--[if lt IE 9]><script>document.createElement('video');<\/script><![endif]-->\n<video class=\"wp-video-shortcode\" id=\"video-8108-1\" width=\"640\" height=\"360\" preload=\"metadata\" controls=\"controls\"><source type=\"video\/mp4\" src=\"\/spots\/hir\/hir_180202_02.mp4?_=1\" \/><a href=\"\/spots\/hir\/hir_180202_02.mp4\">\/spots\/hir\/hir_180202_02.mp4<\/a><\/video><\/div>\n","protected":false},"excerpt":{"rendered":"<p>Az alfa gener\u00e1ci\u00f3ra, vagyis a digit\u00e1lis bensz\u00fcl\u00f6ttekre leselked\u0151 vesz\u00e9lyekr\u0151l hallhattak el\u0151ad\u00e1st szolnoki kisiskol\u00e1sok sz\u00fclei cs\u00fct\u00f6rt\u00f6k\u00f6n este. A J\u00e1sz-Nagykun-Szolnok Megyei Rend\u0151r-F\u0151kapit\u00e1nys\u00e1g szakembere r\u00e9szletesen elemezte a vil\u00e1gh\u00e1l\u00f3 s\u00f6t\u00e9t oldal\u00e1t. M\u00e9sz\u00e1ros J\u00e1nos r. alezredes , b\u0171nmegel\u0151z\u00e9si is drogprevenci\u00f3s tan\u00e1csad\u00f3 elmondta -&#8220;Nem maga a technol\u00f3gia, nem maga az internet vesz\u00e9lyes, hanem a felhaszn\u00e1l\u00f3k. \u00d5k jelentenek egym\u00e1sra, saj\u00e1t magukra vesz\u00e9lyeket [&hellip;]<\/p>\n","protected":false},"author":2,"featured_media":0,"comment_status":"closed","ping_status":"closed","sticky":false,"template":"","format":"standard","meta":[],"categories":[9],"tags":[],"_links":{"self":[{"href":"http:\/\/archiv.szolnoktv.hu\/index.php?rest_route=\/wp\/v2\/posts\/8108"}],"collection":[{"href":"http:\/\/archiv.szolnoktv.hu\/index.php?rest_route=\/wp\/v2\/posts"}],"about":[{"href":"http:\/\/archiv.szolnoktv.hu\/index.php?rest_route=\/wp\/v2\/types\/post"}],"author":[{"embeddable":true,"href":"http:\/\/archiv.szolnoktv.hu\/index.php?rest_route=\/wp\/v2\/users\/2"}],"replies":[{"embeddable":true,"href":"http:\/\/archiv.szolnoktv.hu\/index.php?rest_route=%2Fwp%2Fv2%2Fcomments&post=8108"}],"version-history":[{"count":1,"href":"http:\/\/archiv.szolnoktv.hu\/index.php?rest_route=\/wp\/v2\/posts\/8108\/revisions"}],"predecessor-version":[{"id":8129,"href":"http:\/\/archiv.szolnoktv.hu\/index.php?rest_route=\/wp\/v2\/posts\/8108\/revisions\/8129"}],"wp:attachment":[{"href":"http:\/\/archiv.szolnoktv.hu\/index.php?rest_route=%2Fwp%2Fv2%2Fmedia&parent=8108"}],"wp:term":[{"taxonomy":"category","embeddable":true,"href":"http:\/\/archiv.szolnoktv.hu\/index.php?rest_route=%2Fwp%2Fv2%2Fcategories&post=8108"},{"taxonomy":"post_tag","embeddable":true,"href":"http:\/\/archiv.szolnoktv.hu\/index.php?rest_route=%2Fwp%2Fv2%2Ftags&post=8108"}],"curies":[{"name":"wp","href":"https:\/\/api.w.org\/{rel}","templated":true}]}}