{"id":8106,"date":"2018-02-01T19:36:26","date_gmt":"2018-02-01T19:36:26","guid":{"rendered":"http:\/\/archiv.szolnoktv.hu\/?p=8106"},"modified":"2021-08-13T18:16:04","modified_gmt":"2021-08-13T18:16:04","slug":"megkezdodott-a-felevi-bizonyitvanyok-kiosztasa","status":"publish","type":"post","link":"http:\/\/archiv.szolnoktv.hu\/?p=8106","title":{"rendered":"Megkezd\u0151d\u00f6tt a f\u00e9l\u00e9vi bizony\u00edtv\u00e1nyok kioszt\u00e1sa"},"content":{"rendered":"<div class='booster-block booster-read-block'><\/div><p>Oszt\u00e1lyf\u0151n\u00f6k\u00fckt\u0151l vett\u00e9k \u00e1t f\u00e9l\u00e9vi bizony\u00edtv\u00e1nyukat ma reggel a Fiumei \u00dati \u00c1ltal\u00e1nos Iskola 8.b oszt\u00e1lyos tanul\u00f3i. Az iskol\u00e1ban elektronikus napl\u00f3t haszn\u00e1lnak, ez\u00e9rt az int\u00e9zm\u00e9nyben tanul\u00f3 k\u00f6zel 550 di\u00e1k nyomtatott form\u00e1ban kapta meg \u00e9rt\u00e9kel\u00e9s\u00e9t. <\/p>\n<p>-Nyilv\u00e1nval\u00f3an nehezebb volt mint a t\u00f6bbi \u00e9v, mivel a felv\u00e9telire nagyon kellett k\u00e9sz\u00fclni. De ett\u0151l f\u00fcggetlen\u00fcl tudtam tartani a l\u00e9p\u00e9st az oszt\u00e1llyal.&#8221;- mes\u00e9lte De\u00e1k D\u00e1vid.<\/p>\n<p>A di\u00e1koknak fontos volt a j\u00f3 eredm\u00e9ny, hiszen a k\u00f6zponti feladatsor mellett a tanulm\u00e1nyi jegyek is pontot jelentenek a felv\u00e9telin\u00e9l. <\/p>\n<p>-A hetedik \u00e9v v\u00e9g\u00e9t vissz\u00fck, meg ezt a nyolcadik f\u00e9l\u00e9vet, amit most kaptunk meg. Ez\u00e9rt is kellett tanulni r\u00e1, hogy min\u00e9l jobb pontokat tudjunk vinni a k\u00f6z\u00e9piskol\u00e1ba.&#8221;- tette hozz\u00e1 R\u0151czey S\u00e1ra. <\/p>\n<p>A Sz\u00e9chenyi Gimn\u00e1ziumban a 11.b-sek is ma vehett\u00e9k \u00e1t bizony\u00edtv\u00e1nyukat. Az oszt\u00e1ly 4.5 \u00e1tlaggal z\u00e1rta a f\u00e9l\u00e9vet, ezzel az iskola egyik legeredm\u00e9nyesebbje lett.<\/p>\n<p>-El\u00e9g fontos, hogy ebben a f\u00e9l\u00e9vben is hajtsunk, hiszen az \u00e9v\u00e9gibe m\u00e1r belesz\u00e1m\u00edt a f\u00e9l\u00e9v is \u00e9s nem nagyon k\u00e9ne lerontani az \u00e1tlagunkat, ez\u00e9rt mindenk\u00e9pp oda kell figyelni mindenk\u00e9pp m\u00e9g ebben a f\u00e9l\u00e9vben is.&#8221;- mondta K\u00e1tai M\u00e1t\u00e9.<\/p>\n<p>A Tiszaparti R\u00f3mai Katolikus \u00c1ltal\u00e1nos Iskola \u00e9s Gimn\u00e1zium als\u00f3sai p\u00e9nteken kapj\u00e1k meg f\u00e9l\u00e9vi bizony\u00edtv\u00e1nyukat, de az izgalom m\u00e1r most nagy. A 3. oszt\u00e1lyosok v\u00e1rakoz\u00e1saikat is elmondt\u00e1k. <\/p>\n<p>-Szerintem m\u00e9g \u00f6t\u00f6s, nem annyira csillagos, de nagyon er\u0151sen \u00f6t\u00f6s.&#8221;- mes\u00e9lte Reh\u00f3 Bence.<\/p>\n<p> -A f\u00e9l\u00e9vi jegyek nagyon j\u00f3k lettek. \u00c9n \u00fagy \u00e9rzem, hogy a bizony\u00edtv\u00e1ny is j\u00f3 lesz.&#8221;- tette hozz\u00e1 M\u00e9sz\u00e1ros Zolt\u00e1n R\u00f3bert.<\/p>\n<p>A f\u00e9l\u00e9vi bizony\u00edtv\u00e1ny eredm\u00e9nye nem csak a felv\u00e9teli el\u0151tt \u00e1ll\u00f3knak fontos. A jegyek \u00fatmutat\u00f3k a di\u00e1koknak ahhoz, hogy mennyit kell m\u00e9g fejl\u0151dni \u00e9v\u00e9g\u00e9ig. <\/p>\n<div style=\"width: 640px;\" class=\"wp-video\"><!--[if lt IE 9]><script>document.createElement('video');<\/script><![endif]-->\n<video class=\"wp-video-shortcode\" id=\"video-8106-1\" width=\"640\" height=\"360\" preload=\"metadata\" controls=\"controls\"><source type=\"video\/mp4\" src=\"\/spots\/hir\/hir_180201_05.mp4?_=1\" \/><a href=\"\/spots\/hir\/hir_180201_05.mp4\">\/spots\/hir\/hir_180201_05.mp4<\/a><\/video><\/div>\n","protected":false},"excerpt":{"rendered":"<p>Oszt\u00e1lyf\u0151n\u00f6k\u00fckt\u0151l vett\u00e9k \u00e1t f\u00e9l\u00e9vi bizony\u00edtv\u00e1nyukat ma reggel a Fiumei \u00dati \u00c1ltal\u00e1nos Iskola 8.b oszt\u00e1lyos tanul\u00f3i. Az iskol\u00e1ban elektronikus napl\u00f3t haszn\u00e1lnak, ez\u00e9rt az int\u00e9zm\u00e9nyben tanul\u00f3 k\u00f6zel 550 di\u00e1k nyomtatott form\u00e1ban kapta meg \u00e9rt\u00e9kel\u00e9s\u00e9t. -Nyilv\u00e1nval\u00f3an nehezebb volt mint a t\u00f6bbi \u00e9v, mivel a felv\u00e9telire nagyon kellett k\u00e9sz\u00fclni. De ett\u0151l f\u00fcggetlen\u00fcl tudtam tartani a l\u00e9p\u00e9st az oszt\u00e1llyal.&#8221;- mes\u00e9lte [&hellip;]<\/p>\n","protected":false},"author":2,"featured_media":0,"comment_status":"closed","ping_status":"closed","sticky":false,"template":"","format":"standard","meta":[],"categories":[9],"tags":[],"_links":{"self":[{"href":"http:\/\/archiv.szolnoktv.hu\/index.php?rest_route=\/wp\/v2\/posts\/8106"}],"collection":[{"href":"http:\/\/archiv.szolnoktv.hu\/index.php?rest_route=\/wp\/v2\/posts"}],"about":[{"href":"http:\/\/archiv.szolnoktv.hu\/index.php?rest_route=\/wp\/v2\/types\/post"}],"author":[{"embeddable":true,"href":"http:\/\/archiv.szolnoktv.hu\/index.php?rest_route=\/wp\/v2\/users\/2"}],"replies":[{"embeddable":true,"href":"http:\/\/archiv.szolnoktv.hu\/index.php?rest_route=%2Fwp%2Fv2%2Fcomments&post=8106"}],"version-history":[{"count":1,"href":"http:\/\/archiv.szolnoktv.hu\/index.php?rest_route=\/wp\/v2\/posts\/8106\/revisions"}],"predecessor-version":[{"id":8131,"href":"http:\/\/archiv.szolnoktv.hu\/index.php?rest_route=\/wp\/v2\/posts\/8106\/revisions\/8131"}],"wp:attachment":[{"href":"http:\/\/archiv.szolnoktv.hu\/index.php?rest_route=%2Fwp%2Fv2%2Fmedia&parent=8106"}],"wp:term":[{"taxonomy":"category","embeddable":true,"href":"http:\/\/archiv.szolnoktv.hu\/index.php?rest_route=%2Fwp%2Fv2%2Fcategories&post=8106"},{"taxonomy":"post_tag","embeddable":true,"href":"http:\/\/archiv.szolnoktv.hu\/index.php?rest_route=%2Fwp%2Fv2%2Ftags&post=8106"}],"curies":[{"name":"wp","href":"https:\/\/api.w.org\/{rel}","templated":true}]}}