{"id":8105,"date":"2018-02-01T19:12:55","date_gmt":"2018-02-01T19:12:55","guid":{"rendered":"http:\/\/archiv.szolnoktv.hu\/?p=8105"},"modified":"2021-08-13T18:16:04","modified_gmt":"2021-08-13T18:16:04","slug":"duplajara-nottek-a-nemzeti-forrasbol-nyujtott-agrartamogatasok","status":"publish","type":"post","link":"http:\/\/archiv.szolnoktv.hu\/?p=8105","title":{"rendered":"Dupl\u00e1j\u00e1ra n\u0151ttek a nemzeti forr\u00e1sb\u00f3l ny\u00fajtott agr\u00e1rt\u00e1mogat\u00e1sok<br>"},"content":{"rendered":"<div class='booster-block booster-read-block'><\/div><p>A Vid\u00e9kfejleszt\u00e9si program keret\u00e9ben 2018-ig 1300 milli\u00e1rd forint t\u00e1mogat\u00e1st kaptak a mikro-, kis- \u00e9s k\u00f6z\u00e9pv\u00e1llalkoz\u00e1sok, valamint a csal\u00e1di gazdas\u00e1gok \u00e9s a munkaer\u0151-ig\u00e9nyes \u00e1gazatok, mint p\u00e9ld\u00e1ul az \u00e1llatteny\u00e9szt\u00e9s, a kert\u00e9szet vagy az \u00e9lelmiszeripar. Emellett a F\u00f6ldet a gazd\u00e1knak programban 30 ezer magyar f\u00f6ldm\u0171ves szerzett tulajdont, ugyanis 200 ezer hekt\u00e1r \u00e1llami f\u00f6ldet \u00e9rt\u00e9kes\u00edtettek sz\u00e1mukra, amelyb\u0151l 74 ezer hekt\u00e1r fiatal gazd\u00e1k kez\u00e9be ker\u00fclt. <\/p>\n<p>-Megsz\u0171ntek a zsebszerz\u0151d\u00e9sek, megsz\u0171ntek azok a k\u00fclf\u00f6ldi tulajdon\u00fa, felv\u00e1s\u00e1rolt f\u00f6ldter\u00fcletek, amelyek ak\u00e1r itt JNSZ megy\u00e9ben, de a Dun\u00e1nt\u00falon nagy mennyis\u00e9gben voltak.  Magyar gazd\u00e1khoz ker\u00fclt a f\u00f6ld \u00e9s a magyar gazd\u00e1k j\u00f3 gazd\u00e1i a magyar f\u00f6ldnek.&#8221;  &#8211;   mutatott r\u00e1 Kov\u00e1cs S\u00e1ndor, a JNSZ Megyei K\u00f6zgy\u0171l\u00e9s eln\u00f6ke<\/p>\n<p>A f\u00f3rum el\u0151tti sajt\u00f3t\u00e1j\u00e9koztat\u00f3n a f\u00f6ldm\u0171vel\u00e9s\u00fcgyi miniszter \u00fagy fogalmazott: az agr\u00e1rexport \u00e9rt\u00e9ke 2010 \u00f3ta t\u00f6bb mint egyharmad\u00e1val n\u0151tt, a magyar gazd\u00e1k term\u00e9kei n\u00e9pszer\u0171ek \u00e9s keresettek a k\u00fclf\u00f6ldi piacokon. A kivitel mintegy 100 orsz\u00e1gba ir\u00e1nyul, ennek 85 sz\u00e1zal\u00e9ka az Eur\u00f3pai Uni\u00f3 tagorsz\u00e1gaiba ker\u00fcl, a t\u00f6bbi k\u00f6z\u00f6tt Ausztri\u00e1ba, N\u00e9metorsz\u00e1gba, Olaszorsz\u00e1gba \u00e9s Jap\u00e1nba is sz\u00e1ll\u00edtanak a hazai termel\u0151k.<\/p>\n<p>Dr. Fazekas S\u00e1ndor f\u00f6ldm\u0171vel\u00e9s\u00fcgyi miniszter al\u00e1h\u00fazta: -Magyarorsz\u00e1gon a mez\u0151gazdas\u00e1gban \u00e9s az \u00e9lelmiszeriparban \u00f6sszesen mintegy 70.000 \u00faj munkahely j\u00f6tt l\u00e9tre. Ma m\u00e1r a magyar vid\u00e9ken els\u0151sorban nem a munkan\u00e9lk\u00fclis\u00e9g, hanem a munkaer\u0151hi\u00e1ny a jellemz\u0151. A magyar mez\u0151gazdas\u00e1g egy olyan fejl\u0151d\u00e9si p\u00e1ly\u00e1n van, amely az Eur\u00f3pai Uni\u00f3ban az els\u0151 h\u00e1rom k\u00f6z\u00f6tt mutatja a teljes\u00edtm\u00e9ny\u00fcnket.&#8221; <\/p>\n<p>A miniszter kit\u00e9rt arra is, hogy az elm\u00falt 7 \u00e9s f\u00e9l \u00e9v alatt a nemzeti forr\u00e1sb\u00f3l ny\u00fajtott t\u00e1mogat\u00e1sok \u00f6sszege megdupl\u00e1z\u00f3dott, \u00edgy a 2010-es 52,8 milli\u00e1rd forinthoz k\u00e9pest id\u00e9n 109 milli\u00e1rd forint nemzeti forr\u00e1st ford\u00edtanak a gazd\u00e1k t\u00e1mogat\u00e1s\u00e1ra. A legt\u00f6bb forr\u00e1st a szarvasmarha-, a tej- \u00e9s a juh\u00e1gazat kapja, emellett a kor\u00e1bbi keret\u00f6sszeg t\u00f6bbsz\u00f6r\u00f6s\u00e9t 13,2 milli\u00e1rd forintot ford\u00edt a korm\u00e1ny a baromfi- \u00e9s 17,1 milli\u00e1rdot a sert\u00e9s\u00e1gazat t\u00e1mogat\u00e1s\u00e1ra.<\/p>\n<p>-Ez mutatja azt, hogy a Nemzeti \u00dcgyek Korm\u00e1nya tettekben is elk\u00f6telezett a gazdat\u00e1rsadalom seg\u00edt\u00e9se, a vid\u00e9k fejleszt\u00e9se mellett egy er\u0151s mez\u0151gazdas\u00e1g ki\u00e9p\u00edt\u00e9se mellett.&#8221;  &#8211;   mondta a miniszter  <\/p>\n<p> A megtermelt term\u00e9kek piacra jut\u00e1s\u00e1hoz, valamint a megye \u00e9s a r\u00e9gi\u00f3 versenyk\u00e9pess\u00e9g\u00e9nek n\u00f6vel\u00e9s\u00e9hez elengedhetetlen az M4-es gyorsforgalmi \u00fat meg\u00e9p\u00edt\u00e9se, amely szakaszair\u00f3l szerd\u00e1n korm\u00e1nyd\u00f6nt\u00e9s is sz\u00fcletett  &#8211;   mondta Fazekas S\u00e1ndor. Az\u00a0M0-s \u00e9s a Cegl\u00e9d k\u00f6z\u00f6tti 44 kilom\u00e9teres szakasz meg\u00e9p\u00edt\u00e9se m\u00e1r 2019-ben befejez\u0151dik, a Cegl\u00e9d \u00e9s Abony k\u00f6z\u00f6tti 18 kilom\u00e9teres, valamint az Abony \u00e9s Fegyvernek k\u00f6z\u00f6tti 33 kilom\u00e9teres szakasz \u00e9p\u00edt\u00e9se pedig 2020 v\u00e9g\u00e9re k\u00e9sz\u00fcl el.<\/p>\n<div style=\"width: 640px;\" class=\"wp-video\"><!--[if lt IE 9]><script>document.createElement('video');<\/script><![endif]-->\n<video class=\"wp-video-shortcode\" id=\"video-8105-1\" width=\"640\" height=\"360\" preload=\"metadata\" controls=\"controls\"><source type=\"video\/mp4\" src=\"\/spots\/hir\/hir_180201_07.mp4?_=1\" \/><a href=\"\/spots\/hir\/hir_180201_07.mp4\">\/spots\/hir\/hir_180201_07.mp4<\/a><\/video><\/div>\n","protected":false},"excerpt":{"rendered":"<p>A Vid\u00e9kfejleszt\u00e9si program keret\u00e9ben 2018-ig 1300 milli\u00e1rd forint t\u00e1mogat\u00e1st kaptak a mikro-, kis- \u00e9s k\u00f6z\u00e9pv\u00e1llalkoz\u00e1sok, valamint a csal\u00e1di gazdas\u00e1gok \u00e9s a munkaer\u0151-ig\u00e9nyes \u00e1gazatok, mint p\u00e9ld\u00e1ul az \u00e1llatteny\u00e9szt\u00e9s, a kert\u00e9szet vagy az \u00e9lelmiszeripar. Emellett a F\u00f6ldet a gazd\u00e1knak programban 30 ezer magyar f\u00f6ldm\u0171ves szerzett tulajdont, ugyanis 200 ezer hekt\u00e1r \u00e1llami f\u00f6ldet \u00e9rt\u00e9kes\u00edtettek sz\u00e1mukra, amelyb\u0151l 74 ezer [&hellip;]<\/p>\n","protected":false},"author":2,"featured_media":0,"comment_status":"closed","ping_status":"closed","sticky":false,"template":"","format":"standard","meta":[],"categories":[9],"tags":[],"_links":{"self":[{"href":"http:\/\/archiv.szolnoktv.hu\/index.php?rest_route=\/wp\/v2\/posts\/8105"}],"collection":[{"href":"http:\/\/archiv.szolnoktv.hu\/index.php?rest_route=\/wp\/v2\/posts"}],"about":[{"href":"http:\/\/archiv.szolnoktv.hu\/index.php?rest_route=\/wp\/v2\/types\/post"}],"author":[{"embeddable":true,"href":"http:\/\/archiv.szolnoktv.hu\/index.php?rest_route=\/wp\/v2\/users\/2"}],"replies":[{"embeddable":true,"href":"http:\/\/archiv.szolnoktv.hu\/index.php?rest_route=%2Fwp%2Fv2%2Fcomments&post=8105"}],"version-history":[{"count":1,"href":"http:\/\/archiv.szolnoktv.hu\/index.php?rest_route=\/wp\/v2\/posts\/8105\/revisions"}],"predecessor-version":[{"id":8132,"href":"http:\/\/archiv.szolnoktv.hu\/index.php?rest_route=\/wp\/v2\/posts\/8105\/revisions\/8132"}],"wp:attachment":[{"href":"http:\/\/archiv.szolnoktv.hu\/index.php?rest_route=%2Fwp%2Fv2%2Fmedia&parent=8105"}],"wp:term":[{"taxonomy":"category","embeddable":true,"href":"http:\/\/archiv.szolnoktv.hu\/index.php?rest_route=%2Fwp%2Fv2%2Fcategories&post=8105"},{"taxonomy":"post_tag","embeddable":true,"href":"http:\/\/archiv.szolnoktv.hu\/index.php?rest_route=%2Fwp%2Fv2%2Ftags&post=8105"}],"curies":[{"name":"wp","href":"https:\/\/api.w.org\/{rel}","templated":true}]}}