{"id":8104,"date":"2018-02-01T19:05:03","date_gmt":"2018-02-01T19:05:03","guid":{"rendered":"http:\/\/archiv.szolnoktv.hu\/?p=8104"},"modified":"2021-08-13T18:16:04","modified_gmt":"2021-08-13T18:16:04","slug":"ma-van-a-tiszai-cianszennyezes-18-evforduloja","status":"publish","type":"post","link":"http:\/\/archiv.szolnoktv.hu\/?p=8104","title":{"rendered":"Ma van a tiszai ci\u00e1nszennyez\u00e9s 18. \u00e9vfordul\u00f3ja<br><br>"},"content":{"rendered":"<div class='booster-block booster-read-block'><\/div><p>2000. janu\u00e1r 31-e a magyar term\u00e9szetv\u00e9delem gy\u00e1sznapja. Halak ezreinek tetem\u00e9t dobta fel a v\u00edz. T\u00f6bb, mint 1300 tonna pusztult el bel\u0151l\u00fck, \u00e9s ki tudja mennyi az egy\u00e9b v\u00edzi \u00e9l\u0151vil\u00e1gb\u00f3l. A l\u00e1tv\u00e1ny \u00e9s a trag\u00e9dia mindenkit megd\u00f6bbentett. 15 \u00e9vvel ezel\u0151tt a rom\u00e1niai aranyb\u00e1ny\u00e1b\u00f3l 100ezer k\u00f6bm\u00e9ter cianiddal szennyezett zagy l\u00e9pte \u00e1t az orsz\u00e1ghat\u00e1rt. A 40 kilom\u00e9ter hosszan elh\u00faz\u00f3d\u00f3 m\u00e9reganyag v\u00e9gigvonult a Tisz\u00e1n \u00e9s puszt\u00edtott. Azt\u00e1n a foly\u00f3 bebizony\u00edtotta: \u00e9letk\u00e9pesebb, mint gondolt\u00e1k. N\u00e9h\u00e1ny \u00e9vvel k\u00e9s\u0151bb a hal\u00e1llom\u00e1ny 90 sz\u00e1zal\u00e9ka regener\u00e1l\u00f3dott, a v\u00edzin\u00f6v\u00e9nyek ism\u00e9t ben\u00e9pes\u00edtett\u00e9k a legmagyarabb foly\u00f3t. M\u00e9g 2000 -ben a magyar orsz\u00e1ggy\u0171l\u00e9s febru\u00e1r 1-j\u00e9t a Tisza \u00c9l\u0151vil\u00e1g\u00e1nak Eml\u00e9knapj\u00e1v\u00e1 nyilv\u00e1n\u00edtotta. Szalay Ferenc polg\u00e1rmester \u00edgy eml\u00e9kezett vissza a fekete napra. <\/p>\n<p>A gyors \u00e9s szakszer\u0171 seg\u00edts\u00e9gnek k\u00f6sz\u00f6nhet\u0151en az emberi \u00e9leteket siker\u00fclt meg\u00f3vni. <\/p>\n<p>A megeml\u00e9kez\u00e9sen Mosolyg\u00f3 D\u00e9nes g\u00f6r\u00f6gkatolikus pap is sz\u00f3lt az egybegy\u0171ltekhez. Ahogyan fogalmazott: a k\u00f6rnyezeti v\u00e1ls\u00e1g egyben erk\u00f6lcsi k\u00e9rd\u00e9s is. <\/p>\n<p>Az eml\u00e9kez\u0151k vir\u00e1ggal k\u00f6sz\u00f6nt\u00e9k meg a Tisz\u00e1nak, hogy fel\u00e9ledt.<\/p>\n<div style=\"width: 640px;\" class=\"wp-video\"><!--[if lt IE 9]><script>document.createElement('video');<\/script><![endif]-->\n<video class=\"wp-video-shortcode\" id=\"video-8104-1\" width=\"640\" height=\"360\" preload=\"metadata\" controls=\"controls\"><source type=\"video\/mp4\" src=\"\/spots\/hir\/hir_180201_03.mp4?_=1\" \/><a href=\"\/spots\/hir\/hir_180201_03.mp4\">\/spots\/hir\/hir_180201_03.mp4<\/a><\/video><\/div>\n","protected":false},"excerpt":{"rendered":"<p>2000. janu\u00e1r 31-e a magyar term\u00e9szetv\u00e9delem gy\u00e1sznapja. Halak ezreinek tetem\u00e9t dobta fel a v\u00edz. T\u00f6bb, mint 1300 tonna pusztult el bel\u0151l\u00fck, \u00e9s ki tudja mennyi az egy\u00e9b v\u00edzi \u00e9l\u0151vil\u00e1gb\u00f3l. A l\u00e1tv\u00e1ny \u00e9s a trag\u00e9dia mindenkit megd\u00f6bbentett. 15 \u00e9vvel ezel\u0151tt a rom\u00e1niai aranyb\u00e1ny\u00e1b\u00f3l 100ezer k\u00f6bm\u00e9ter cianiddal szennyezett zagy l\u00e9pte \u00e1t az orsz\u00e1ghat\u00e1rt. A 40 kilom\u00e9ter hosszan [&hellip;]<\/p>\n","protected":false},"author":2,"featured_media":0,"comment_status":"closed","ping_status":"closed","sticky":false,"template":"","format":"standard","meta":[],"categories":[9],"tags":[],"_links":{"self":[{"href":"http:\/\/archiv.szolnoktv.hu\/index.php?rest_route=\/wp\/v2\/posts\/8104"}],"collection":[{"href":"http:\/\/archiv.szolnoktv.hu\/index.php?rest_route=\/wp\/v2\/posts"}],"about":[{"href":"http:\/\/archiv.szolnoktv.hu\/index.php?rest_route=\/wp\/v2\/types\/post"}],"author":[{"embeddable":true,"href":"http:\/\/archiv.szolnoktv.hu\/index.php?rest_route=\/wp\/v2\/users\/2"}],"replies":[{"embeddable":true,"href":"http:\/\/archiv.szolnoktv.hu\/index.php?rest_route=%2Fwp%2Fv2%2Fcomments&post=8104"}],"version-history":[{"count":1,"href":"http:\/\/archiv.szolnoktv.hu\/index.php?rest_route=\/wp\/v2\/posts\/8104\/revisions"}],"predecessor-version":[{"id":8133,"href":"http:\/\/archiv.szolnoktv.hu\/index.php?rest_route=\/wp\/v2\/posts\/8104\/revisions\/8133"}],"wp:attachment":[{"href":"http:\/\/archiv.szolnoktv.hu\/index.php?rest_route=%2Fwp%2Fv2%2Fmedia&parent=8104"}],"wp:term":[{"taxonomy":"category","embeddable":true,"href":"http:\/\/archiv.szolnoktv.hu\/index.php?rest_route=%2Fwp%2Fv2%2Fcategories&post=8104"},{"taxonomy":"post_tag","embeddable":true,"href":"http:\/\/archiv.szolnoktv.hu\/index.php?rest_route=%2Fwp%2Fv2%2Ftags&post=8104"}],"curies":[{"name":"wp","href":"https:\/\/api.w.org\/{rel}","templated":true}]}}