{"id":8103,"date":"2018-02-01T18:59:18","date_gmt":"2018-02-01T18:59:18","guid":{"rendered":"http:\/\/archiv.szolnoktv.hu\/?p=8103"},"modified":"2021-08-13T18:16:04","modified_gmt":"2021-08-13T18:16:04","slug":"itt-az-influenzajarvany","status":"publish","type":"post","link":"http:\/\/archiv.szolnoktv.hu\/?p=8103","title":{"rendered":"Itt az influenzaj\u00e1rv\u00e1ny"},"content":{"rendered":"<div class='booster-block booster-read-block'><\/div><p>\u00dcres padok az egyik szolnoki iskol\u00e1ban. Egyre t\u00f6bb gyerek hi\u00e1nyzik. Van  olyan \u00f3voda, ahol a f\u00e9l csoport lebetegedett. M\u00falt h\u00e9ten \u00e9rte el ugyanis az influenza j\u00e1rv\u00e1ny haz\u00e1nkat. M\u00e1ra a megy\u00e9ben is 70 sz\u00e1zal\u00e9kkal t\u00f6bb beteg szorult orvosi ell\u00e1t\u00e1sra.<\/p>\n<p>Dr. Beke Gabriella megyei tisztif\u0151orvos elmondta: <\/p>\n<p>&#8211;A legt\u00f6bben a 15 \u00e9ven aluli koroszt\u00e1lyb\u00f3l fordulnak orvoshoz, teh\u00e1t klasszikusan azok, akik k\u00f6z\u00f6ss\u00e9gbe j\u00e1rnak, teh\u00e1t az iskol\u00e1s kor\u00faak, \u00f3vod\u00e1s kor\u00faak. &#8211;<\/p>\n<p>Megy\u00e9nkben is kimutatt\u00e1k m\u00e1r B a v\u00edrust. M\u00edg tavaly az A t\u00edpusa tarolt. <br \/>A megel\u0151z\u00e9s kulcsa az olt\u00e1s, mely okt\u00f3ber  \u00f3ta rendelkez\u00e9sre \u00e1ll. <\/p>\n<p>-&#8220;csak azt tudni kell, hogy a v\u00e9detts\u00e9g kialakul\u00e1s\u00e1hoz legal\u00e1bb k\u00e9t h\u00e9t sz\u00fcks\u00e9ges. Teh\u00e1t jelen esetben ha valaki tal\u00e1lkozik most egy influenz\u00e1s beteggel, a v\u00e9d\u0151olt\u00e1s ellen\u00e9re is meg tud betegedni . K\u00e9t h\u00e9t m\u00falva m\u00e1r egy\u00e9bk\u00e9nt v\u00e9dett lesz. &#8211;tette hozz\u00e1 a tisztif\u0151otvos.<\/p>\n<p>A Het\u00e9nyi G\u00e9za k\u00f3rh\u00e1z  ut\u00e1n ma  a  j\u00e1szber\u00e9nyi k\u00f3rh\u00e1zban is elrendelt\u00e9k a l\u00e1togat\u00e1si tilalmat. Az orvosok arra figyelmeztetnek ne engedj\u00fck betegen  k\u00f6z\u00f6ss\u00e9gbe a gyerekek \u00e9s munkat\u00e1rsainkat se fert\u0151zz\u00fck tov\u00e1bb. <\/p>\n<p>Rusvai K\u00e1roly a Fiumei \u00fati \u00c1ltal\u00e1nos Iskola vezet\u0151je elmondta: <br \/>-&#8220;Els\u0151sorban arra h\u00edvjuk fel a gyerekek figyelm\u00e9t, hogy WC haszn\u00e1lat ut\u00e1n mossanak kezet, fogyasszanak nagyon sok z\u00f6lds\u00e9get gy\u00fcm\u00f6lcs\u00f6t, C-vitamint . Teh\u00e1t minden olyan esed\u00e9kes figyelemfelh\u00edv\u00f3 tev\u00e9kenys\u00e9get megtesz\u00fcnk, ami ilyenkor fontos. &#8211;<\/p>\n<p>-&#8220;Aki a t\u00fcneteket \u00e9szleli mag\u00e1n az maradjon otthon, gy\u00f3gykezelje mag\u00e1t az orvos utas\u00edt\u00e1sainak megfelel\u0151en, teh\u00e1t ne terjessze tov\u00e1bb a betegs\u00e9get, m\u00e1sr\u00e9szt z\u00e1rt k\u00f6z\u00f6ss\u00e9gekben pedig nagyon fontos a  a szell\u0151ztet\u00e9s , az, hogy ha valaki t\u00fcsszent, k\u00f6h\u00f6g, akkor azt zsebkend\u0151be tegye \u00e9s azt dobja el, a megfelel\u0151 k\u00e9zfert\u0151tlen\u00edt\u00e9s \u00e9s term\u00e9szetesen az immunrendszer\u00fcnk er\u0151s\u00edt\u00e9se-emelte ki Dr. Beke Gabriella. <\/p>\n<p>A betegs\u00e9g magas l\u00e1zzal, er\u0151s fejf\u00e1j\u00e1ssal v\u00e9gtagf\u00e1jdalommal \u00e9s  extr\u00e9m m\u00e9rt\u00e9k\u0171 elesetts\u00e9ggel j\u00e1r, k\u00f6nnyen megk\u00fcl\u00f6nb\u00f6ztethet\u0151 egy egyszer\u0171 n\u00e1th\u00e1t\u00f3l-hangs\u00falyozta az orvos. <\/p>\n<div style=\"width: 640px;\" class=\"wp-video\"><!--[if lt IE 9]><script>document.createElement('video');<\/script><![endif]-->\n<video class=\"wp-video-shortcode\" id=\"video-8103-1\" width=\"640\" height=\"360\" preload=\"metadata\" controls=\"controls\"><source type=\"video\/mp4\" src=\"\/spots\/hir\/hir_180201_02.mp4?_=1\" \/><a href=\"\/spots\/hir\/hir_180201_02.mp4\">\/spots\/hir\/hir_180201_02.mp4<\/a><\/video><\/div>\n","protected":false},"excerpt":{"rendered":"<p>\u00dcres padok az egyik szolnoki iskol\u00e1ban. Egyre t\u00f6bb gyerek hi\u00e1nyzik. Van olyan \u00f3voda, ahol a f\u00e9l csoport lebetegedett. M\u00falt h\u00e9ten \u00e9rte el ugyanis az influenza j\u00e1rv\u00e1ny haz\u00e1nkat. M\u00e1ra a megy\u00e9ben is 70 sz\u00e1zal\u00e9kkal t\u00f6bb beteg szorult orvosi ell\u00e1t\u00e1sra. Dr. Beke Gabriella megyei tisztif\u0151orvos elmondta: &#8211;A legt\u00f6bben a 15 \u00e9ven aluli koroszt\u00e1lyb\u00f3l fordulnak orvoshoz, teh\u00e1t klasszikusan [&hellip;]<\/p>\n","protected":false},"author":2,"featured_media":0,"comment_status":"closed","ping_status":"closed","sticky":false,"template":"","format":"standard","meta":[],"categories":[9],"tags":[],"_links":{"self":[{"href":"http:\/\/archiv.szolnoktv.hu\/index.php?rest_route=\/wp\/v2\/posts\/8103"}],"collection":[{"href":"http:\/\/archiv.szolnoktv.hu\/index.php?rest_route=\/wp\/v2\/posts"}],"about":[{"href":"http:\/\/archiv.szolnoktv.hu\/index.php?rest_route=\/wp\/v2\/types\/post"}],"author":[{"embeddable":true,"href":"http:\/\/archiv.szolnoktv.hu\/index.php?rest_route=\/wp\/v2\/users\/2"}],"replies":[{"embeddable":true,"href":"http:\/\/archiv.szolnoktv.hu\/index.php?rest_route=%2Fwp%2Fv2%2Fcomments&post=8103"}],"version-history":[{"count":1,"href":"http:\/\/archiv.szolnoktv.hu\/index.php?rest_route=\/wp\/v2\/posts\/8103\/revisions"}],"predecessor-version":[{"id":8134,"href":"http:\/\/archiv.szolnoktv.hu\/index.php?rest_route=\/wp\/v2\/posts\/8103\/revisions\/8134"}],"wp:attachment":[{"href":"http:\/\/archiv.szolnoktv.hu\/index.php?rest_route=%2Fwp%2Fv2%2Fmedia&parent=8103"}],"wp:term":[{"taxonomy":"category","embeddable":true,"href":"http:\/\/archiv.szolnoktv.hu\/index.php?rest_route=%2Fwp%2Fv2%2Fcategories&post=8103"},{"taxonomy":"post_tag","embeddable":true,"href":"http:\/\/archiv.szolnoktv.hu\/index.php?rest_route=%2Fwp%2Fv2%2Ftags&post=8103"}],"curies":[{"name":"wp","href":"https:\/\/api.w.org\/{rel}","templated":true}]}}