{"id":8102,"date":"2018-02-01T18:10:07","date_gmt":"2018-02-01T18:10:07","guid":{"rendered":"http:\/\/archiv.szolnoktv.hu\/?p=8102"},"modified":"2021-08-13T18:16:05","modified_gmt":"2021-08-13T18:16:05","slug":"szakkepzesi-road-show-szandaszoloson","status":"publish","type":"post","link":"http:\/\/archiv.szolnoktv.hu\/?p=8102","title":{"rendered":"Szakk\u00e9pz\u00e9si road-show Szandasz\u0151l\u0151s\u00f6n"},"content":{"rendered":"<div class='booster-block booster-read-block'><\/div><p> Terepasztalon sz\u00e1guld a szem\u00e9ly- \u00e9s tehervonat. \u00c1mulva figyelik a di\u00e1kok ezt a mesevil\u00e1got, amit a szakk\u00e9pz\u00e9si centrum tanul\u00f3i k\u00e9sz\u00edtettek \u00e9s hoztak el nekik. P\u00e1r m\u00e9terrel arr\u00e9bb virtu\u00e1lis vil\u00e1gba l\u00e9phettek  &#8211;   persze maradva a szakk\u00e9pz\u00e9s ter\u00fclet\u00e9n. Hegeszt\u0151pisztolyt foghattak \u00e9s dolgozhattak a munkadarabon. Mindez igen prec\u00edz m\u0171velet, csak\u00fagy, mint ez a folyamat &#8211; a 3D szkennel\u00e9s. Ezzel b\u00e1rmit be lehet olvastatni, jelenleg egy emberi arcot m\u00e1solnak le. A 3D nyomtat\u00f3 pedig feldolgozva a param\u00e9tereket elk\u00e9sz\u00edti az arcot.<\/p>\n<p> -Ez egy nagyon j\u00f3 lehet\u0151s\u00e9g, azt gondolom, hogy minden gyereknek sz\u00fcks\u00e9ge van arra, hogy kipr\u00f3b\u00e1lhassa azokat a dolgokat, amelyek \u00e9rdeklik \u00e9s tudja, hogy milyen szakm\u00e1t szeretne v\u00e1lasztani. Ez szerintem nagyon nagy seg\u00edts\u00e9g.&#8221;  &#8211;   mondta Boda M\u00e1rton.<\/p>\n<p>Ami seg\u00edts\u00e9g a di\u00e1koknak, az egyben seg\u00edts\u00e9g a szakk\u00e9pz\u00e9si centrumnak is, hiszen hirdetheti, n\u00e9pszer\u0171s\u00edtheti, s\u0151t megszerettetheti azokat a szakm\u00e1kat, amiket k\u00edn\u00e1lni tudnak a p\u00e1lyav\u00e1laszt\u00e1s el\u0151tt \u00e1ll\u00f3 di\u00e1koknak, de nem csak nekik, hanem az \u00f6sszes \u00e1ltal\u00e1nos iskol\u00e1snak.<\/p>\n<p> -Ez a harmadik alkalom a Szandasz\u0151l\u0151si \u00c1ltal\u00e1nos Iskol\u00e1ban ebben az \u00e9vben, amit tartunk ilyen napot. Az el\u0151z\u0151k tapasztalata nagyon pozit\u00edv volt. Gyerekek, pedag\u00f3gusok nyilatkoztak r\u00f3la  &#8211;   az egyik pedag\u00f3gus azt emelte ki ezzel kapcsolatban, hogy mag\u00e1\u00e9rt besz\u00e9l a nap, ha a gyerekek visszasz\u00f6knek a terembe \u00e9s \u00fajra meg szeretn\u00e9k n\u00e9zni az eszk\u00f6z\u00f6ket.&#8221;  &#8211;   mondta Hics\u00f3 Gy\u00f6rgy a Szolnoki M\u0171szaki Szakk\u00e9pz\u00e9si Centrum f\u0151igazgat\u00f3ja.<\/p>\n<p>Visszasz\u00f6k\u00e9sr\u0151l tal\u00e1n itt is besz\u00e9lhet\u00fcnk, hiszen a rengeteg kipr\u00f3b\u00e1l\u00e1sra v\u00e1r\u00f3 \u00e9rdekess\u00e9g elrabolta az id\u0151t, alig maradt arra, hogy meg\u00f6r\u00f6k\u00edts\u00e9k maguknak ezt a napot. Erre is volt lehet\u0151s\u00e9g.<\/p>\n<p> -Az \u00e1ltal\u00e1nos iskol\u00e1s di\u00e1kok azon t\u00fal, hogy \u00e9lm\u00e9nnyel, aj\u00e1nd\u00e9kkal is hazat\u00e9rhetnek. A Szolnoki M\u0171szaki Szakk\u00e9pz\u00e9si Centrum ugyanis egy g\u00e9pet hozott mag\u00e1val melyb\u0151l eml\u00e9kt\u00e1rgyat k\u00e9sz\u00edthetnek. Nem koll hozz\u00e1 m\u00e1s csak egy 5 forintos \u00e9rme, amit m\u00e1r be is helyezt\u00fcnk. Miut\u00e1n kiv\u00e1lasztott\u00e1k a megfelel\u0151 k\u00e9pet elkezdik tekerni ezt a bizonyos g\u00e9pet, az 5 forintos k\u00f6zben benne van \u00e9s ott megjelenik m\u00e1ris a m\u00e1r kilap\u00edtott \u00e9rme, rajta pedig az iskola k\u00e9p\u00e9vel.&#8221;<\/p>\n<p>A -M\u00dcSZI kavalk\u00e1d&#8221;-on szerelni is lehetett, egy sz\u00e1m\u00edt\u00f3g\u00e9pet, kock\u00e1kb\u00f3l k\u00fcl\u00f6nb\u00f6z\u0151 elemeket vagy \u00e9ppen egy maketth\u00e1zat. A v\u00e1ndorm\u0171hely Szolnok 10 iskol\u00e1j\u00e1ba l\u00e1togat el.<\/p>\n<div style=\"width: 640px;\" class=\"wp-video\"><!--[if lt IE 9]><script>document.createElement('video');<\/script><![endif]-->\n<video class=\"wp-video-shortcode\" id=\"video-8102-1\" width=\"640\" height=\"360\" preload=\"metadata\" controls=\"controls\"><source type=\"video\/mp4\" src=\"\/spots\/hir\/hir_180201_01.mp4?_=1\" \/><a href=\"\/spots\/hir\/hir_180201_01.mp4\">\/spots\/hir\/hir_180201_01.mp4<\/a><\/video><\/div>\n","protected":false},"excerpt":{"rendered":"<p>Terepasztalon sz\u00e1guld a szem\u00e9ly- \u00e9s tehervonat. \u00c1mulva figyelik a di\u00e1kok ezt a mesevil\u00e1got, amit a szakk\u00e9pz\u00e9si centrum tanul\u00f3i k\u00e9sz\u00edtettek \u00e9s hoztak el nekik. P\u00e1r m\u00e9terrel arr\u00e9bb virtu\u00e1lis vil\u00e1gba l\u00e9phettek &#8211; persze maradva a szakk\u00e9pz\u00e9s ter\u00fclet\u00e9n. Hegeszt\u0151pisztolyt foghattak \u00e9s dolgozhattak a munkadarabon. Mindez igen prec\u00edz m\u0171velet, csak\u00fagy, mint ez a folyamat &#8211; a 3D szkennel\u00e9s. Ezzel [&hellip;]<\/p>\n","protected":false},"author":2,"featured_media":0,"comment_status":"closed","ping_status":"closed","sticky":false,"template":"","format":"standard","meta":[],"categories":[9],"tags":[],"_links":{"self":[{"href":"http:\/\/archiv.szolnoktv.hu\/index.php?rest_route=\/wp\/v2\/posts\/8102"}],"collection":[{"href":"http:\/\/archiv.szolnoktv.hu\/index.php?rest_route=\/wp\/v2\/posts"}],"about":[{"href":"http:\/\/archiv.szolnoktv.hu\/index.php?rest_route=\/wp\/v2\/types\/post"}],"author":[{"embeddable":true,"href":"http:\/\/archiv.szolnoktv.hu\/index.php?rest_route=\/wp\/v2\/users\/2"}],"replies":[{"embeddable":true,"href":"http:\/\/archiv.szolnoktv.hu\/index.php?rest_route=%2Fwp%2Fv2%2Fcomments&post=8102"}],"version-history":[{"count":1,"href":"http:\/\/archiv.szolnoktv.hu\/index.php?rest_route=\/wp\/v2\/posts\/8102\/revisions"}],"predecessor-version":[{"id":8135,"href":"http:\/\/archiv.szolnoktv.hu\/index.php?rest_route=\/wp\/v2\/posts\/8102\/revisions\/8135"}],"wp:attachment":[{"href":"http:\/\/archiv.szolnoktv.hu\/index.php?rest_route=%2Fwp%2Fv2%2Fmedia&parent=8102"}],"wp:term":[{"taxonomy":"category","embeddable":true,"href":"http:\/\/archiv.szolnoktv.hu\/index.php?rest_route=%2Fwp%2Fv2%2Fcategories&post=8102"},{"taxonomy":"post_tag","embeddable":true,"href":"http:\/\/archiv.szolnoktv.hu\/index.php?rest_route=%2Fwp%2Fv2%2Ftags&post=8102"}],"curies":[{"name":"wp","href":"https:\/\/api.w.org\/{rel}","templated":true}]}}