{"id":8101,"date":"2018-02-01T16:30:37","date_gmt":"2018-02-01T16:30:37","guid":{"rendered":"http:\/\/archiv.szolnoktv.hu\/?p=8101"},"modified":"2021-08-13T18:16:05","modified_gmt":"2021-08-13T18:16:05","slug":"diakok-a-studioban","status":"publish","type":"post","link":"http:\/\/archiv.szolnoktv.hu\/?p=8101","title":{"rendered":"Di\u00e1kok a st\u00fadi\u00f3ban"},"content":{"rendered":"<div class='booster-block booster-read-block'><\/div><p>Egykori sz\u00e9chenyis di\u00e1kk\u00e9nt T\u00e1las L\u00e1szl\u00f3 koll\u00e9g\u00e1nk kalauzolja az iskola jelenlegi tanul\u00f3it. \u00d5 23 \u00e9ve, a fiatalok alig p\u00e1r perce l\u00e9pt\u00e9k \u00e1t el\u0151sz\u00f6r a st\u00fadi\u00f3 k\u00fcsz\u00f6b\u00e9t.<\/p>\n<p>&#8220;Tan\u00e1r \u00far hozott el benn\u00fcnket ide, hogy megn\u00e9zz\u00fck milyen a st\u00fadi\u00f3 \u00e9s az ilyen forgat\u00e1s.&#8221; -mondja  a csoport egyik tagja, Laczik Bettina.<\/p>\n<p>A kamer\u00e1k m\u0171k\u00f6d\u00e9s\u00e9r\u0151l, a st\u00fadi\u00f3vil\u00e1g\u00edt\u00e1s jelent\u0151s\u00e9g\u00e9r\u0151l, a s\u00fag\u00f3g\u00e9pr\u0151l \u00e9s az \u00fagynevezett &#8220;greenbox&#8221; adta lehet\u0151s\u00e9gekr\u0151l szerezhettek inform\u00e1ci\u00f3kat a vend\u00e9gek, akik kipr\u00f3b\u00e1lhatt\u00e1k a konfer\u00e1l\u00e1st is.<\/p>\n<p>&#8220;Szerintem nincsen k\u00f6nny\u0171 dolguk a m\u0171sorvezet\u0151knek, de nekem tetszett ott \u00fclni az asztaln\u00e1l.&#8221; &#8211; v\u00e1laszolta k\u00e9r\u00e9s\u00fcnkre V\u00e1ntus Dominik.<\/p>\n<p>A dr\u00e1mapedag\u00f3gia tagozatot is m\u0171k\u00f6dtet\u0151 Sz\u00e9chenyi Istv\u00e1n Gimn\u00e1zium egyre nagyobb hangs\u00falyt fektet a m\u00e9di\u00e1val val\u00f3 kapcsolattart\u00e1sra. Ennek r\u00e9szek\u00e9nt a k\u00f6zelm\u00faltban munkat\u00e1rsunk az int\u00e9zm\u00e9nyben tartott \u00f3r\u00e1t az \u00e9rdekl\u0151d\u0151 di\u00e1koknak. <\/p>\n<div style=\"width: 640px;\" class=\"wp-video\"><!--[if lt IE 9]><script>document.createElement('video');<\/script><![endif]-->\n<video class=\"wp-video-shortcode\" id=\"video-8101-1\" width=\"640\" height=\"360\" preload=\"metadata\" controls=\"controls\"><source type=\"video\/mp4\" src=\"\/spots\/hir\/hir_180201_04.mp4?_=1\" \/><a href=\"\/spots\/hir\/hir_180201_04.mp4\">\/spots\/hir\/hir_180201_04.mp4<\/a><\/video><\/div>\n","protected":false},"excerpt":{"rendered":"<p>Egykori sz\u00e9chenyis di\u00e1kk\u00e9nt T\u00e1las L\u00e1szl\u00f3 koll\u00e9g\u00e1nk kalauzolja az iskola jelenlegi tanul\u00f3it. \u00d5 23 \u00e9ve, a fiatalok alig p\u00e1r perce l\u00e9pt\u00e9k \u00e1t el\u0151sz\u00f6r a st\u00fadi\u00f3 k\u00fcsz\u00f6b\u00e9t. &#8220;Tan\u00e1r \u00far hozott el benn\u00fcnket ide, hogy megn\u00e9zz\u00fck milyen a st\u00fadi\u00f3 \u00e9s az ilyen forgat\u00e1s.&#8221; -mondja a csoport egyik tagja, Laczik Bettina. A kamer\u00e1k m\u0171k\u00f6d\u00e9s\u00e9r\u0151l, a st\u00fadi\u00f3vil\u00e1g\u00edt\u00e1s jelent\u0151s\u00e9g\u00e9r\u0151l, a s\u00fag\u00f3g\u00e9pr\u0151l [&hellip;]<\/p>\n","protected":false},"author":2,"featured_media":0,"comment_status":"closed","ping_status":"closed","sticky":false,"template":"","format":"standard","meta":[],"categories":[9],"tags":[],"_links":{"self":[{"href":"http:\/\/archiv.szolnoktv.hu\/index.php?rest_route=\/wp\/v2\/posts\/8101"}],"collection":[{"href":"http:\/\/archiv.szolnoktv.hu\/index.php?rest_route=\/wp\/v2\/posts"}],"about":[{"href":"http:\/\/archiv.szolnoktv.hu\/index.php?rest_route=\/wp\/v2\/types\/post"}],"author":[{"embeddable":true,"href":"http:\/\/archiv.szolnoktv.hu\/index.php?rest_route=\/wp\/v2\/users\/2"}],"replies":[{"embeddable":true,"href":"http:\/\/archiv.szolnoktv.hu\/index.php?rest_route=%2Fwp%2Fv2%2Fcomments&post=8101"}],"version-history":[{"count":1,"href":"http:\/\/archiv.szolnoktv.hu\/index.php?rest_route=\/wp\/v2\/posts\/8101\/revisions"}],"predecessor-version":[{"id":8136,"href":"http:\/\/archiv.szolnoktv.hu\/index.php?rest_route=\/wp\/v2\/posts\/8101\/revisions\/8136"}],"wp:attachment":[{"href":"http:\/\/archiv.szolnoktv.hu\/index.php?rest_route=%2Fwp%2Fv2%2Fmedia&parent=8101"}],"wp:term":[{"taxonomy":"category","embeddable":true,"href":"http:\/\/archiv.szolnoktv.hu\/index.php?rest_route=%2Fwp%2Fv2%2Fcategories&post=8101"},{"taxonomy":"post_tag","embeddable":true,"href":"http:\/\/archiv.szolnoktv.hu\/index.php?rest_route=%2Fwp%2Fv2%2Ftags&post=8101"}],"curies":[{"name":"wp","href":"https:\/\/api.w.org\/{rel}","templated":true}]}}