{"id":8099,"date":"2018-01-31T18:28:35","date_gmt":"2018-01-31T18:28:35","guid":{"rendered":"http:\/\/archiv.szolnoktv.hu\/?p=8099"},"modified":"2021-08-13T18:16:05","modified_gmt":"2021-08-13T18:16:05","slug":"sikeres-volt-az-adomanygyujtes","status":"publish","type":"post","link":"http:\/\/archiv.szolnoktv.hu\/?p=8099","title":{"rendered":"Sikeres volt az adom\u00e1nygy\u0171jt\u00e9s<br>"},"content":{"rendered":"<div class='booster-block booster-read-block'><\/div><p>200.000 forintos adom\u00e1nyt adott \u00e1t R\u00f3zsa J\u00f3zsef a Het\u00e9nyi G\u00e9za K\u00f3rh\u00e1z Csecsem\u0151 \u00e9s Gyermekoszt\u00e1ly\u00e1nak. Az adom\u00e1nyok tavaly decemberben az adventi falu -Gyermekvar\u00e1zs  &#8211;   mesefaluj\u00e1ban&#8221; fel\u00e1ll\u00edtott kar\u00e1csonyfa d\u00edszeinek \u00e1r\u00e1b\u00f3l gy\u0171ltek \u00f6ssze. <\/p>\n<p>-Azt meg tudom \u00edg\u00e9rni, hogy j\u00f3 helye lesz az adom\u00e1nynak \u00e9s tov\u00e1bbra is a lehet\u0151 legmagasabb szinten fogjuk gy\u00f3gy\u00edtani a gyerekeket \u00e9s megtesz\u00fcnk mindent az\u00e9rt, hogy a lelk\u00fck az idebentl\u00e9t alatt az min\u00e9l b\u00e9k\u00e9sebb legyen.&#8221;  &#8211;   mondta Dr. Retkes Tam\u00e1s oszt\u00e1lyvezet\u0151 f\u0151orvos<\/p>\n<p>Els\u0151 alkalommal szervezte meg a Sportcentrum a karitat\u00edv gy\u0171jt\u00e9st. A december elej\u00e9n m\u00e9g \u00fcresen \u00e1ll\u00f3 kar\u00e1csonyf\u00e1ra 400 forint\u00e9rt v\u00e1s\u00e1rolhattak az \u00e9rdekl\u0151d\u0151k d\u00edszeket, amelyeken ak\u00e1r \u00fczeneteket is k\u00fcldhettek a gyermekoszt\u00e1lyon gy\u00f3gyul\u00f3 gyerekeknek. A legt\u00f6bb v\u00e1s\u00e1rl\u00f3 \u00e9lt a lehet\u0151s\u00e9ggel, a t\u00f6bbi k\u00f6z\u00f6tt az oszt\u00e1ly dolgoz\u00f3inak munk\u00e1j\u00e1t \u00e9s t\u00f6r\u0151d\u00e9s\u00e9t k\u00f6sz\u00f6nt\u00e9k meg, valamint gyors gy\u00f3gyul\u00e1st k\u00edv\u00e1ntak a gyerekeknek. A mintegy 300 adom\u00e1nyb\u00f3l befolyt \u00f6sszeget a Sportcentrum 200.000 forintra eg\u00e9sz\u00edtette ki. <\/p>\n<p>R\u00f3zsa J\u00f3zsef \u00fcgyvezet\u0151 igazgat\u00f3 kiemelte: -Azt kell, hogy mondjam \u00e9s sz\u00e1munkra ez nagyon fontos, hogy vannak emberek k\u00f6z\u00f6tt\u00fcnk, akik j\u00f3sz\u00edvvel \u00e9s adakoz\u00f3an tudnak erre gondolni. Ha kis, pici, apr\u00f3, aj\u00e1nd\u00e9kokra gondolunk, akkor igenis mozdulnak erre a szolnokiak.&#8221; <\/p>\n<p>Az akci\u00f3val hagyom\u00e1nyt szeretne teremteni a Sportcentrum, \u00e9s m\u00e1r most d\u00f6nt\u00e9s sz\u00fcletett arr\u00f3l, hogy a 2018-as Kar\u00e1csonyon is lesz lehet\u0151s\u00e9g d\u00edszek v\u00e1s\u00e1rl\u00e1s\u00e1val adakozni. <\/p>\n<div style=\"width: 640px;\" class=\"wp-video\"><!--[if lt IE 9]><script>document.createElement('video');<\/script><![endif]-->\n<video class=\"wp-video-shortcode\" id=\"video-8099-1\" width=\"640\" height=\"360\" preload=\"metadata\" controls=\"controls\"><source type=\"video\/mp4\" src=\"\/spots\/hir\/hir_180131_06.mp4?_=1\" \/><a href=\"\/spots\/hir\/hir_180131_06.mp4\">\/spots\/hir\/hir_180131_06.mp4<\/a><\/video><\/div>\n","protected":false},"excerpt":{"rendered":"<p>200.000 forintos adom\u00e1nyt adott \u00e1t R\u00f3zsa J\u00f3zsef a Het\u00e9nyi G\u00e9za K\u00f3rh\u00e1z Csecsem\u0151 \u00e9s Gyermekoszt\u00e1ly\u00e1nak. Az adom\u00e1nyok tavaly decemberben az adventi falu -Gyermekvar\u00e1zs &#8211; mesefaluj\u00e1ban&#8221; fel\u00e1ll\u00edtott kar\u00e1csonyfa d\u00edszeinek \u00e1r\u00e1b\u00f3l gy\u0171ltek \u00f6ssze. -Azt meg tudom \u00edg\u00e9rni, hogy j\u00f3 helye lesz az adom\u00e1nynak \u00e9s tov\u00e1bbra is a lehet\u0151 legmagasabb szinten fogjuk gy\u00f3gy\u00edtani a gyerekeket \u00e9s megtesz\u00fcnk mindent az\u00e9rt, [&hellip;]<\/p>\n","protected":false},"author":2,"featured_media":0,"comment_status":"closed","ping_status":"closed","sticky":false,"template":"","format":"standard","meta":[],"categories":[9],"tags":[],"_links":{"self":[{"href":"http:\/\/archiv.szolnoktv.hu\/index.php?rest_route=\/wp\/v2\/posts\/8099"}],"collection":[{"href":"http:\/\/archiv.szolnoktv.hu\/index.php?rest_route=\/wp\/v2\/posts"}],"about":[{"href":"http:\/\/archiv.szolnoktv.hu\/index.php?rest_route=\/wp\/v2\/types\/post"}],"author":[{"embeddable":true,"href":"http:\/\/archiv.szolnoktv.hu\/index.php?rest_route=\/wp\/v2\/users\/2"}],"replies":[{"embeddable":true,"href":"http:\/\/archiv.szolnoktv.hu\/index.php?rest_route=%2Fwp%2Fv2%2Fcomments&post=8099"}],"version-history":[{"count":1,"href":"http:\/\/archiv.szolnoktv.hu\/index.php?rest_route=\/wp\/v2\/posts\/8099\/revisions"}],"predecessor-version":[{"id":8138,"href":"http:\/\/archiv.szolnoktv.hu\/index.php?rest_route=\/wp\/v2\/posts\/8099\/revisions\/8138"}],"wp:attachment":[{"href":"http:\/\/archiv.szolnoktv.hu\/index.php?rest_route=%2Fwp%2Fv2%2Fmedia&parent=8099"}],"wp:term":[{"taxonomy":"category","embeddable":true,"href":"http:\/\/archiv.szolnoktv.hu\/index.php?rest_route=%2Fwp%2Fv2%2Fcategories&post=8099"},{"taxonomy":"post_tag","embeddable":true,"href":"http:\/\/archiv.szolnoktv.hu\/index.php?rest_route=%2Fwp%2Fv2%2Ftags&post=8099"}],"curies":[{"name":"wp","href":"https:\/\/api.w.org\/{rel}","templated":true}]}}