{"id":8098,"date":"2018-01-31T18:06:42","date_gmt":"2018-01-31T18:06:42","guid":{"rendered":"http:\/\/archiv.szolnoktv.hu\/?p=8098"},"modified":"2021-08-13T18:16:05","modified_gmt":"2021-08-13T18:16:05","slug":"megujul-a-szolnok-tv-legnezettebb-musora","status":"publish","type":"post","link":"http:\/\/archiv.szolnoktv.hu\/?p=8098","title":{"rendered":"Meg\u00fajul a Szolnok TV legn\u00e9zettebb m\u0171sora"},"content":{"rendered":"<div class='booster-block booster-read-block'><\/div><p>Az utols\u00f3 egyeztet\u00e9sek egyike. Pog\u00e1ny Attila vez\u00e9rigazgat\u00f3 \u00e9s T\u00e1las L\u00e1szl\u00f3 az Aktu\u00e1lis felel\u0151s szerkeszt\u0151je n\u00e9zik a h\u00edrm\u0171sor \u00faj f\u0151c\u00edm\u00e9t. De nem csak ez v\u00e1ltozik majd, hanem fel\u00e9p\u00edt\u00e9s is. Telev\u00edzi\u00f3nk sikeresen p\u00e1ly\u00e1zott a M\u00e9diatan\u00e1cs t\u00e1mogat\u00e1s\u00e1ra, mely legal\u00e1bb 20 perces m\u0171sorid\u0151t \u00edr el\u0151. Ebben a klasszikus h\u00edrek mellett term\u00e9szetesen helyet kap a sport is valamint hamarosan meg\u00fajul az id\u0151j\u00e1r\u00e1sjelent\u00e9s is.<\/p>\n<p>-Meg\u00fajul az id\u0151j\u00e1r\u00e1sjelent\u00e9s\u00fcnk is. Egyfajta virtu\u00e1lis h\u00e1tt\u00e9rbe helyezz\u00fck majd el a meteorol\u00f3giai adatokat. Koll\u00e9gan\u0151nk ezel\u0151tt a z\u00f6ld h\u00e1tt\u00e9r el\u0151tt \u00e1llva mondja el majd, hogy milyen id\u0151 v\u00e1rhat\u00f3 a k\u00f6vetkez\u0151 napokban.&#8221;  &#8211;   mondta Pog\u00e1ny Attila.<\/p>\n<p>Egy modern el\u0151rejelz\u00e9ssel v\u00e1rjuk majd \u00d6n\u00f6ket hamarosan az Aktu\u00e1lis ut\u00e1n. <\/p>\n<p> -Figyelembe vett\u00fck a visszajelz\u00e9seket \u00e9s a n\u00e9z\u0151i szok\u00e1sok v\u00e1ltoz\u00e1sait. Ami viszont nem v\u00e1ltozik az a szakmai tartalom \u00e9s az az \u00fajs\u00e1g\u00edr\u00f3i magatart\u00e1s, amit m\u00e1r eddig is tapasztalhattak a telev\u00edzi\u00f3 n\u00e9z\u0151i. Tov\u00e1bbra is igyeksz\u00fcnk hiteles, t\u00f6bb oldalr\u00f3l ellen\u0151rz\u00f6tt inform\u00e1ci\u00f3kat, naprak\u00e9sz tartalmakat hitelesen eljuttatni n\u00e9z\u0151inkhez.&#8221;  &#8211;   tette hozz\u00e1 Pog\u00e1ny Attila.<\/p>\n<p>Az Aktu\u00e1lis felfriss\u00edt\u00e9se mellett tov\u00e1bbi \u00fajdons\u00e1gokon is dolgozunk. Koll\u00e9g\u00e1ink egy \u00faj a h\u00edrad\u00f3 ut\u00e1ni m\u0171sor vil\u00e1g\u00edt\u00e1s\u00e1t pr\u00f3b\u00e1lj\u00e1k valamint annak d\u00edszlet\u00e9t alak\u00edtj\u00e1k. Az eddig l\u00e1tott magazinos helysz\u00edn is m\u00e1s arc\u00e1t mutatja majd, a tervek m\u00e1r elk\u00e9sz\u00fcltek, a megval\u00f3s\u00edt\u00e1s pedig elkezd\u0151d\u00f6tt. A Szolnok TV frekvent\u00e1lt, 19-t\u0151l 20 \u00f3r\u00e1ig tart\u00f3 m\u0171sors\u00e1vja hamarosan teljesen meg\u00fajult k\u00fcls\u0151vel \u00e9s tartalommal v\u00e1rja majd a n\u00e9z\u0151ket.<\/p>\n<div style=\"width: 640px;\" class=\"wp-video\"><!--[if lt IE 9]><script>document.createElement('video');<\/script><![endif]-->\n<video class=\"wp-video-shortcode\" id=\"video-8098-1\" width=\"640\" height=\"360\" preload=\"metadata\" controls=\"controls\"><source type=\"video\/mp4\" src=\"\/spots\/hir\/hir_180131_05.mp4?_=1\" \/><a href=\"\/spots\/hir\/hir_180131_05.mp4\">\/spots\/hir\/hir_180131_05.mp4<\/a><\/video><\/div>\n","protected":false},"excerpt":{"rendered":"<p>Az utols\u00f3 egyeztet\u00e9sek egyike. Pog\u00e1ny Attila vez\u00e9rigazgat\u00f3 \u00e9s T\u00e1las L\u00e1szl\u00f3 az Aktu\u00e1lis felel\u0151s szerkeszt\u0151je n\u00e9zik a h\u00edrm\u0171sor \u00faj f\u0151c\u00edm\u00e9t. De nem csak ez v\u00e1ltozik majd, hanem fel\u00e9p\u00edt\u00e9s is. Telev\u00edzi\u00f3nk sikeresen p\u00e1ly\u00e1zott a M\u00e9diatan\u00e1cs t\u00e1mogat\u00e1s\u00e1ra, mely legal\u00e1bb 20 perces m\u0171sorid\u0151t \u00edr el\u0151. Ebben a klasszikus h\u00edrek mellett term\u00e9szetesen helyet kap a sport is valamint hamarosan meg\u00fajul [&hellip;]<\/p>\n","protected":false},"author":2,"featured_media":0,"comment_status":"closed","ping_status":"closed","sticky":false,"template":"","format":"standard","meta":[],"categories":[9],"tags":[],"_links":{"self":[{"href":"http:\/\/archiv.szolnoktv.hu\/index.php?rest_route=\/wp\/v2\/posts\/8098"}],"collection":[{"href":"http:\/\/archiv.szolnoktv.hu\/index.php?rest_route=\/wp\/v2\/posts"}],"about":[{"href":"http:\/\/archiv.szolnoktv.hu\/index.php?rest_route=\/wp\/v2\/types\/post"}],"author":[{"embeddable":true,"href":"http:\/\/archiv.szolnoktv.hu\/index.php?rest_route=\/wp\/v2\/users\/2"}],"replies":[{"embeddable":true,"href":"http:\/\/archiv.szolnoktv.hu\/index.php?rest_route=%2Fwp%2Fv2%2Fcomments&post=8098"}],"version-history":[{"count":1,"href":"http:\/\/archiv.szolnoktv.hu\/index.php?rest_route=\/wp\/v2\/posts\/8098\/revisions"}],"predecessor-version":[{"id":8139,"href":"http:\/\/archiv.szolnoktv.hu\/index.php?rest_route=\/wp\/v2\/posts\/8098\/revisions\/8139"}],"wp:attachment":[{"href":"http:\/\/archiv.szolnoktv.hu\/index.php?rest_route=%2Fwp%2Fv2%2Fmedia&parent=8098"}],"wp:term":[{"taxonomy":"category","embeddable":true,"href":"http:\/\/archiv.szolnoktv.hu\/index.php?rest_route=%2Fwp%2Fv2%2Fcategories&post=8098"},{"taxonomy":"post_tag","embeddable":true,"href":"http:\/\/archiv.szolnoktv.hu\/index.php?rest_route=%2Fwp%2Fv2%2Ftags&post=8098"}],"curies":[{"name":"wp","href":"https:\/\/api.w.org\/{rel}","templated":true}]}}