{"id":8096,"date":"2018-01-31T16:39:35","date_gmt":"2018-01-31T16:39:35","guid":{"rendered":"http:\/\/archiv.szolnoktv.hu\/?p=8096"},"modified":"2021-08-13T18:16:05","modified_gmt":"2021-08-13T18:16:05","slug":"szolnokra-erkezett-kuba-magyarorszagi-nagykovete","status":"publish","type":"post","link":"http:\/\/archiv.szolnoktv.hu\/?p=8096","title":{"rendered":"Szolnokra \u00e9rkezett Kuba magyarorsz\u00e1gi nagyk\u00f6vete<br>"},"content":{"rendered":"<div class='booster-block booster-read-block'><\/div><p>Git\u00e1r sz\u00f3l\u00f3val \u00e9s k\u00f3rus m\u0171vekkel k\u00f6sz\u00f6nt\u00f6tt\u00e9k a Verseghy-s di\u00e1kok Magyarorsz\u00e1g kubai nagyk\u00f6vet\u00e9t. A rendhagy\u00f3 tal\u00e1lkoz\u00f3n els\u0151sorban olyan di\u00e1kok vettek r\u00e9szt, akik spanyol nyelven tanulnak az iskol\u00e1ban.<\/p>\n<p>-Szeptember \u00f3ta tanulok spanyolt. K\u00e9t dolog miatt v\u00e1lasztottam. Az els\u0151, hogy megtetszett a spanyol \u00e9let\u00e9rz\u00e9s: kifejezik \u00e9rzelmeiket \u00e9s a boldogs\u00e1g tetszett. Illetve el\u00e9g sokan besz\u00e9lik a spanyolt a vil\u00e1gban \u00e9s a k\u00e9s\u0151bbi elhelyezked\u00e9semben is seg\u00edteni fog.&#8221;- mes\u00e9lte Fonyi M\u00e1t\u00e9 <\/p>\n<p>A szolnoki tal\u00e1lkoz\u00f3t a -Magyar k\u00e9znyomok Ib\u00e9r-Amerik\u00e1ban&#8221; c\u00edm\u0171 konferencia el\u0151zte meg, amin tavaly decemberben a gimn\u00e1zium k\u00e9t csapata vett r\u00e9szt. A di\u00e1kok Peruban \u00e9s Kub\u00e1ban megfordult magyar katon\u00e1kr\u00f3l, tud\u00f3sokr\u00f3l \u00e9s felfedez\u0151kr\u0151l tartottak el\u0151ad\u00e1st. <\/p>\n<p>-A kubai nagyk\u00f6vettel olyan j\u00f3 kapcsolat alakult ki -hiszen ezeknek az orsz\u00e1goknak k\u00fclk\u00e9pviseletei mind ott voltak ezen a rendezv\u00e9nyen-,hogy megh\u00edvtuk ide az iskol\u00e1ba \u00e9s nagy \u00f6r\u00f6m\u00fcnkre igent mondott.&#8221;- mondta az iskola igazgat\u00f3ja Pog\u00e1ny Gyula. <br \/>A tanul\u00f3k el\u0151sz\u00f6r a 15 megy\u00e9b\u0151l \u00e1ll\u00f3 szigetorsz\u00e1g f\u00f6ldrajzi elhelyezked\u00e9s\u00e9t ismerhett\u00e9k meg. A nagyk\u00f6vet el\u0151ad\u00e1s\u00e1nak c\u00e9lja a fiatalok \u00e9rdekl\u0151d\u00e9s\u00e9nek felkelt\u00e9se volt a kubai kult\u00fara ir\u00e1nt. <br \/>-Az\u00e9rt szeretem volna ide elj\u00f6nni, hogy megismerjem a di\u00e1kokkal, tal\u00e1lkozzam a gyerekekkel \u00e9s azokkal is akik december nyolcadik\u00e1n tartottak egy nagyon j\u00f3 el\u0151ad\u00e1st Kub\u00e1r\u00f3l \u00e9s Magyarorsz\u00e1gr\u00f3l. \u00c9n is hasonl\u00f3 t\u00e9m\u00e1t hoztam. Egy kicsit besz\u00e9lni szeretn\u00e9nk Kuba t\u00f6rt\u00e9nelm\u00e9r\u0151l, jelk\u00e9peir\u0151l \u00e9s hogy hogyan zajlott a felfedez\u00e9s Kub\u00e1ban.&#8221;- mondta Alicia Elvira Corredera Morales Kuba magyarorsz\u00e1gi nagyk\u00f6vete.<\/p>\n<p>A k\u00e9t orsz\u00e1g k\u00f6z\u00f6tt n\u0151 a megk\u00f6t\u00f6tt meg\u00e1llapod\u00e1sok sz\u00e1ma. A -Magyar k\u00e9znyomok Ib\u00e9r-Amerik\u00e1ban&#8221; elnevez\u00e9s\u0171 konferencia \u00e9s a szolnoki tal\u00e1lkoz\u00f3 is a nemzetk\u00f6zi kapcsolatok er\u0151s\u00f6d\u00e9s\u00e9t t\u00e1mogatja.<\/p>\n<div style=\"width: 640px;\" class=\"wp-video\"><!--[if lt IE 9]><script>document.createElement('video');<\/script><![endif]-->\n<video class=\"wp-video-shortcode\" id=\"video-8096-1\" width=\"640\" height=\"360\" preload=\"metadata\" controls=\"controls\"><source type=\"video\/mp4\" src=\"\/spots\/hir\/hir_180131_04.mp4?_=1\" \/><a href=\"\/spots\/hir\/hir_180131_04.mp4\">\/spots\/hir\/hir_180131_04.mp4<\/a><\/video><\/div>\n","protected":false},"excerpt":{"rendered":"<p>Git\u00e1r sz\u00f3l\u00f3val \u00e9s k\u00f3rus m\u0171vekkel k\u00f6sz\u00f6nt\u00f6tt\u00e9k a Verseghy-s di\u00e1kok Magyarorsz\u00e1g kubai nagyk\u00f6vet\u00e9t. A rendhagy\u00f3 tal\u00e1lkoz\u00f3n els\u0151sorban olyan di\u00e1kok vettek r\u00e9szt, akik spanyol nyelven tanulnak az iskol\u00e1ban. -Szeptember \u00f3ta tanulok spanyolt. K\u00e9t dolog miatt v\u00e1lasztottam. Az els\u0151, hogy megtetszett a spanyol \u00e9let\u00e9rz\u00e9s: kifejezik \u00e9rzelmeiket \u00e9s a boldogs\u00e1g tetszett. Illetve el\u00e9g sokan besz\u00e9lik a spanyolt a vil\u00e1gban [&hellip;]<\/p>\n","protected":false},"author":2,"featured_media":0,"comment_status":"closed","ping_status":"closed","sticky":false,"template":"","format":"standard","meta":[],"categories":[9],"tags":[],"_links":{"self":[{"href":"http:\/\/archiv.szolnoktv.hu\/index.php?rest_route=\/wp\/v2\/posts\/8096"}],"collection":[{"href":"http:\/\/archiv.szolnoktv.hu\/index.php?rest_route=\/wp\/v2\/posts"}],"about":[{"href":"http:\/\/archiv.szolnoktv.hu\/index.php?rest_route=\/wp\/v2\/types\/post"}],"author":[{"embeddable":true,"href":"http:\/\/archiv.szolnoktv.hu\/index.php?rest_route=\/wp\/v2\/users\/2"}],"replies":[{"embeddable":true,"href":"http:\/\/archiv.szolnoktv.hu\/index.php?rest_route=%2Fwp%2Fv2%2Fcomments&post=8096"}],"version-history":[{"count":1,"href":"http:\/\/archiv.szolnoktv.hu\/index.php?rest_route=\/wp\/v2\/posts\/8096\/revisions"}],"predecessor-version":[{"id":8141,"href":"http:\/\/archiv.szolnoktv.hu\/index.php?rest_route=\/wp\/v2\/posts\/8096\/revisions\/8141"}],"wp:attachment":[{"href":"http:\/\/archiv.szolnoktv.hu\/index.php?rest_route=%2Fwp%2Fv2%2Fmedia&parent=8096"}],"wp:term":[{"taxonomy":"category","embeddable":true,"href":"http:\/\/archiv.szolnoktv.hu\/index.php?rest_route=%2Fwp%2Fv2%2Fcategories&post=8096"},{"taxonomy":"post_tag","embeddable":true,"href":"http:\/\/archiv.szolnoktv.hu\/index.php?rest_route=%2Fwp%2Fv2%2Ftags&post=8096"}],"curies":[{"name":"wp","href":"https:\/\/api.w.org\/{rel}","templated":true}]}}