{"id":8095,"date":"2018-01-31T16:23:34","date_gmt":"2018-01-31T16:23:34","guid":{"rendered":"http:\/\/archiv.szolnoktv.hu\/?p=8095"},"modified":"2021-08-13T18:16:06","modified_gmt":"2021-08-13T18:16:06","slug":"felujitjak-a-szolnok-abony-kozti-utszakasz-egy-reszet","status":"publish","type":"post","link":"http:\/\/archiv.szolnoktv.hu\/?p=8095","title":{"rendered":"Fel\u00faj\u00edtj\u00e1k a Szolnok- Abony k\u00f6zti \u00fatszakasz egy r\u00e9sz\u00e9t<br>"},"content":{"rendered":"<div class='booster-block booster-read-block'><\/div><p>B\u00e1r a t\u00e9l eddig d\u00f6nt\u0151en kegyes volt, a megye \u00fatjain \u00edgy is el kellett v\u00e9gezni az \u00e9vszaknak megfelel\u0151 beavatkoz\u00e1sokat. A burkolat- f\u0151leg a gyeng\u00e9bb z\u00f3n\u00e1kban- a kisebb fagyokra is kedvez\u0151tlen\u00fcl reag\u00e1l.<\/p>\n<p> V\u00e1ntsa Zolt\u00e1n JNSZ megyei igazgat\u00f3, Magyar K\u00f6z\u00fat Zrt.  &#8220;Ugyanis a nedvess\u00e9g hat\u00e1s\u00e1ra a s\u00farl\u00f3d\u00e1si er\u0151 ami \u00f6sszetartja az eg\u00e9sz aszfaltburkolatot \u00e9s a hideg hat\u00e1s\u00e1ra megfagy, fellazul, sz\u00e9treped. Azt a forgalom kij\u00e1rja, azt p\u00f3tolni kell \u00e9s ezt a t\u00e9l folyam\u00e1n mindig meg is tessz\u00fck ahol \u00fct\u0151k\u00e1tyu van ott igyeksz\u00fcnk egy ilyen csapad\u00e9kos id\u0151j\u00e1r\u00e1s ut\u00e1n ezt mindenk\u00e9ppen kezelni.&#8221; &#8211; tudtuk meg V\u00e1ntsa Zolt\u00e1nt\u00f3l a Magyar K\u00f6z\u00fat Zrt. megyei igazgat\u00f3j\u00e1t\u00f3l<\/p>\n<p> Jelenleg Besenysz\u00f6g \u00e9s T\u00f3szeg t\u00e9rs\u00e9g\u00e9ben v\u00e9geznek hidegaszfaltos k\u00e1tyuz\u00e1st. V\u00e9gleges megold\u00e1st azonban nem ez, hanem a teljes burkolatfel\u00faj\u00edt\u00e1s jelentene. Erre legk\u00f6zelebb Besenysz\u00f6g k\u00f6rny\u00e9k\u00e9n ker\u00fcl majd sor. A tervezett rekonstrukci\u00f3 egyar\u00e1nt \u00e9rinti az M4 nyomvonal\u00e1t\u00f3l- a telep\u00fcl\u00e9sig tart\u00f3 szakaszt, a p\u00e1rhuzamosan fut\u00f3- Tiszas\u00fclyre vezet\u0151 utat, illetve a Tiszas\u00fcly- J\u00e1szber\u00e9ny k\u00f6z\u00f6tti \u00fatszakaszt. Szint\u00e9n a k\u00f6zelj\u00f6v\u0151ben kezdik meg a Szolnok- Abony k\u00f6z\u00f6tti \u00fat egy r\u00e9sz\u00e9nek burkolatcser\u00e9j\u00e9t.<\/p>\n<p>&#8220;Id\u00e9n ez a h\u00e1tunk m\u00f6g\u00f6tt l\u00e1that\u00f3 \u00fatszakasz 3.3 kilom\u00e9ter hossz\u00fas\u00e1gban \u00faj burkolatot fog kapni. Erre nagyon r\u00e1 is f\u00e9r- ez m\u00e1r igencsak meghaladta a h\u00fasz \u00e9ves \u00e9letkort ez a burkolat.&#8221;<\/p>\n<p>A munk\u00e1latok tavasszal kezd\u0151dnek, addig azonban j\u00f6nnek m\u00e9g fagyok. Korai volna megj\u00f3solni milyen lesz a t\u00e9l h\u00e1tral\u00e9v\u0151 r\u00e9sze. Egy biztos- eddig mintegy 3750 tonna s\u00f3t haszn\u00e1ltak fel  a megye \u00fatjain- tudtuk meg a Magyar K\u00f6z\u00fat Zrt. megyei igazgat\u00f3j\u00e1t\u00f3l. <\/p>\n<div style=\"width: 640px;\" class=\"wp-video\"><!--[if lt IE 9]><script>document.createElement('video');<\/script><![endif]-->\n<video class=\"wp-video-shortcode\" id=\"video-8095-1\" width=\"640\" height=\"360\" preload=\"metadata\" controls=\"controls\"><source type=\"video\/mp4\" src=\"\/spots\/hir\/hir_180131_02.mp4?_=1\" \/><a href=\"\/spots\/hir\/hir_180131_02.mp4\">\/spots\/hir\/hir_180131_02.mp4<\/a><\/video><\/div>\n","protected":false},"excerpt":{"rendered":"<p>B\u00e1r a t\u00e9l eddig d\u00f6nt\u0151en kegyes volt, a megye \u00fatjain \u00edgy is el kellett v\u00e9gezni az \u00e9vszaknak megfelel\u0151 beavatkoz\u00e1sokat. A burkolat- f\u0151leg a gyeng\u00e9bb z\u00f3n\u00e1kban- a kisebb fagyokra is kedvez\u0151tlen\u00fcl reag\u00e1l. V\u00e1ntsa Zolt\u00e1n JNSZ megyei igazgat\u00f3, Magyar K\u00f6z\u00fat Zrt. &#8220;Ugyanis a nedvess\u00e9g hat\u00e1s\u00e1ra a s\u00farl\u00f3d\u00e1si er\u0151 ami \u00f6sszetartja az eg\u00e9sz aszfaltburkolatot \u00e9s a hideg hat\u00e1s\u00e1ra [&hellip;]<\/p>\n","protected":false},"author":2,"featured_media":0,"comment_status":"closed","ping_status":"closed","sticky":false,"template":"","format":"standard","meta":[],"categories":[9],"tags":[],"_links":{"self":[{"href":"http:\/\/archiv.szolnoktv.hu\/index.php?rest_route=\/wp\/v2\/posts\/8095"}],"collection":[{"href":"http:\/\/archiv.szolnoktv.hu\/index.php?rest_route=\/wp\/v2\/posts"}],"about":[{"href":"http:\/\/archiv.szolnoktv.hu\/index.php?rest_route=\/wp\/v2\/types\/post"}],"author":[{"embeddable":true,"href":"http:\/\/archiv.szolnoktv.hu\/index.php?rest_route=\/wp\/v2\/users\/2"}],"replies":[{"embeddable":true,"href":"http:\/\/archiv.szolnoktv.hu\/index.php?rest_route=%2Fwp%2Fv2%2Fcomments&post=8095"}],"version-history":[{"count":1,"href":"http:\/\/archiv.szolnoktv.hu\/index.php?rest_route=\/wp\/v2\/posts\/8095\/revisions"}],"predecessor-version":[{"id":8142,"href":"http:\/\/archiv.szolnoktv.hu\/index.php?rest_route=\/wp\/v2\/posts\/8095\/revisions\/8142"}],"wp:attachment":[{"href":"http:\/\/archiv.szolnoktv.hu\/index.php?rest_route=%2Fwp%2Fv2%2Fmedia&parent=8095"}],"wp:term":[{"taxonomy":"category","embeddable":true,"href":"http:\/\/archiv.szolnoktv.hu\/index.php?rest_route=%2Fwp%2Fv2%2Fcategories&post=8095"},{"taxonomy":"post_tag","embeddable":true,"href":"http:\/\/archiv.szolnoktv.hu\/index.php?rest_route=%2Fwp%2Fv2%2Ftags&post=8095"}],"curies":[{"name":"wp","href":"https:\/\/api.w.org\/{rel}","templated":true}]}}