{"id":8094,"date":"2018-01-31T16:15:53","date_gmt":"2018-01-31T16:15:53","guid":{"rendered":"http:\/\/archiv.szolnoktv.hu\/?p=8094"},"modified":"2021-08-13T18:16:06","modified_gmt":"2021-08-13T18:16:06","slug":"megalakult-a-valasztasi-bizottsag","status":"publish","type":"post","link":"http:\/\/archiv.szolnoktv.hu\/?p=8094","title":{"rendered":"Megalakult a v\u00e1laszt\u00e1si bizotts\u00e1g<br>"},"content":{"rendered":"<div class='booster-block booster-read-block'><\/div><p>A szolnoki k\u00f6zgy\u0171l\u00e9s janu\u00e1r 25-\u00e9n v\u00e1lasztotta meg JNSZ megye 1. sz\u00e1m\u00fa Orsz\u00e1ggy\u0171l\u00e9si Egy\u00e9ni V\u00e1laszt\u00f3ker\u00fclete V\u00e1laszt\u00e1si Bizotts\u00e1g\u00e1nak tagjait. Az 5 tag\u00fa test\u00fclet h\u00e1rom szavazati joggal rendelkez\u0151 tagja a mai alakul\u00f3 \u00fcl\u00e9sen \u00f6nt\u00f6tt eln\u00f6k\u00e9r\u0151l \u00e9s aleln\u00f6k\u00e9r\u0151l.<\/p>\n<p>-JNSZ Megye 1. sz\u00e1m\u00fa Orsz\u00e1ggy\u0171l\u00e9si Egy\u00e9ni V\u00e1laszt\u00f3ker\u00fclet\u00e9nek V\u00e1laszt\u00e1si Bizotts\u00e1ga az al\u00e1bbi hat\u00e1rozatot hozza: JNSZ Megye 1. sz\u00e1m\u00fa Orsz\u00e1ggy\u0171l\u00e9si Egy\u00e9ni V\u00e1laszt\u00f3ker\u00fclet\u00e9nek V\u00e1laszt\u00e1si Bizotts\u00e1ga alakul\u00f3 \u00fcl\u00e9s\u00e9n a v\u00e1laszt\u00e1si bizotts\u00e1g eln\u00f6k\u00e9nek Dr. Czifra K\u00e1rolyt, aleln\u00f6knek pedig Dr. Szakali Erzs\u00e9betet megv\u00e1lasztja.&#8221; &#8211;  hirdette ki a hat\u00e1rozatot Dr. Czifra K\u00e1roly eln\u00f6k<\/p>\n<p>A \u00fcl\u00e9sen az eln\u00f6k \u00e9s az aleln\u00f6k szem\u00e9lye mellett a test\u00fclet m\u00e9g k\u00e9t napirendi pontr\u00f3l, az \u00fcgyrendr\u0151l \u00e9s az eln\u00f6k hat\u00e1sk\u00f6r\u00e9r\u0151l is d\u00f6nt\u00f6tt. A v\u00e1laszt\u00e1sok el\u0151k\u00e9sz\u00edt\u00e9s\u00e9n a V\u00e1laszt\u00e1si Iroda munkat\u00e1rsai m\u00e1r h\u00f3napok \u00f3ta r\u00e9szt vesznek. <\/p>\n<p>Dr. R\u00e1cz Andrea aljegyz\u0151 kiemelte: -A kor\u00e1bbi \u00e9vek gyakorlat\u00e1hoz hasonl\u00f3an jellemz\u0151en nem egy \u00e9s nem k\u00e9t ember v\u00e9gzi itt a polg\u00e1rmesteri hivatalban a munk\u00e1t a v\u00e1laszt\u00e1sok napj\u00e1n. Az eddigi tapasztalatok alapj\u00e1n a v\u00e1laszt\u00e1sok napj\u00e1n kb. 600 ember fog csak Szolnokon dolgozni az\u00e9rt, hogy minden rendben menjen \u00e9s minden a jogszab\u00e1lyoknak megfelel\u0151en t\u00f6rt\u00e9njen.&#8221;<\/p>\n<p>A test\u00fclet legk\u00f6zelebb a febru\u00e1r 19-i h\u00e9ten \u00fcl \u00f6ssze, ugyanis a kamp\u00e1nyid\u0151szak ezen a napon reggel 8 \u00f3rakkor indul. \u00c1der J\u00e1nos k\u00f6zt\u00e1rsas\u00e1gi eln\u00f6k \u00e1prilis 8-ra \u00edrta ki a 2018-as orsz\u00e1ggy\u0171l\u00e9si v\u00e1laszt\u00e1sok id\u0151pontj\u00e1t.<\/p>\n<div style=\"width: 640px;\" class=\"wp-video\"><!--[if lt IE 9]><script>document.createElement('video');<\/script><![endif]-->\n<video class=\"wp-video-shortcode\" id=\"video-8094-1\" width=\"640\" height=\"360\" preload=\"metadata\" controls=\"controls\"><source type=\"video\/mp4\" src=\"\/spots\/hir\/hir_180131_01.mp4?_=1\" \/><a href=\"\/spots\/hir\/hir_180131_01.mp4\">\/spots\/hir\/hir_180131_01.mp4<\/a><\/video><\/div>\n","protected":false},"excerpt":{"rendered":"<p>A szolnoki k\u00f6zgy\u0171l\u00e9s janu\u00e1r 25-\u00e9n v\u00e1lasztotta meg JNSZ megye 1. sz\u00e1m\u00fa Orsz\u00e1ggy\u0171l\u00e9si Egy\u00e9ni V\u00e1laszt\u00f3ker\u00fclete V\u00e1laszt\u00e1si Bizotts\u00e1g\u00e1nak tagjait. Az 5 tag\u00fa test\u00fclet h\u00e1rom szavazati joggal rendelkez\u0151 tagja a mai alakul\u00f3 \u00fcl\u00e9sen \u00f6nt\u00f6tt eln\u00f6k\u00e9r\u0151l \u00e9s aleln\u00f6k\u00e9r\u0151l. -JNSZ Megye 1. sz\u00e1m\u00fa Orsz\u00e1ggy\u0171l\u00e9si Egy\u00e9ni V\u00e1laszt\u00f3ker\u00fclet\u00e9nek V\u00e1laszt\u00e1si Bizotts\u00e1ga az al\u00e1bbi hat\u00e1rozatot hozza: JNSZ Megye 1. sz\u00e1m\u00fa Orsz\u00e1ggy\u0171l\u00e9si Egy\u00e9ni V\u00e1laszt\u00f3ker\u00fclet\u00e9nek V\u00e1laszt\u00e1si [&hellip;]<\/p>\n","protected":false},"author":2,"featured_media":0,"comment_status":"closed","ping_status":"closed","sticky":false,"template":"","format":"standard","meta":[],"categories":[9],"tags":[],"_links":{"self":[{"href":"http:\/\/archiv.szolnoktv.hu\/index.php?rest_route=\/wp\/v2\/posts\/8094"}],"collection":[{"href":"http:\/\/archiv.szolnoktv.hu\/index.php?rest_route=\/wp\/v2\/posts"}],"about":[{"href":"http:\/\/archiv.szolnoktv.hu\/index.php?rest_route=\/wp\/v2\/types\/post"}],"author":[{"embeddable":true,"href":"http:\/\/archiv.szolnoktv.hu\/index.php?rest_route=\/wp\/v2\/users\/2"}],"replies":[{"embeddable":true,"href":"http:\/\/archiv.szolnoktv.hu\/index.php?rest_route=%2Fwp%2Fv2%2Fcomments&post=8094"}],"version-history":[{"count":1,"href":"http:\/\/archiv.szolnoktv.hu\/index.php?rest_route=\/wp\/v2\/posts\/8094\/revisions"}],"predecessor-version":[{"id":8143,"href":"http:\/\/archiv.szolnoktv.hu\/index.php?rest_route=\/wp\/v2\/posts\/8094\/revisions\/8143"}],"wp:attachment":[{"href":"http:\/\/archiv.szolnoktv.hu\/index.php?rest_route=%2Fwp%2Fv2%2Fmedia&parent=8094"}],"wp:term":[{"taxonomy":"category","embeddable":true,"href":"http:\/\/archiv.szolnoktv.hu\/index.php?rest_route=%2Fwp%2Fv2%2Fcategories&post=8094"},{"taxonomy":"post_tag","embeddable":true,"href":"http:\/\/archiv.szolnoktv.hu\/index.php?rest_route=%2Fwp%2Fv2%2Ftags&post=8094"}],"curies":[{"name":"wp","href":"https:\/\/api.w.org\/{rel}","templated":true}]}}