{"id":8092,"date":"2018-01-30T18:03:08","date_gmt":"2018-01-30T18:03:08","guid":{"rendered":"http:\/\/archiv.szolnoktv.hu\/?p=8092"},"modified":"2021-08-13T18:16:06","modified_gmt":"2021-08-13T18:16:06","slug":"karacsonyi-fenyek-rajz-es-kezmuves-termekek-palyazat-dijatado","status":"publish","type":"post","link":"http:\/\/archiv.szolnoktv.hu\/?p=8092","title":{"rendered":"-Kar\u00e1csonyi F\u00e9nyek!&#8221; rajz \u00e9s k\u00e9zm\u0171ves term\u00e9kek p\u00e1ly\u00e1zat d\u00edj\u00e1tad\u00f3 <br>"},"content":{"rendered":"<div class='booster-block booster-read-block'><\/div><p>Volt akit a kar\u00e1csonyi v\u00e1s\u00e1r hangulata ihletett meg, de olyan is akadt akinek a forr\u00f3 tea adott \u00f6tletet p\u00e1lyamunk\u00e1ja elk\u00e9sz\u00edt\u00e9s\u00e9hez. A megyei \u00f6nkorm\u00e1nyzat hagyom\u00e1nyos -Kar\u00e1csonyi f\u00e9nyek&#8221; c\u00edm\u0171 verseny\u00e9n h\u00e1rom kateg\u00f3ri\u00e1ban nevezhettek az \u00e9rdekl\u0151d\u0151k. Lescsinszky Beatrixot a Kossuth t\u00e9r kar\u00e1csonyi faluj\u00e1t \u00f6r\u00f6k\u00edtette meg.<\/p>\n<p>-Pr\u00f3b\u00e1ltam \u00fagy megragadni, \u00fagy a pillanatot, hogy a kar\u00e1csonyi hangulat \u00e1tj\u00f6jj\u00f6n, meg a kar\u00e1csonyi f\u00e9nyek \u00e1tj\u00f6jjenek, teh\u00e1t az \u00e9rz\u00e9s \u00e1tj\u00f6jj\u00f6n.&#8221;- mes\u00e9lte Lescsinszky Beatrix <\/p>\n<p>Az indul\u00f3k kateg\u00f3ri\u00e1nk\u00e9nt k\u00f6z\u00f6ns\u00e9gd\u00edjban is r\u00e9szes\u00fclhettek. A szavaz\u00f3k rajz kateg\u00f3ria k\u00fcl\u00f6nd\u00edj\u00e1t Enyedi Zsolt akril festm\u00e9nynek \u00edt\u00e9lt\u00e9k meg.<\/p>\n<p>-Mindenk\u00e9ppen szerettem volna megjelen\u00edteni a gyermeki kar\u00e1csonyt. Hiszen mostan\u00e1ban ez legink\u00e1bb a gyermekek \u00fcnnepe. \u00c9n m\u00e1r feln\u0151ttk\u00e9nt ezzel a hangulattal els\u0151sorban kar\u00e1csonyi falvakban szoktam tal\u00e1lkozni.&#8221;- mondta Enyedi Zsolt. <\/p>\n<p>A p\u00e1lyamunk\u00e1kat h\u00e1rom f\u0151s zs\u0171ri: a kreativit\u00e1s, a f\u00e9nyk\u00e9pez\u00e9s, illetve rajztechnikai szempontok \u00e9rv\u00e9nyes\u00fcl\u00e9se, az \u00e9rzelmi hat\u00e1s, valamint az \u00f6tletes c\u00edmv\u00e1laszt\u00e1s szempontjai alapj\u00e1n b\u00edr\u00e1lta. A verseny c\u00e9lja ez\u00fattal is a megy\u00e9ben \u00e9l\u0151k akt\u00edv bevon\u00e1sa volt az adventi k\u00e9sz\u00fcl\u0151d\u00e9s id\u0151szak\u00e1ba.<\/p>\n<p>-Nagyon sz\u00e9p rajzok, nagyon sz\u00e9p fot\u00f3k \u00e9s sz\u00e9p k\u00e9zm\u0171ves term\u00e9kek is k\u00e9sz\u00fcltek. <br \/>\u00c9n azt gondolom, hogy minden bel\u00fclr\u0151l j\u00f6n: a rajz is, f\u00e9nyk\u00e9p is \u00e9s ak\u00e1r egy fafarag\u00e1s is. Minden bel\u00fclr\u0151l j\u00f6n \u00e9s, ha \u00e9rz\u0151dik benne a bels\u0151 sz\u00e1nd\u00e9k, meghitts\u00e9g akkor ezzel mindenki nyert.&#8221;- mondta Kov\u00e1cs S\u00e1ndor a JNSZ Megyei K\u00f6zgy\u0171l\u00e9s eln\u00f6ke. <\/p>\n<p>A zs\u0171ri a legt\u00f6bb p\u00e1lyamunk\u00e1t bek\u00fcld\u0151 iskol\u00e1t is d\u00edjazta. A -Kar\u00e1csonyi f\u00e9nyek&#8221; fot\u00f3 \u00e9s k\u00e9zm\u0171ves p\u00e1ly\u00e1zat legakt\u00edvabb oktat\u00e1si int\u00e9zm\u00e9nye c\u00edmet a Szandasz\u0151l\u0151si \u00c1ltal\u00e1nos Iskola nyerte el. <\/p>\n<div style=\"width: 640px;\" class=\"wp-video\"><!--[if lt IE 9]><script>document.createElement('video');<\/script><![endif]-->\n<video class=\"wp-video-shortcode\" id=\"video-8092-1\" width=\"640\" height=\"360\" preload=\"metadata\" controls=\"controls\"><source type=\"video\/mp4\" src=\"\/spots\/hir\/hir_180130_06.mp4?_=1\" \/><a href=\"\/spots\/hir\/hir_180130_06.mp4\">\/spots\/hir\/hir_180130_06.mp4<\/a><\/video><\/div>\n","protected":false},"excerpt":{"rendered":"<p>Volt akit a kar\u00e1csonyi v\u00e1s\u00e1r hangulata ihletett meg, de olyan is akadt akinek a forr\u00f3 tea adott \u00f6tletet p\u00e1lyamunk\u00e1ja elk\u00e9sz\u00edt\u00e9s\u00e9hez. A megyei \u00f6nkorm\u00e1nyzat hagyom\u00e1nyos -Kar\u00e1csonyi f\u00e9nyek&#8221; c\u00edm\u0171 verseny\u00e9n h\u00e1rom kateg\u00f3ri\u00e1ban nevezhettek az \u00e9rdekl\u0151d\u0151k. Lescsinszky Beatrixot a Kossuth t\u00e9r kar\u00e1csonyi faluj\u00e1t \u00f6r\u00f6k\u00edtette meg. -Pr\u00f3b\u00e1ltam \u00fagy megragadni, \u00fagy a pillanatot, hogy a kar\u00e1csonyi hangulat \u00e1tj\u00f6jj\u00f6n, meg a [&hellip;]<\/p>\n","protected":false},"author":2,"featured_media":0,"comment_status":"closed","ping_status":"closed","sticky":false,"template":"","format":"standard","meta":[],"categories":[9],"tags":[],"_links":{"self":[{"href":"http:\/\/archiv.szolnoktv.hu\/index.php?rest_route=\/wp\/v2\/posts\/8092"}],"collection":[{"href":"http:\/\/archiv.szolnoktv.hu\/index.php?rest_route=\/wp\/v2\/posts"}],"about":[{"href":"http:\/\/archiv.szolnoktv.hu\/index.php?rest_route=\/wp\/v2\/types\/post"}],"author":[{"embeddable":true,"href":"http:\/\/archiv.szolnoktv.hu\/index.php?rest_route=\/wp\/v2\/users\/2"}],"replies":[{"embeddable":true,"href":"http:\/\/archiv.szolnoktv.hu\/index.php?rest_route=%2Fwp%2Fv2%2Fcomments&post=8092"}],"version-history":[{"count":1,"href":"http:\/\/archiv.szolnoktv.hu\/index.php?rest_route=\/wp\/v2\/posts\/8092\/revisions"}],"predecessor-version":[{"id":8145,"href":"http:\/\/archiv.szolnoktv.hu\/index.php?rest_route=\/wp\/v2\/posts\/8092\/revisions\/8145"}],"wp:attachment":[{"href":"http:\/\/archiv.szolnoktv.hu\/index.php?rest_route=%2Fwp%2Fv2%2Fmedia&parent=8092"}],"wp:term":[{"taxonomy":"category","embeddable":true,"href":"http:\/\/archiv.szolnoktv.hu\/index.php?rest_route=%2Fwp%2Fv2%2Fcategories&post=8092"},{"taxonomy":"post_tag","embeddable":true,"href":"http:\/\/archiv.szolnoktv.hu\/index.php?rest_route=%2Fwp%2Fv2%2Ftags&post=8092"}],"curies":[{"name":"wp","href":"https:\/\/api.w.org\/{rel}","templated":true}]}}