{"id":8091,"date":"2018-01-30T17:44:34","date_gmt":"2018-01-30T17:44:34","guid":{"rendered":"http:\/\/archiv.szolnoktv.hu\/?p=8091"},"modified":"2021-08-13T18:16:06","modified_gmt":"2021-08-13T18:16:06","slug":"sebestyen-zoltan-kiallitasa","status":"publish","type":"post","link":"http:\/\/archiv.szolnoktv.hu\/?p=8091","title":{"rendered":"Sebesty\u00e9n Zolt\u00e1n ki\u00e1ll\u00edt\u00e1sa"},"content":{"rendered":"<div class='booster-block booster-read-block'><\/div><p>Bemutatkozott, kiemelt\u00e9k, megh\u00edvt\u00e1k&#8230;. A Magyar Fest\u00e9szet Napja alkalm\u00e1b\u00f3l  oda\u00edt\u00e9lt megh\u00edv\u00e1snak tett eleget Sebesty\u00e9n Zolt\u00e1n Munk\u00e1csy- d\u00edjas fest\u0151m\u0171v\u00e9sz. Az alkot\u00f3 gy\u0171jtem\u00e9nyes t\u00e1rlata egy furcsa, megh\u00f6kkent\u0151 vil\u00e1gba kalauzolja a n\u00e9z\u0151t. Modern \u00e9s mer\u00e9sz k\u00e9pei nem \u00e9desgetik magukhoz a befogad\u00f3t. T\u00e9m\u00e1ival meg kell k\u00fczdeni a l\u00e1togat\u00f3knak. \u00c1m meg\u00e9ri! &#8230; Meg\u00e9ri id\u0151t, figyelmet sz\u00e1nni a munk\u00e1kra, melyek a Gal\u00e9ria adta t\u00e1gas t\u00e9rben \u00e9rv\u00e9nyes\u00fclnek igaz\u00e1n. Sebesty\u00e9n Zolt\u00e1n fest\u0151, grafikus a nyolcvanas \u00e9vek m\u00e1sodik fel\u00e9t\u0151l- a K\u00e9pz\u0151m\u0171v\u00e9szeti F\u0151iskol\u00e1n elt\u00f6lt\u00f6tt \u00e9veket k\u00f6vet\u0151en rendszeresen mutatkozott be csoportos \u00e9s egy\u00e9ni t\u00e1rlatokon. Munk\u00e1i t\u00f6bb hazai \u00e9s k\u00fclf\u00f6ldi k\u00f6zgy\u0171jtem\u00e9nyt gazdag\u00edtanak. A Derkovits-\u00f6szt\u00f6nd\u00edj mellett sz\u00e1mos kit\u00fcntet\u00e9st kapott itthon \u00e9s k\u00fclf\u00f6ld\u00f6n is. A Szolnoki K\u00e9pz\u0151m\u0171v\u00e9szeti T\u00e1rsas\u00e1g d\u00edjazottj\u00e1nak munk\u00e1i m\u00e1rcius negyedik\u00e9ig tekinthet\u0151k meg a Gal\u00e9ri\u00e1ban.<\/p>\n<div style=\"width: 640px;\" class=\"wp-video\"><!--[if lt IE 9]><script>document.createElement('video');<\/script><![endif]-->\n<video class=\"wp-video-shortcode\" id=\"video-8091-1\" width=\"640\" height=\"360\" preload=\"metadata\" controls=\"controls\"><source type=\"video\/mp4\" src=\"\/spots\/hir\/hir_180130_05.mp4?_=1\" \/><a href=\"\/spots\/hir\/hir_180130_05.mp4\">\/spots\/hir\/hir_180130_05.mp4<\/a><\/video><\/div>\n","protected":false},"excerpt":{"rendered":"<p>Bemutatkozott, kiemelt\u00e9k, megh\u00edvt\u00e1k&#8230;. A Magyar Fest\u00e9szet Napja alkalm\u00e1b\u00f3l oda\u00edt\u00e9lt megh\u00edv\u00e1snak tett eleget Sebesty\u00e9n Zolt\u00e1n Munk\u00e1csy- d\u00edjas fest\u0151m\u0171v\u00e9sz. Az alkot\u00f3 gy\u0171jtem\u00e9nyes t\u00e1rlata egy furcsa, megh\u00f6kkent\u0151 vil\u00e1gba kalauzolja a n\u00e9z\u0151t. Modern \u00e9s mer\u00e9sz k\u00e9pei nem \u00e9desgetik magukhoz a befogad\u00f3t. T\u00e9m\u00e1ival meg kell k\u00fczdeni a l\u00e1togat\u00f3knak. \u00c1m meg\u00e9ri! &#8230; Meg\u00e9ri id\u0151t, figyelmet sz\u00e1nni a munk\u00e1kra, melyek a Gal\u00e9ria [&hellip;]<\/p>\n","protected":false},"author":2,"featured_media":0,"comment_status":"closed","ping_status":"closed","sticky":false,"template":"","format":"standard","meta":[],"categories":[9],"tags":[],"_links":{"self":[{"href":"http:\/\/archiv.szolnoktv.hu\/index.php?rest_route=\/wp\/v2\/posts\/8091"}],"collection":[{"href":"http:\/\/archiv.szolnoktv.hu\/index.php?rest_route=\/wp\/v2\/posts"}],"about":[{"href":"http:\/\/archiv.szolnoktv.hu\/index.php?rest_route=\/wp\/v2\/types\/post"}],"author":[{"embeddable":true,"href":"http:\/\/archiv.szolnoktv.hu\/index.php?rest_route=\/wp\/v2\/users\/2"}],"replies":[{"embeddable":true,"href":"http:\/\/archiv.szolnoktv.hu\/index.php?rest_route=%2Fwp%2Fv2%2Fcomments&post=8091"}],"version-history":[{"count":1,"href":"http:\/\/archiv.szolnoktv.hu\/index.php?rest_route=\/wp\/v2\/posts\/8091\/revisions"}],"predecessor-version":[{"id":8146,"href":"http:\/\/archiv.szolnoktv.hu\/index.php?rest_route=\/wp\/v2\/posts\/8091\/revisions\/8146"}],"wp:attachment":[{"href":"http:\/\/archiv.szolnoktv.hu\/index.php?rest_route=%2Fwp%2Fv2%2Fmedia&parent=8091"}],"wp:term":[{"taxonomy":"category","embeddable":true,"href":"http:\/\/archiv.szolnoktv.hu\/index.php?rest_route=%2Fwp%2Fv2%2Fcategories&post=8091"},{"taxonomy":"post_tag","embeddable":true,"href":"http:\/\/archiv.szolnoktv.hu\/index.php?rest_route=%2Fwp%2Fv2%2Ftags&post=8091"}],"curies":[{"name":"wp","href":"https:\/\/api.w.org\/{rel}","templated":true}]}}