{"id":8090,"date":"2018-01-30T17:01:31","date_gmt":"2018-01-30T17:01:31","guid":{"rendered":"http:\/\/archiv.szolnoktv.hu\/?p=8090"},"modified":"2021-08-13T18:16:06","modified_gmt":"2021-08-13T18:16:06","slug":"az-ev-gyogynovenye-a-levendula","status":"publish","type":"post","link":"http:\/\/archiv.szolnoktv.hu\/?p=8090","title":{"rendered":"Az \u00e9v gy\u00f3gyn\u00f6v\u00e9nye a levendula<br><br>"},"content":{"rendered":"<div class='booster-block booster-read-block'><\/div><p>A val\u00f3di vagy keskenylevel\u0171 levendula \u00f6r\u00f6kz\u00f6ld, \u00e9vel\u0151, mediterr\u00e1n eredet\u0171 f\u00e9lcserje. A Magyar Gy\u00f3gyszerk\u00f6nyvben sz\u00e1r\u00edtott vir\u00e1ga \u00e9s a bel\u0151le nyert ill\u00f3olaj hivatalos. Napjainkban a legkedveltebb gy\u00f3gyn\u00f6v\u00e9nyek egyike. Levendula fajokat m\u00e1r az \u00f3korban is alkalmaztak gy\u00f3gy\u00e1szati c\u00e9lb\u00f3l sebek fert\u0151tlen\u00edt\u00e9s\u00e9re \u00e9s \u00e1lmatlans\u00e1g kezel\u00e9s\u00e9re.<\/p>\n<p> Dr. M\u00e9sz\u00e1ros \u00c1gnes szakgy\u00f3gyszer\u00e9sz elmondta: <\/p>\n<p>-&#8220;A mediterr\u00e1neumban szinte gyomn\u00f6v\u00e9nyk\u00e9nt is megtal\u00e1lhat\u00f3, Provence k\u00f6rny\u00e9k\u00e9re kell csak gondolnunk \u00e9s megjelenik el\u0151tt\u00fcnk a levendulamez\u0151k k\u00e9kje. Nyugtat\u00f3, gyullad\u00e1scs\u00f6kkent\u0151 n\u00f6v\u00e9nyk\u00e9nt h\u00edres\u00fclt el ezt a gy\u00f3gyn\u00f6v\u00e9ny. &#8211;<br \/> Magyarorsz\u00e1gra  a  XVII. sz\u00e1zadban ker\u00fclt be. Ma  is a Pannonhalmi ap\u00e1ts\u00e1g \u00e9s a Tihanyi bels\u0151  t\u00f3 k\u00f6rny\u00e9ke az egyik legnagyobb levendula term\u0151 ter\u00fclet. Legink\u00e1bb te\u00e1j\u00e1t \u00e9s ill\u00f3olaj\u00e1t ismerj\u00fck. Itt a gy\u00f3gyszert\u00e1rban is levendulaolajos p\u00e1rn\u00e1csk\u00e1t akasztottak a szekr\u00e9nyekre. Nem mellesleg er\u0151s illat\u00e1t\u00f3l menek\u00fclnek a ruhamolyok.<br \/>Dr. M\u00e9sz\u00e1ros \u00c1gnes szakgy\u00f3gyszer\u00e9sz, gy\u00f3gyszert\u00e1rvezet\u0151: <\/p>\n<p>-&#8220;S\u0151t ma m\u00e1r f\u00f6lfedezte mag\u00e1nak az \u00e9lelmiszeripar is, egyr\u00e9szt a sz\u00edne miatt, m\u00e1sr\u00e9szt egy \u00e9rdekes \u00edzvil\u00e1ga van, \u00fagyhogy m\u00e1r fagylalt, csokol\u00e1d\u00e9, \u00e9s nemcsak d\u00edsz\u00edt\u00e9sk\u00e9nt, hanem \u00edzanyagk\u00e9nt is haszn\u00e1latos. &#8211;<br \/>Nyugtalans\u00e1g, \u00e1lmatlans\u00e1g \u00e9s em\u00e9szt\u00e9si panaszok kezel\u00e9s\u00e9ben hat\u00e1soss\u00e1g\u00e1t tudom\u00e1nyos bizony\u00edt\u00e9kok igazolj\u00e1k. Jelenleg vizsg\u00e1latok, kutat\u00e1sok folynak \u00edg\u00e9retes antibakteri\u00e1lis, antioxid\u00e1ns, sebgy\u00f3gy\u00edt\u00f3, gyullad\u00e1scs\u00f6kkent\u0151, f\u00e1jdalomcsillap\u00edt\u00f3 \u00e9s gomba\u00f6l\u0151  hat\u00e1saival kapcsolatban. Ebben a sportkr\u00e9mben is megtal\u00e1ltuk. Ill\u00f3olaj\u00e1t az aromater\u00e1pi\u00e1ban is haszn\u00e1lj\u00e1k, valamint a kozmetikai ipar fontos alapanyaga.<\/p>\n<div style=\"width: 640px;\" class=\"wp-video\"><!--[if lt IE 9]><script>document.createElement('video');<\/script><![endif]-->\n<video class=\"wp-video-shortcode\" id=\"video-8090-1\" width=\"640\" height=\"360\" preload=\"metadata\" controls=\"controls\"><source type=\"video\/mp4\" src=\"\/spots\/hir\/hir_180130_04.mp4?_=1\" \/><a href=\"\/spots\/hir\/hir_180130_04.mp4\">\/spots\/hir\/hir_180130_04.mp4<\/a><\/video><\/div>\n","protected":false},"excerpt":{"rendered":"<p>A val\u00f3di vagy keskenylevel\u0171 levendula \u00f6r\u00f6kz\u00f6ld, \u00e9vel\u0151, mediterr\u00e1n eredet\u0171 f\u00e9lcserje. A Magyar Gy\u00f3gyszerk\u00f6nyvben sz\u00e1r\u00edtott vir\u00e1ga \u00e9s a bel\u0151le nyert ill\u00f3olaj hivatalos. Napjainkban a legkedveltebb gy\u00f3gyn\u00f6v\u00e9nyek egyike. Levendula fajokat m\u00e1r az \u00f3korban is alkalmaztak gy\u00f3gy\u00e1szati c\u00e9lb\u00f3l sebek fert\u0151tlen\u00edt\u00e9s\u00e9re \u00e9s \u00e1lmatlans\u00e1g kezel\u00e9s\u00e9re. Dr. M\u00e9sz\u00e1ros \u00c1gnes szakgy\u00f3gyszer\u00e9sz elmondta: -&#8220;A mediterr\u00e1neumban szinte gyomn\u00f6v\u00e9nyk\u00e9nt is megtal\u00e1lhat\u00f3, Provence k\u00f6rny\u00e9k\u00e9re kell csak [&hellip;]<\/p>\n","protected":false},"author":2,"featured_media":0,"comment_status":"closed","ping_status":"closed","sticky":false,"template":"","format":"standard","meta":[],"categories":[9],"tags":[],"_links":{"self":[{"href":"http:\/\/archiv.szolnoktv.hu\/index.php?rest_route=\/wp\/v2\/posts\/8090"}],"collection":[{"href":"http:\/\/archiv.szolnoktv.hu\/index.php?rest_route=\/wp\/v2\/posts"}],"about":[{"href":"http:\/\/archiv.szolnoktv.hu\/index.php?rest_route=\/wp\/v2\/types\/post"}],"author":[{"embeddable":true,"href":"http:\/\/archiv.szolnoktv.hu\/index.php?rest_route=\/wp\/v2\/users\/2"}],"replies":[{"embeddable":true,"href":"http:\/\/archiv.szolnoktv.hu\/index.php?rest_route=%2Fwp%2Fv2%2Fcomments&post=8090"}],"version-history":[{"count":1,"href":"http:\/\/archiv.szolnoktv.hu\/index.php?rest_route=\/wp\/v2\/posts\/8090\/revisions"}],"predecessor-version":[{"id":8147,"href":"http:\/\/archiv.szolnoktv.hu\/index.php?rest_route=\/wp\/v2\/posts\/8090\/revisions\/8147"}],"wp:attachment":[{"href":"http:\/\/archiv.szolnoktv.hu\/index.php?rest_route=%2Fwp%2Fv2%2Fmedia&parent=8090"}],"wp:term":[{"taxonomy":"category","embeddable":true,"href":"http:\/\/archiv.szolnoktv.hu\/index.php?rest_route=%2Fwp%2Fv2%2Fcategories&post=8090"},{"taxonomy":"post_tag","embeddable":true,"href":"http:\/\/archiv.szolnoktv.hu\/index.php?rest_route=%2Fwp%2Fv2%2Ftags&post=8090"}],"curies":[{"name":"wp","href":"https:\/\/api.w.org\/{rel}","templated":true}]}}