{"id":8089,"date":"2018-01-30T14:15:58","date_gmt":"2018-01-30T14:15:58","guid":{"rendered":"http:\/\/archiv.szolnoktv.hu\/?p=8089"},"modified":"2021-08-13T18:16:06","modified_gmt":"2021-08-13T18:16:06","slug":"megduplazta-teruletet-a-leolux-hungary-kft","status":"publish","type":"post","link":"http:\/\/archiv.szolnoktv.hu\/?p=8089","title":{"rendered":"Megdupl\u00e1zta ter\u00fclet\u00e9t a Leolux Hungary Kft.<br>"},"content":{"rendered":"<div class='booster-block booster-read-block'><\/div><p>A holland tulajdon\u00fa Leolux Hungary Kft. els\u0151sorban kanap\u00e9kat \u00e9s szobai b\u00fatorokat gy\u00e1rt, amelyeket a Benelux \u00e1llamok mellett Sv\u00e1jcban, Franciaorsz\u00e1gban \u00e9s N\u00e9metorsz\u00e1gban \u00e9rt\u00e9kes\u00edtenek.<\/p>\n<p>A v\u00e1llalkoz\u00e1s \u00f6sszesen 65 munkav\u00e1llal\u00f3t foglalkoztat, illetve az elm\u00falt 2 \u00e9vben 30 \u00faj munkat\u00e1rsat vettek fel. Ma a c\u00e9g \u00faj, 1100 m2-es \u00fczemcsarnok\u00e1t adt\u00e1k \u00e1t, ahol a b\u00fator\u00fczem mellett a k\u00e1rpitosm\u0171hely m\u0171k\u00f6dik ezut\u00e1n. A b\u00fatorgy\u00e1r \u00edgy tov\u00e1bbi 15 \u00faj munkahelyet hozott l\u00e9tre. <\/p>\n<p>-Szolnok ter\u00fcleti elhelyezked\u00e9se nagyon fontos a termel\u00e9kenys\u00e9g\u00fcnk n\u00f6vel\u00e9s\u00e9nek szempontj\u00e1b\u00f3l. Eddig nem volt ekkora gy\u00e1runk ebben a r\u00e9gi\u00f3ban. Az elm\u00falt \u00e9vekben folyamatosan n\u00f6velt\u00fck a termel\u00e9s\u00fcnket, \u00edgy ezzel gy\u00e1rral is hossz\u00fa t\u00e1vra tervez\u00fcnk: \u00fagy gondoljuk, hogy a kapacit\u00e1sunk mintegy 15, 20 sz\u00e1zal\u00e9kkal n\u00f6vekszik majd a k\u00f6vetkez\u0151 3 \u00e9vben.&#8221;  &#8211;   mondta Sebastiaan Sanders, a c\u00e9g tulajdonosa<\/p>\n<p>Ezzel a beruh\u00e1z\u00e1ssal \u00e9s a r\u00e9gi \u00fczemcsarnokkal egy\u00fctt m\u00e1r 2200 m2-en termel a v\u00e1llalkoz\u00e1s. A fejleszt\u00e9s \u00e9vente mintegy 15-20%-os kapacit\u00e1sn\u00f6veked\u00e9st jelent, amellyel 3 \u00e9v alatt el\u00e9rhet\u0151v\u00e9 v\u00e1lik a mostani mintegy 4000 b\u00fator per \u00e9ves termel\u00e9s volumen\u00e9nek 6500-ra t\u00f6rt\u00e9n\u0151 emel\u00e9se legk\u00e9s\u0151bb 2021-ig.<\/p>\n<p>Szab\u00f3 Istv\u00e1n alpolg\u00e1rmester al\u00e1h\u00fazta: -Az elm\u00falt m\u00e1sf\u00e9l \u00e9vtized azt igazolja, hogy j\u00f3 hely Szolnok az ipartelep\u00edt\u00e9s szempontj\u00e1b\u00f3l \u00e9s v\u00e1llalkoz\u00e1s szempontj\u00e1b\u00f3l is.&#8221;<\/p>\n<p>Az alpolg\u00e1rmester kiemelte: 2018-ban 25 ezer \u00faj lak\u00e1st adnak \u00e1t Magyarorsz\u00e1gon, amelyeket be kell majd b\u00fatorozni. Ez az egyik biztos\u00edt\u00e9k arra, hogy a Leolux \u00e1ltal gy\u00e1rtott b\u00fatoroknak lesz piaca.<\/p>\n<div style=\"width: 640px;\" class=\"wp-video\"><!--[if lt IE 9]><script>document.createElement('video');<\/script><![endif]-->\n<video class=\"wp-video-shortcode\" id=\"video-8089-1\" width=\"640\" height=\"360\" preload=\"metadata\" controls=\"controls\"><source type=\"video\/mp4\" src=\"\/spots\/hir\/hir_180130_02.mp4?_=1\" \/><a href=\"\/spots\/hir\/hir_180130_02.mp4\">\/spots\/hir\/hir_180130_02.mp4<\/a><\/video><\/div>\n","protected":false},"excerpt":{"rendered":"<p>A holland tulajdon\u00fa Leolux Hungary Kft. els\u0151sorban kanap\u00e9kat \u00e9s szobai b\u00fatorokat gy\u00e1rt, amelyeket a Benelux \u00e1llamok mellett Sv\u00e1jcban, Franciaorsz\u00e1gban \u00e9s N\u00e9metorsz\u00e1gban \u00e9rt\u00e9kes\u00edtenek. A v\u00e1llalkoz\u00e1s \u00f6sszesen 65 munkav\u00e1llal\u00f3t foglalkoztat, illetve az elm\u00falt 2 \u00e9vben 30 \u00faj munkat\u00e1rsat vettek fel. Ma a c\u00e9g \u00faj, 1100 m2-es \u00fczemcsarnok\u00e1t adt\u00e1k \u00e1t, ahol a b\u00fator\u00fczem mellett a k\u00e1rpitosm\u0171hely m\u0171k\u00f6dik ezut\u00e1n. [&hellip;]<\/p>\n","protected":false},"author":2,"featured_media":0,"comment_status":"closed","ping_status":"closed","sticky":false,"template":"","format":"standard","meta":[],"categories":[9],"tags":[],"_links":{"self":[{"href":"http:\/\/archiv.szolnoktv.hu\/index.php?rest_route=\/wp\/v2\/posts\/8089"}],"collection":[{"href":"http:\/\/archiv.szolnoktv.hu\/index.php?rest_route=\/wp\/v2\/posts"}],"about":[{"href":"http:\/\/archiv.szolnoktv.hu\/index.php?rest_route=\/wp\/v2\/types\/post"}],"author":[{"embeddable":true,"href":"http:\/\/archiv.szolnoktv.hu\/index.php?rest_route=\/wp\/v2\/users\/2"}],"replies":[{"embeddable":true,"href":"http:\/\/archiv.szolnoktv.hu\/index.php?rest_route=%2Fwp%2Fv2%2Fcomments&post=8089"}],"version-history":[{"count":1,"href":"http:\/\/archiv.szolnoktv.hu\/index.php?rest_route=\/wp\/v2\/posts\/8089\/revisions"}],"predecessor-version":[{"id":8148,"href":"http:\/\/archiv.szolnoktv.hu\/index.php?rest_route=\/wp\/v2\/posts\/8089\/revisions\/8148"}],"wp:attachment":[{"href":"http:\/\/archiv.szolnoktv.hu\/index.php?rest_route=%2Fwp%2Fv2%2Fmedia&parent=8089"}],"wp:term":[{"taxonomy":"category","embeddable":true,"href":"http:\/\/archiv.szolnoktv.hu\/index.php?rest_route=%2Fwp%2Fv2%2Fcategories&post=8089"},{"taxonomy":"post_tag","embeddable":true,"href":"http:\/\/archiv.szolnoktv.hu\/index.php?rest_route=%2Fwp%2Fv2%2Ftags&post=8089"}],"curies":[{"name":"wp","href":"https:\/\/api.w.org\/{rel}","templated":true}]}}