{"id":8058,"date":"2018-01-29T18:01:26","date_gmt":"2018-01-29T18:01:26","guid":{"rendered":"http:\/\/archiv.szolnoktv.hu\/?p=8058"},"modified":"2021-08-13T18:02:22","modified_gmt":"2021-08-13T18:02:22","slug":"eves-ulest-tartott-az-agora-szakmai-tanacs","status":"publish","type":"post","link":"http:\/\/archiv.szolnoktv.hu\/?p=8058","title":{"rendered":"\u00c9ves \u00fcl\u00e9st tartott az Ag\u00f3ra Szakmai Tan\u00e1cs<br>"},"content":{"rendered":"<div class='booster-block booster-read-block'><\/div><p>Egy rendezv\u00e9ny k\u00e9t helysz\u00ednen. A Dunszt fesztiv\u00e1l n\u00e9vre keresztelt hagyom\u00e1ny\u0151rz\u0151 programot tavaly Szolnokon \u00e9s Nagyk\u00f6r\u0171ben is \u00e9lvezhett\u00e9k a t\u00e9rs\u00e9gben \u00e9l\u0151k. A fesztiv\u00e1l a 2015-ben alakult Ag\u00f3ra Szakmai Tan\u00e1cs munk\u00e1j\u00e1nak is k\u00f6sz\u00f6nhet\u0151. Az egy\u00fcttm\u0171k\u00f6d\u00e9s a telep\u00fcl\u00e9sek kultur\u00e1lis \u00e9let\u00e9nek fejl\u0151d\u00e9se mellett a t\u00e9rs\u00e9g k\u00f6z\u00f6ss\u00e9gfejleszt\u00e9s\u00e9t is t\u00e1mogatja. <\/p>\n<p>-A harmadik \u00e9v v\u00e9g\u00e9re eljutottunk oda, hogy majdnem minden kist\u00e9rs\u00e9gben megjelent\u00fcnk Ag\u00f3ra forgatag n\u00e9ven. Ennek eredm\u00e9nyek\u00e9nt nemcsak mi jelent\u00fcnk meg a t\u00e9rs\u00e9gben, hanem az adott telep\u00fcl\u00e9sek sok rendezv\u00e9nyre l\u00e1togattak el Szolnokra az Utaz\u00e1ski\u00e1ll\u00edt\u00e1sra, Dunsztra. Nagyon sok szem\u00e9lyes szakmai kapcsolat alakult ki.&#8221;- mondta Moln\u00e1r Lajos Mil\u00e1n az Aba-Nov\u00e1k Ag\u00f3ra Kultur\u00e1lis K\u00f6zpont \u00fcgyvezet\u0151 igazgat\u00f3ja.<\/p>\n<p>A vid\u00e9ki \u00e9let saj\u00e1toss\u00e1gai, illetve a n\u00e9pi hagyom\u00e1nyok egyre nagyobb szerepet t\u00f6ltenek be kult\u00far\u00e1nkban, melynek k\u00f6z\u00f6ss\u00e9gform\u00e1l\u00f3 ereje van  &#8211;   mondta a megyei korm\u00e1nymegb\u00edzott.<\/p>\n<p>-A t\u00e1rsadalomnak nagyon komoly felel\u0151ss\u00e9ge az, hogy mik\u00e9nt viszonyul a kult\u00far\u00e1hoz. Hogyan gondolkodik arr\u00f3l, hogy az adott k\u00f6z\u00f6ss\u00e9gnek, nemzetnek a kult\u00far\u00e1ja tov\u00e1bb \u00e9ljen. Mindenk\u00e9ppen elhivatotts\u00e1g a kult\u00fara arra, hogy t\u00f6r\u0151dj\u00fcnk a vil\u00e1ggal&#8221;- mondta Dr. K\u00e1llai M\u00e1ria megyei korm\u00e1nymegb\u00edzott.<\/p>\n<p>Az \u00e9ves \u00fcl\u00e9sen a telep\u00fcl\u00e9sek k\u00e9pvisel\u0151i a k\u00f6zm\u0171vel\u0151d\u00e9sben megjelen\u0151 v\u00e1ltoz\u00e1sokat, az \u00e9letbe l\u00e9pett \u00faj jogszab\u00e1lyokat, illetve a fejleszt\u00e9si ir\u00e1nyokat is megismerhett\u00e9k. <\/p>\n<p>-A kultur\u00e1lis alapell\u00e1t\u00e1s helyet kapott a k\u00f6zm\u0171vel\u0151d\u00e9si t\u00f6rv\u00e9nyben, mert azt akarjuk el\u00e9rni, hogy az \u00f6nm\u0171vel\u0151d\u00e9s lehet\u0151s\u00e9ge az a lak\u00f3helyen mindenki sz\u00e1m\u00e1ra biztos\u00edtott legyen \u00e9s mindenki betudjon ebbe kapcsol\u00f3dni \u00e9s megismerhesse a kultur\u00e1lis \u00e9rt\u00e9keket.&#8221;- mondta Szedlacsek Em\u00edlia az EMMI  Kult\u00far\u00e1\u00e9rt Felel\u0151s \u00c1llamtitk\u00e1rs\u00e1g k\u00f6z\u00f6ss\u00e9gi M\u0171vel\u0151d\u00e9si \u00e9s M\u0171v\u00e9szeti F\u0151oszt\u00e1ly vezet\u0151je.<\/p>\n<p>Az Ag\u00f3ra Szakmai Tan\u00e1csa c\u00e9lja ebben az \u00e9vben is az egy\u00fcttm\u0171k\u00f6d\u00e9sben r\u00e9sztvev\u0151 telep\u00fcl\u00e9sek teljes k\u00f6r\u0171 t\u00e1mogat\u00e1sa, illetve a kapcsolatok tov\u00e1bb \u00e9p\u00edt\u00e9se k\u00f6z\u00f6s rendezv\u00e9nyek \u00e1ltal. <\/p>\n<div style=\"width: 640px;\" class=\"wp-video\"><!--[if lt IE 9]><script>document.createElement('video');<\/script><![endif]-->\n<video class=\"wp-video-shortcode\" id=\"video-8058-1\" width=\"640\" height=\"360\" preload=\"metadata\" controls=\"controls\"><source type=\"video\/mp4\" src=\"\/spots\/hir\/hir_180129_06.mp4?_=1\" \/><a href=\"\/spots\/hir\/hir_180129_06.mp4\">\/spots\/hir\/hir_180129_06.mp4<\/a><\/video><\/div>\n","protected":false},"excerpt":{"rendered":"<p>Egy rendezv\u00e9ny k\u00e9t helysz\u00ednen. A Dunszt fesztiv\u00e1l n\u00e9vre keresztelt hagyom\u00e1ny\u0151rz\u0151 programot tavaly Szolnokon \u00e9s Nagyk\u00f6r\u0171ben is \u00e9lvezhett\u00e9k a t\u00e9rs\u00e9gben \u00e9l\u0151k. A fesztiv\u00e1l a 2015-ben alakult Ag\u00f3ra Szakmai Tan\u00e1cs munk\u00e1j\u00e1nak is k\u00f6sz\u00f6nhet\u0151. Az egy\u00fcttm\u0171k\u00f6d\u00e9s a telep\u00fcl\u00e9sek kultur\u00e1lis \u00e9let\u00e9nek fejl\u0151d\u00e9se mellett a t\u00e9rs\u00e9g k\u00f6z\u00f6ss\u00e9gfejleszt\u00e9s\u00e9t is t\u00e1mogatja. -A harmadik \u00e9v v\u00e9g\u00e9re eljutottunk oda, hogy majdnem minden kist\u00e9rs\u00e9gben megjelent\u00fcnk [&hellip;]<\/p>\n","protected":false},"author":2,"featured_media":0,"comment_status":"closed","ping_status":"closed","sticky":false,"template":"","format":"standard","meta":[],"categories":[9],"tags":[],"_links":{"self":[{"href":"http:\/\/archiv.szolnoktv.hu\/index.php?rest_route=\/wp\/v2\/posts\/8058"}],"collection":[{"href":"http:\/\/archiv.szolnoktv.hu\/index.php?rest_route=\/wp\/v2\/posts"}],"about":[{"href":"http:\/\/archiv.szolnoktv.hu\/index.php?rest_route=\/wp\/v2\/types\/post"}],"author":[{"embeddable":true,"href":"http:\/\/archiv.szolnoktv.hu\/index.php?rest_route=\/wp\/v2\/users\/2"}],"replies":[{"embeddable":true,"href":"http:\/\/archiv.szolnoktv.hu\/index.php?rest_route=%2Fwp%2Fv2%2Fcomments&post=8058"}],"version-history":[{"count":1,"href":"http:\/\/archiv.szolnoktv.hu\/index.php?rest_route=\/wp\/v2\/posts\/8058\/revisions"}],"predecessor-version":[{"id":8059,"href":"http:\/\/archiv.szolnoktv.hu\/index.php?rest_route=\/wp\/v2\/posts\/8058\/revisions\/8059"}],"wp:attachment":[{"href":"http:\/\/archiv.szolnoktv.hu\/index.php?rest_route=%2Fwp%2Fv2%2Fmedia&parent=8058"}],"wp:term":[{"taxonomy":"category","embeddable":true,"href":"http:\/\/archiv.szolnoktv.hu\/index.php?rest_route=%2Fwp%2Fv2%2Fcategories&post=8058"},{"taxonomy":"post_tag","embeddable":true,"href":"http:\/\/archiv.szolnoktv.hu\/index.php?rest_route=%2Fwp%2Fv2%2Ftags&post=8058"}],"curies":[{"name":"wp","href":"https:\/\/api.w.org\/{rel}","templated":true}]}}