{"id":8056,"date":"2018-01-29T15:44:29","date_gmt":"2018-01-29T15:44:29","guid":{"rendered":"http:\/\/archiv.szolnoktv.hu\/?p=8056"},"modified":"2021-08-13T18:02:23","modified_gmt":"2021-08-13T18:02:23","slug":"jobbik-sajtotajekoztato-2","status":"publish","type":"post","link":"http:\/\/archiv.szolnoktv.hu\/?p=8056","title":{"rendered":"Jobbik sajt\u00f3t\u00e1j\u00e9koztat\u00f3"},"content":{"rendered":"<div class='booster-block booster-read-block'><\/div><p>Magyarorsz\u00e1got meg kell v\u00e9deni az Eur\u00f3p\u00e1t fenyeget\u0151 migr\u00e1ci\u00f3s v\u00e1ls\u00e1gt\u00f3l  &#8211;   kezdte sajt\u00f3t\u00e1j\u00e9koztat\u00f3j\u00e1t Dr. Csik\u00f3s Attila. Nem besz\u00e9lni kell, hanem tettekre van sz\u00fcks\u00e9g  &#8211;   folytatta. A Jobbik orsz\u00e1ggy\u0171l\u00e9si k\u00e9pvisel\u0151jel\u00f6ltje azt mondta: a korm\u00e1ny migr\u00e1ci\u00f3s kommunik\u00e1ci\u00f3j\u00e1t azt hirdeti, hogy megv\u00e9dik haz\u00e1nkat \u00e9s Eur\u00f3p\u00e1t, de  &#8211;   tette hozz\u00e1 a politikus &#8211; a tettek m\u00e1st mutatnak. <\/p>\n<p> DR. CSIK\u00d3S ATTILA orsz\u00e1ggy\u0171l\u00e9si k\u00e9pvisel\u0151jel\u00f6lt:<\/p>\n<p>  -Leteleped\u00e9si k\u00f6tv\u00e9nnyel 20.000 gazdag migr\u00e1nst fogadott be Magyarorsz\u00e1g ter\u00fclet\u00e9re, a multiknak megengedte, hogy ezres, t\u00edzezres nagys\u00e1grendekben munkaer\u0151t import\u00e1ljanak k\u00fclf\u00f6ldr\u0151l \u00e9s most kider\u00fclt, hogy Orb\u00e1n Viktor \u00e9s korm\u00e1nya az elm\u00falt 3 \u00e9vben 2.300 migr\u00e1nst fogadott be Magyarorsz\u00e1g ter\u00fclet\u00e9re.&#8221;<\/p>\n<p> Kider\u00fclt  &#8211;   mondta Dr. Csik\u00f3s Attila-  hogy szervezetten telep\u00edtenek be migr\u00e1nsokat, ezut\u00e1n a Fidesz kommunik\u00e1ci\u00f3ja \u00f6sszeomlott \u00e9s kaotikus magyar\u00e1zkod\u00e1sba fulladt  &#8211;   folytatta. A jobbikos orsz\u00e1ggy\u0171l\u00e9si k\u00e9pvisel\u0151jel\u00f6lt kijelentette: az orsz\u00e1got csak a Jobbik tudja megv\u00e9deni. Elmondta: a jelenlegi ker\u00edt\u00e9sre sz\u00fcks\u00e9g van, de azt meg is hosszabb\u00edtan\u00e1k. A politikus hozz\u00e1tette: a Jobbik fel\u00e1ll\u00edtan\u00e1 a Magyar Hat\u00e1r\u0151rs\u00e9get, elutas\u00edtj\u00e1k a betelep\u00edt\u00e9si kv\u00f3t\u00e1t \u00e9s megsz\u00fcntetn\u00e9k a leteleped\u00e9si k\u00f6tv\u00e9nyeket.<br \/>\n<br \/>\n<div style=\"width: 640px;\" class=\"wp-video\"><!--[if lt IE 9]><script>document.createElement('video');<\/script><![endif]-->\n<video class=\"wp-video-shortcode\" id=\"video-8056-1\" width=\"640\" height=\"360\" preload=\"metadata\" controls=\"controls\"><source type=\"video\/mp4\" src=\"\/spots\/hir\/hir_180129_03.mp4?_=1\" \/><a href=\"\/spots\/hir\/hir_180129_03.mp4\">\/spots\/hir\/hir_180129_03.mp4<\/a><\/video><\/div><\/p>\n","protected":false},"excerpt":{"rendered":"<p>Magyarorsz\u00e1got meg kell v\u00e9deni az Eur\u00f3p\u00e1t fenyeget\u0151 migr\u00e1ci\u00f3s v\u00e1ls\u00e1gt\u00f3l &#8211; kezdte sajt\u00f3t\u00e1j\u00e9koztat\u00f3j\u00e1t Dr. Csik\u00f3s Attila. Nem besz\u00e9lni kell, hanem tettekre van sz\u00fcks\u00e9g &#8211; folytatta. A Jobbik orsz\u00e1ggy\u0171l\u00e9si k\u00e9pvisel\u0151jel\u00f6ltje azt mondta: a korm\u00e1ny migr\u00e1ci\u00f3s kommunik\u00e1ci\u00f3j\u00e1t azt hirdeti, hogy megv\u00e9dik haz\u00e1nkat \u00e9s Eur\u00f3p\u00e1t, de &#8211; tette hozz\u00e1 a politikus &#8211; a tettek m\u00e1st mutatnak. DR. CSIK\u00d3S ATTILA [&hellip;]<\/p>\n","protected":false},"author":2,"featured_media":0,"comment_status":"closed","ping_status":"closed","sticky":false,"template":"","format":"standard","meta":[],"categories":[9],"tags":[],"_links":{"self":[{"href":"http:\/\/archiv.szolnoktv.hu\/index.php?rest_route=\/wp\/v2\/posts\/8056"}],"collection":[{"href":"http:\/\/archiv.szolnoktv.hu\/index.php?rest_route=\/wp\/v2\/posts"}],"about":[{"href":"http:\/\/archiv.szolnoktv.hu\/index.php?rest_route=\/wp\/v2\/types\/post"}],"author":[{"embeddable":true,"href":"http:\/\/archiv.szolnoktv.hu\/index.php?rest_route=\/wp\/v2\/users\/2"}],"replies":[{"embeddable":true,"href":"http:\/\/archiv.szolnoktv.hu\/index.php?rest_route=%2Fwp%2Fv2%2Fcomments&post=8056"}],"version-history":[{"count":1,"href":"http:\/\/archiv.szolnoktv.hu\/index.php?rest_route=\/wp\/v2\/posts\/8056\/revisions"}],"predecessor-version":[{"id":8061,"href":"http:\/\/archiv.szolnoktv.hu\/index.php?rest_route=\/wp\/v2\/posts\/8056\/revisions\/8061"}],"wp:attachment":[{"href":"http:\/\/archiv.szolnoktv.hu\/index.php?rest_route=%2Fwp%2Fv2%2Fmedia&parent=8056"}],"wp:term":[{"taxonomy":"category","embeddable":true,"href":"http:\/\/archiv.szolnoktv.hu\/index.php?rest_route=%2Fwp%2Fv2%2Fcategories&post=8056"},{"taxonomy":"post_tag","embeddable":true,"href":"http:\/\/archiv.szolnoktv.hu\/index.php?rest_route=%2Fwp%2Fv2%2Ftags&post=8056"}],"curies":[{"name":"wp","href":"https:\/\/api.w.org\/{rel}","templated":true}]}}