{"id":8055,"date":"2018-01-29T15:39:47","date_gmt":"2018-01-29T15:39:47","guid":{"rendered":"http:\/\/archiv.szolnoktv.hu\/?p=8055"},"modified":"2021-08-13T18:02:23","modified_gmt":"2021-08-13T18:02:23","slug":"szolnocon","status":"publish","type":"post","link":"http:\/\/archiv.szolnoktv.hu\/?p=8055","title":{"rendered":"SzolnoCon<br><br>"},"content":{"rendered":"<div class='booster-block booster-read-block'><\/div><p>Jap\u00e1nb\u00f3l indult h\u00f3d\u00edt\u00f3 \u00fatj\u00e1ra az \u00f6sszet\u00e9veszthetetlen egyedi st\u00edlusban k\u00e9sz\u00fclt k\u00e9preg\u00e9nyekb\u0151l gy\u00fart rajzfilmes m\u0171faj- az &#8220;anime&#8221;.  A M\u00e1sodik Vil\u00e1gh\u00e1bor\u00fa ut\u00e1n kialakult st\u00edlus sz\u00e1mtalan-magyar nyelven is megjelen\u0151 k\u00e9preg\u00e9nyt ihletett, ihlet. M\u00e9gsem els\u0151sorban a pap\u00edr form\u00e1tum\u00fa alkot\u00e1sokat ismeri a nagyk\u00f6z\u00f6ns\u00e9g.<\/p>\n<p>&#8220;Hanem az ebb\u0151l k\u00e9sz\u00fclt anim\u00e1ci\u00f3s filmeket is \u00e9s tulajdonk\u00e9ppen ez az ami most \u00e9rdekli \u0151ket. De nem csak mint k\u00e9preg\u00e9ny, hanem a jap\u00e1n irodalom ut\u00e1n is nagyon \u00e9rdekl\u0151dnek, teh\u00e1t tulajdonk\u00e9ppen ezek a gyerekek akik itt vannak most \u0151k egy\u00e9bk\u00e9nt szoktak olvasni komoly irodalmat is nem csak k\u00e9preg\u00e9ny irodalmat.&#8221; &#8211; Mondta Czak\u00f3n\u00e9 Gacov Katalin a k\u00f6nyvt\u00e1r igazgat\u00f3ja.<\/p>\n<p>Az els\u0151 &#8220;SzolnoCon&#8221; anime tal\u00e1lkoz\u00f3ra Cegl\u00e9dr\u0151l, Debrecenb\u0151l, G\u00f6d\u00f6ll\u0151r\u0151l \u00e9s Kecskem\u00e9tr\u0151l is \u00e9rkeztek r\u00e9sztvev\u0151k, akiket egy- egy helyi ifj\u00fas\u00e1gi k\u00f6nyvt\u00e1ros k\u00eds\u00e9rt el a Verseghy K\u00f6nyvt\u00e1rba. Az eml\u00edtett telep\u00fcl\u00e9sek mindegyik\u00e9n m\u0171k\u00f6dik anime klub.<\/p>\n<p>&#8220;A fiatalok rendk\u00edv\u00fcl mag\u00e1nyosak ebben az \u00e9letkorban \u00e9s nagyon- nagy seg\u00edts\u00e9g az, hogy tudnak azonosulni csapatt\u00e1rsakkal, kult\u00far\u00e1kkal az anim\u00e9n kereszt\u00fcl, hiszen nagyon sokan szeretik \u00e9s \u00edgy jobban \u00f6ssze tudnak csoportosulni.&#8221; &#8211; tudtuk meg Szem\u00e1n Karina aki P\u00e1lh\u00e1z\u00e1r\u00f3l \u00e9rkezett Szolnokra.<\/p>\n<p>A szolnoki volt az els\u0151 vid\u00e9ki v\u00e1ndortal\u00e1lkoz\u00f3. A programot csapatversenyek, jap\u00e1n \u00f3r\u00e1k \u00e9s a szigetorsz\u00e1g kult\u00far\u00e1j\u00e1t bemutat\u00f3 el\u0151ad\u00e1sok sz\u00ednes\u00edtett\u00e9k. A szervez\u0151k a nemv\u00e1rt sikeren f\u00f6lbuzdulva m\u00e1r a folytat\u00e1st tervezik.<\/p>\n<div style=\"width: 640px;\" class=\"wp-video\"><!--[if lt IE 9]><script>document.createElement('video');<\/script><![endif]-->\n<video class=\"wp-video-shortcode\" id=\"video-8055-1\" width=\"640\" height=\"360\" preload=\"metadata\" controls=\"controls\"><source type=\"video\/mp4\" src=\"\/spots\/hir\/hir_180129_04.mp4?_=1\" \/><a href=\"\/spots\/hir\/hir_180129_04.mp4\">\/spots\/hir\/hir_180129_04.mp4<\/a><\/video><\/div>\n","protected":false},"excerpt":{"rendered":"<p>Jap\u00e1nb\u00f3l indult h\u00f3d\u00edt\u00f3 \u00fatj\u00e1ra az \u00f6sszet\u00e9veszthetetlen egyedi st\u00edlusban k\u00e9sz\u00fclt k\u00e9preg\u00e9nyekb\u0151l gy\u00fart rajzfilmes m\u0171faj- az &#8220;anime&#8221;. A M\u00e1sodik Vil\u00e1gh\u00e1bor\u00fa ut\u00e1n kialakult st\u00edlus sz\u00e1mtalan-magyar nyelven is megjelen\u0151 k\u00e9preg\u00e9nyt ihletett, ihlet. M\u00e9gsem els\u0151sorban a pap\u00edr form\u00e1tum\u00fa alkot\u00e1sokat ismeri a nagyk\u00f6z\u00f6ns\u00e9g. &#8220;Hanem az ebb\u0151l k\u00e9sz\u00fclt anim\u00e1ci\u00f3s filmeket is \u00e9s tulajdonk\u00e9ppen ez az ami most \u00e9rdekli \u0151ket. De nem csak [&hellip;]<\/p>\n","protected":false},"author":2,"featured_media":0,"comment_status":"closed","ping_status":"closed","sticky":false,"template":"","format":"standard","meta":[],"categories":[9],"tags":[],"_links":{"self":[{"href":"http:\/\/archiv.szolnoktv.hu\/index.php?rest_route=\/wp\/v2\/posts\/8055"}],"collection":[{"href":"http:\/\/archiv.szolnoktv.hu\/index.php?rest_route=\/wp\/v2\/posts"}],"about":[{"href":"http:\/\/archiv.szolnoktv.hu\/index.php?rest_route=\/wp\/v2\/types\/post"}],"author":[{"embeddable":true,"href":"http:\/\/archiv.szolnoktv.hu\/index.php?rest_route=\/wp\/v2\/users\/2"}],"replies":[{"embeddable":true,"href":"http:\/\/archiv.szolnoktv.hu\/index.php?rest_route=%2Fwp%2Fv2%2Fcomments&post=8055"}],"version-history":[{"count":1,"href":"http:\/\/archiv.szolnoktv.hu\/index.php?rest_route=\/wp\/v2\/posts\/8055\/revisions"}],"predecessor-version":[{"id":8062,"href":"http:\/\/archiv.szolnoktv.hu\/index.php?rest_route=\/wp\/v2\/posts\/8055\/revisions\/8062"}],"wp:attachment":[{"href":"http:\/\/archiv.szolnoktv.hu\/index.php?rest_route=%2Fwp%2Fv2%2Fmedia&parent=8055"}],"wp:term":[{"taxonomy":"category","embeddable":true,"href":"http:\/\/archiv.szolnoktv.hu\/index.php?rest_route=%2Fwp%2Fv2%2Fcategories&post=8055"},{"taxonomy":"post_tag","embeddable":true,"href":"http:\/\/archiv.szolnoktv.hu\/index.php?rest_route=%2Fwp%2Fv2%2Ftags&post=8055"}],"curies":[{"name":"wp","href":"https:\/\/api.w.org\/{rel}","templated":true}]}}