{"id":8054,"date":"2018-01-29T15:35:07","date_gmt":"2018-01-29T15:35:07","guid":{"rendered":"http:\/\/archiv.szolnoktv.hu\/?p=8054"},"modified":"2021-08-13T18:02:23","modified_gmt":"2021-08-13T18:02:23","slug":"dekoratorok-es-festok-versengtek","status":"publish","type":"post","link":"http:\/\/archiv.szolnoktv.hu\/?p=8054","title":{"rendered":"Dekorat\u0151r\u00f6k \u00e9s fest\u0151k versengtek<br>"},"content":{"rendered":"<div class='booster-block booster-read-block'><\/div><p>A min\u0151s\u00e9g, a tud\u00e1s legmeggy\u0151z\u0151bb bizony\u00edt\u00e9ka a nemzetk\u00f6zi megm\u00e9rettet\u00e9seken val\u00f3 szerepl\u00e9s ami szerencs\u00e9s esetben \u00e9letre sz\u00f3l\u00f3 h\u00edrnevet hozhat. A szakma legjobbj\u00e1nak lenni. &#8230; Ez a c\u00e9l lebeg \u00e9vr\u0151l- \u00e9vre azok el\u0151tt akik regisztr\u00e1lj\u00e1k magukat a Euro Skillsre, &#8211; Eur\u00f3pa legrangosabb szakmai verseny\u00e9re. A c\u00edm elnyer\u00e9s\u00e9\u00e9rt ringbe sz\u00e1ll\u00f3k Budapest \u00e9s Sopron ut\u00e1n szombaton Szolnokon adtak sz\u00e1mot tud\u00e1sukr\u00f3l. <\/p>\n<p>&#8220;Ez egy eur\u00f3pai \u00e9s egy vil\u00e1gverseny, teh\u00e1t mindenk\u00e9ppen nagyon- nagyon er\u0151s a mez\u0151ny \u00e9s egy szakk\u00e9pes\u00edt\u00e9sben a legjobbnak lenni az hasonl\u00edthat\u00f3 mint a versenyz\u0151kn\u00e9l, hogy egy olimpi\u00e1n a legjobbnak lenni.&#8221; Tudtuk meg Kiss Ferenct\u0151l a SZOLM\u00dcSZ szakmai igazgat\u00f3- helyettes\u00e9t\u0151l.<\/p>\n<p>A dekorat\u0151rnek k\u00e9sz\u00fcl\u0151 Moln\u00e1r Szon\u00f3ra csup\u00e1n k\u00e9t \u00e9ve tanulja a szakm\u00e1t. <\/p>\n<p>&#8220;Igaz\u00e1b\u00f3l saj\u00e1t magamat szeretn\u00e9m ezzel megm\u00e9rettetni, hogy mennyire vagyok j\u00f3, illetve v\u00e1rok t\u0151le sikereket is a tov\u00e1bbiakban esetleg, hogyha tov\u00e1bbjutn\u00e9k.&#8221;<\/p>\n<p>Az EuroSkills eset\u00e9ben 25-, m\u00edg a WorldSkills eset\u00e9ben 22 \u00e9vre tolt\u00e1k ki a jelentkez\u00e9s fels\u0151 korhat\u00e1r\u00e1t. Jellemz\u0151en azonban a fiatalabbak azok akik nekiv\u00e1gnak a pr\u00f3bat\u00e9telnek.<\/p>\n<p> &#8220;Ez egy olyan feladat amire maszkol\u00f3 szalagot lehet csin\u00e1lni, teh\u00e1t igaz\u00e1b\u00f3l ennek a seg\u00edts\u00e9g\u00e9t haszn\u00e1lom ki azzal, hogy r\u00e1ragasztom az el\u0151z\u0151 fest\u00e9s sz\u00e9l\u00e9t \u00e9s nem fogok belekenni a k\u00f6vetkez\u0151 fest\u00e9s sor\u00e1n.&#8221;<\/p>\n<p>And\u00f3 Tam\u00e1s nem el\u0151sz\u00f6r v\u00e1g bele hasonl\u00f3 pr\u00f3bat\u00e9telbe.<\/p>\n<p>&#8220;Sokmindent megtanultam az el\u0151z\u0151 \u00e9vben mert f\u00f6nt voltam Pesten egy hasonl\u00f3 dekorat\u0151r- fest\u0151 torn\u00e1n. Ott hatodik helyez\u00e9st siker\u00fclt el\u00e9rnem orsz\u00e1gos szinten \u00e9s ennek alapj\u00e1n \u00fagy gondoltam, hogy id\u00e9n is megpr\u00f3b\u00e1lom ezt.&#8221;<\/p>\n<p>A szolnoki \u00e9p\u00edt\u00e9szeti \u00e9s faipari szakgimn\u00e1zium- \u00e9s szakk\u00f6z\u00e9piskol\u00e1ban jelenleg t\u00f6bb mint harmincan tanulnak szobafest\u0151, m\u00e1zol\u00f3nak \u00e9s csaknem ennyien dekorat\u0151rnek. A h\u00e9tv\u00e9gi v\u00e1logat\u00f3 13 r\u00e9sztvev\u0151je k\u00f6z\u00fcl kilencen Szolnokr\u00f3l, h\u00e1rman Kiskunf\u00e9legyh\u00e1z\u00e1r\u00f3l, egy f\u0151 pedig Karcagr\u00f3l \u00e9rkezett. Szolnok ut\u00e1n m\u00e9g P\u00e9csett lesz hasonl\u00f3 megm\u00e9rettet\u00e9s. Ut\u00e1na, az \u00f6sszes\u00edtett eredm\u00e9nyek alapj\u00e1n d\u0151l majd el ki k\u00e9pviseli haz\u00e1nkat az idei Euro-, illetve a j\u00f6v\u0151re esed\u00e9kes World Skills szakmai versenyen. <\/p>\n<div style=\"width: 640px;\" class=\"wp-video\"><!--[if lt IE 9]><script>document.createElement('video');<\/script><![endif]-->\n<video class=\"wp-video-shortcode\" id=\"video-8054-1\" width=\"640\" height=\"360\" preload=\"metadata\" controls=\"controls\"><source type=\"video\/mp4\" src=\"\/spots\/hir\/hir_180129_02.mp4?_=1\" \/><a href=\"\/spots\/hir\/hir_180129_02.mp4\">\/spots\/hir\/hir_180129_02.mp4<\/a><\/video><\/div>\n","protected":false},"excerpt":{"rendered":"<p>A min\u0151s\u00e9g, a tud\u00e1s legmeggy\u0151z\u0151bb bizony\u00edt\u00e9ka a nemzetk\u00f6zi megm\u00e9rettet\u00e9seken val\u00f3 szerepl\u00e9s ami szerencs\u00e9s esetben \u00e9letre sz\u00f3l\u00f3 h\u00edrnevet hozhat. A szakma legjobbj\u00e1nak lenni. &#8230; Ez a c\u00e9l lebeg \u00e9vr\u0151l- \u00e9vre azok el\u0151tt akik regisztr\u00e1lj\u00e1k magukat a Euro Skillsre, &#8211; Eur\u00f3pa legrangosabb szakmai verseny\u00e9re. A c\u00edm elnyer\u00e9s\u00e9\u00e9rt ringbe sz\u00e1ll\u00f3k Budapest \u00e9s Sopron ut\u00e1n szombaton Szolnokon adtak sz\u00e1mot [&hellip;]<\/p>\n","protected":false},"author":2,"featured_media":0,"comment_status":"closed","ping_status":"closed","sticky":false,"template":"","format":"standard","meta":[],"categories":[9],"tags":[],"_links":{"self":[{"href":"http:\/\/archiv.szolnoktv.hu\/index.php?rest_route=\/wp\/v2\/posts\/8054"}],"collection":[{"href":"http:\/\/archiv.szolnoktv.hu\/index.php?rest_route=\/wp\/v2\/posts"}],"about":[{"href":"http:\/\/archiv.szolnoktv.hu\/index.php?rest_route=\/wp\/v2\/types\/post"}],"author":[{"embeddable":true,"href":"http:\/\/archiv.szolnoktv.hu\/index.php?rest_route=\/wp\/v2\/users\/2"}],"replies":[{"embeddable":true,"href":"http:\/\/archiv.szolnoktv.hu\/index.php?rest_route=%2Fwp%2Fv2%2Fcomments&post=8054"}],"version-history":[{"count":1,"href":"http:\/\/archiv.szolnoktv.hu\/index.php?rest_route=\/wp\/v2\/posts\/8054\/revisions"}],"predecessor-version":[{"id":8063,"href":"http:\/\/archiv.szolnoktv.hu\/index.php?rest_route=\/wp\/v2\/posts\/8054\/revisions\/8063"}],"wp:attachment":[{"href":"http:\/\/archiv.szolnoktv.hu\/index.php?rest_route=%2Fwp%2Fv2%2Fmedia&parent=8054"}],"wp:term":[{"taxonomy":"category","embeddable":true,"href":"http:\/\/archiv.szolnoktv.hu\/index.php?rest_route=%2Fwp%2Fv2%2Fcategories&post=8054"},{"taxonomy":"post_tag","embeddable":true,"href":"http:\/\/archiv.szolnoktv.hu\/index.php?rest_route=%2Fwp%2Fv2%2Ftags&post=8054"}],"curies":[{"name":"wp","href":"https:\/\/api.w.org\/{rel}","templated":true}]}}