{"id":8053,"date":"2018-01-29T15:31:39","date_gmt":"2018-01-29T15:31:39","guid":{"rendered":"http:\/\/archiv.szolnoktv.hu\/?p=8053"},"modified":"2021-08-13T18:02:23","modified_gmt":"2021-08-13T18:02:23","slug":"kiszebab-egetes-a-kassaiban","status":"publish","type":"post","link":"http:\/\/archiv.szolnoktv.hu\/?p=8053","title":{"rendered":"Kiszeb\u00e1b \u00e9get\u00e9s a Kassaiban"},"content":{"rendered":"<div class='booster-block booster-read-block'><\/div><p>Nyomoz\u00f3k, t\u0171zolt\u00f3k, t\u00fcnd\u00e9rek, boszork\u00e1nyok t\u00f6lt\u00f6tt\u00e9k meg p\u00e9nteken d\u00e9lut\u00e1n a  Kassai \u00fati Magyar-Angol K\u00e9t Tan\u00edt\u00e1si Nyelv\u0171 \u00c1ltal\u00e1nos Iskola tornaterm\u00e9t. Az int\u00e9zm\u00e9ny hagyom\u00e1nyos farsangi mulats\u00e1g\u00e1r\u00f3l term\u00e9szetesen Elza hercegn\u0151 sem hi\u00e1nyozhatott. <br \/>Nemcsak jelmezeikkel igyekeztek el\u0171zni a telet a Kassaiban.  H\u00e9t \u00e9vvel ezel\u0151tt eleven\u00edtett\u00e9k fel a t\u00e9ltemet\u00e9s r\u00e9gi n\u00e9pszok\u00e1s\u00e1t az int\u00e9zm\u00e9nyben. Az\u00f3ta minden esztend\u0151ben kiszeb\u00e1b \u00e9get\u00e9ssel z\u00e1rul a mulats\u00e1g. Ma m\u00e1r vid\u00e9ken is csak elv\u00e9tve ismerik \u00e9s tartj\u00e1k meg ezt a hagyom\u00e1nyos, r\u00e9gi \u00fcnnepet. Pedig a  babona szerint a kiszeb\u00e1b \u00e9get\u00e9se megszabad\u00edtja az embereket minden bajt\u00f3l. <\/p>\n<p> -A sz\u00fcl\u0151knek is nagyon fontos, ha nem lenne, m\u00e1r a sz\u00fcl\u0151knek is hi\u00e1ny\u00e9rzet\u00fck van, mert \u0151k is minden bajukat be szokt\u00e1k dob\u00e1lni \u0151k is, nemcsak a gyerekek.&#8221;  &#8211; mondta az Aktu\u00e1lisnak Moldvai Ibolya, pedag\u00f3gus, a Di\u00e1k\u00f6nkorm\u00e1nyzat vezet\u0151je. <\/p>\n<p>A tavasz el\u0151szel\u00e9nek is tartott t\u00e9ltemet\u0151 \u00fcnnepk\u00f6r a b\u0151s\u00e9ges lakom\u00e1k, mulats\u00e1gok \u00e9s karnev\u00e1lok szezonja, \u00e1m id\u00e9n m\u00e1r febru\u00e1r 13-\u00e1n befejez\u0151dik. A farsangi id\u0151szak kezdete janu\u00e1r 6. v\u00edzkereszt, a v\u00e9ge pedig a nagyb\u00f6jt\u00f6t megel\u0151z\u0151 h\u00fashagy\u00f3 kedd \u00e9jf\u00e9l, ami az id\u00e9n febru\u00e1r 13. A farsangi id\u0151szak \u00e9vente v\u00e1ltoz\u00f3 hossz\u00fas\u00e1g\u00e1t az okozza, hogy h\u00fashagy\u00f3 kedd mozg\u00f3\u00fcnnep, vagyis jellemz\u0151en minden \u00e9vben m\u00e1s napra esik, \u00edgy az eg\u00e9sz \u00fcnnepk\u00f6r id\u0151tartam\u00e1t befoly\u00e1solja. <\/p>\n<div style=\"width: 640px;\" class=\"wp-video\"><!--[if lt IE 9]><script>document.createElement('video');<\/script><![endif]-->\n<video class=\"wp-video-shortcode\" id=\"video-8053-1\" width=\"640\" height=\"360\" preload=\"metadata\" controls=\"controls\"><source type=\"video\/mp4\" src=\"\/spots\/hir\/hir_180129_01.mp4?_=1\" \/><a href=\"\/spots\/hir\/hir_180129_01.mp4\">\/spots\/hir\/hir_180129_01.mp4<\/a><\/video><\/div>\n","protected":false},"excerpt":{"rendered":"<p>Nyomoz\u00f3k, t\u0171zolt\u00f3k, t\u00fcnd\u00e9rek, boszork\u00e1nyok t\u00f6lt\u00f6tt\u00e9k meg p\u00e9nteken d\u00e9lut\u00e1n a Kassai \u00fati Magyar-Angol K\u00e9t Tan\u00edt\u00e1si Nyelv\u0171 \u00c1ltal\u00e1nos Iskola tornaterm\u00e9t. Az int\u00e9zm\u00e9ny hagyom\u00e1nyos farsangi mulats\u00e1g\u00e1r\u00f3l term\u00e9szetesen Elza hercegn\u0151 sem hi\u00e1nyozhatott. Nemcsak jelmezeikkel igyekeztek el\u0171zni a telet a Kassaiban. H\u00e9t \u00e9vvel ezel\u0151tt eleven\u00edtett\u00e9k fel a t\u00e9ltemet\u00e9s r\u00e9gi n\u00e9pszok\u00e1s\u00e1t az int\u00e9zm\u00e9nyben. Az\u00f3ta minden esztend\u0151ben kiszeb\u00e1b \u00e9get\u00e9ssel z\u00e1rul a mulats\u00e1g. [&hellip;]<\/p>\n","protected":false},"author":2,"featured_media":0,"comment_status":"closed","ping_status":"closed","sticky":false,"template":"","format":"standard","meta":[],"categories":[9],"tags":[],"_links":{"self":[{"href":"http:\/\/archiv.szolnoktv.hu\/index.php?rest_route=\/wp\/v2\/posts\/8053"}],"collection":[{"href":"http:\/\/archiv.szolnoktv.hu\/index.php?rest_route=\/wp\/v2\/posts"}],"about":[{"href":"http:\/\/archiv.szolnoktv.hu\/index.php?rest_route=\/wp\/v2\/types\/post"}],"author":[{"embeddable":true,"href":"http:\/\/archiv.szolnoktv.hu\/index.php?rest_route=\/wp\/v2\/users\/2"}],"replies":[{"embeddable":true,"href":"http:\/\/archiv.szolnoktv.hu\/index.php?rest_route=%2Fwp%2Fv2%2Fcomments&post=8053"}],"version-history":[{"count":1,"href":"http:\/\/archiv.szolnoktv.hu\/index.php?rest_route=\/wp\/v2\/posts\/8053\/revisions"}],"predecessor-version":[{"id":8064,"href":"http:\/\/archiv.szolnoktv.hu\/index.php?rest_route=\/wp\/v2\/posts\/8053\/revisions\/8064"}],"wp:attachment":[{"href":"http:\/\/archiv.szolnoktv.hu\/index.php?rest_route=%2Fwp%2Fv2%2Fmedia&parent=8053"}],"wp:term":[{"taxonomy":"category","embeddable":true,"href":"http:\/\/archiv.szolnoktv.hu\/index.php?rest_route=%2Fwp%2Fv2%2Fcategories&post=8053"},{"taxonomy":"post_tag","embeddable":true,"href":"http:\/\/archiv.szolnoktv.hu\/index.php?rest_route=%2Fwp%2Fv2%2Ftags&post=8053"}],"curies":[{"name":"wp","href":"https:\/\/api.w.org\/{rel}","templated":true}]}}