{"id":8052,"date":"2018-01-26T19:14:22","date_gmt":"2018-01-26T19:14:22","guid":{"rendered":"http:\/\/archiv.szolnoktv.hu\/?p=8052"},"modified":"2021-08-13T18:02:23","modified_gmt":"2021-08-13T18:02:23","slug":"muhelymunkat-tartott-az-budapesti-europai-tehetsegkozpont-szolnokon","status":"publish","type":"post","link":"http:\/\/archiv.szolnoktv.hu\/?p=8052","title":{"rendered":"M\u0171helymunk\u00e1t tartott az Budapesti Eur\u00f3pai Tehets\u00e9gk\u00f6zpont Szolnokon"},"content":{"rendered":"<div class='booster-block booster-read-block'><\/div><p>Kapcsolat felv\u00e9tel \u00e9s tart\u00e1s m\u00e1s orsz\u00e1gokkal, illetve a nemzetk\u00f6zi \u00f6sszek\u00f6ttet\u00e9sek b\u0151v\u00edt\u00e9s\u00e9nek m\u00f3dj\u00e1ra voltak k\u00edv\u00e1ncsiak a magyarorsz\u00e1gi tehets\u00e9gpontok k\u00e9pvisel\u0151i. Az Eur\u00f3pai Uni\u00f3 tehets\u00e9gh\u00e1l\u00f3zat\u00e1nak el\u0151ad\u00e1s\u00e1ra az orsz\u00e1g t\u00f6bb pontj\u00e1r\u00f3l \u00e9rkeztek r\u00e9sztvev\u0151k. A programnak a a t\u00f6bb mint 10 \u00e9ve tehets\u00e9gpontk\u00e9nt m\u0171k\u00f6d\u0151 Verseghy Ferenc Gimn\u00e1zium adott otthont.<\/p>\n<p>-A Verseghy tehets\u00e9ggondoz\u00f3 iskola. Nek\u00fcnk ez a legfontosabb m\u0171k\u00f6d\u00e9si ter\u00fclet\u00fcnk. A tehets\u00e9geket azonos\u00edtsuk \u00e9s foglalkozzunk vel\u00fck \u00e9s min\u00e9l magasabbra juttassuk el \u0151ket.&#8221;- mondta Pog\u00e1ny Gyula a Verseghy Ferenc Gimn\u00e1zium igazgat\u00f3ja.&#8221;<\/p>\n<p>A tehets\u00e9g h\u00e1l\u00f3zat Eur\u00f3pa 41 orsz\u00e1g\u00e1ban m\u0171k\u00f6dik. A szervezethez 23 tehets\u00e9g k\u00f6zpont \u00e9s k\u00f6r\u00fclbel\u00fcl 350 tehets\u00e9gpont tartozik. A szolnoki m\u0171helymunka c\u00e9lja a partnerek bevon\u00e1sa a h\u00e1l\u00f3zat m\u0171k\u00f6d\u00e9si rendszer\u00e9be, illetve kapcsolat felv\u00e9tel m\u00e1s nemzetekkel. <\/p>\n<p>-Rengeteg k\u00f6z\u00f6s nemzetk\u00f6zi programunk van. P\u00e9ld\u00e1ul maga a h\u00e1l\u00f3zat\u00e9p\u00edt\u00e9s is egy k\u00f6z\u00f6ss\u00e9gi program. Ezenk\u00edv\u00fcl k\u00e9sz\u00edt\u00fcnk p\u00e9ld\u00e1ul k\u00f6z\u00f6sen online tananyagot a h\u00e1l\u00f3zat keretein bel\u00fcl. K\u00f6z\u00f6s vez\u00e9rvonalakat igyeksz\u00fcnk \u00f6ssze\u00e1ll\u00edtani.&#8221;- mondta Fuszek Csilla a Budapesti Eur\u00f3pai Tehets\u00e9gk\u00f6zpont igazgat\u00f3ja. <\/p>\n<p>Az int\u00e9zm\u00e9nyek a tehets\u00e9gk\u00f6zpont, illetve tehets\u00e9gpont p\u00e1ly\u00e1zat \u00e1ltal ker\u00fclhetnek be a h\u00e1l\u00f3zat munk\u00e1j\u00e1ba. A p\u00e1ly\u00e1z\u00e1sr\u00f3l r\u00e9szletesen a szervezet honlapj\u00e1n t\u00e1j\u00e9koz\u00f3dhatnak az \u00e9rdekl\u0151d\u0151k.<br \/>\n<br \/>\n<div style=\"width: 640px;\" class=\"wp-video\"><!--[if lt IE 9]><script>document.createElement('video');<\/script><![endif]-->\n<video class=\"wp-video-shortcode\" id=\"video-8052-1\" width=\"640\" height=\"360\" preload=\"metadata\" controls=\"controls\"><source type=\"video\/mp4\" src=\"\/spots\/hir\/hir_180126_07.mp4?_=1\" \/><a href=\"\/spots\/hir\/hir_180126_07.mp4\">\/spots\/hir\/hir_180126_07.mp4<\/a><\/video><\/div><\/p>\n","protected":false},"excerpt":{"rendered":"<p>Kapcsolat felv\u00e9tel \u00e9s tart\u00e1s m\u00e1s orsz\u00e1gokkal, illetve a nemzetk\u00f6zi \u00f6sszek\u00f6ttet\u00e9sek b\u0151v\u00edt\u00e9s\u00e9nek m\u00f3dj\u00e1ra voltak k\u00edv\u00e1ncsiak a magyarorsz\u00e1gi tehets\u00e9gpontok k\u00e9pvisel\u0151i. Az Eur\u00f3pai Uni\u00f3 tehets\u00e9gh\u00e1l\u00f3zat\u00e1nak el\u0151ad\u00e1s\u00e1ra az orsz\u00e1g t\u00f6bb pontj\u00e1r\u00f3l \u00e9rkeztek r\u00e9sztvev\u0151k. A programnak a a t\u00f6bb mint 10 \u00e9ve tehets\u00e9gpontk\u00e9nt m\u0171k\u00f6d\u0151 Verseghy Ferenc Gimn\u00e1zium adott otthont. -A Verseghy tehets\u00e9ggondoz\u00f3 iskola. Nek\u00fcnk ez a legfontosabb m\u0171k\u00f6d\u00e9si ter\u00fclet\u00fcnk. A [&hellip;]<\/p>\n","protected":false},"author":2,"featured_media":0,"comment_status":"closed","ping_status":"closed","sticky":false,"template":"","format":"standard","meta":[],"categories":[9],"tags":[],"_links":{"self":[{"href":"http:\/\/archiv.szolnoktv.hu\/index.php?rest_route=\/wp\/v2\/posts\/8052"}],"collection":[{"href":"http:\/\/archiv.szolnoktv.hu\/index.php?rest_route=\/wp\/v2\/posts"}],"about":[{"href":"http:\/\/archiv.szolnoktv.hu\/index.php?rest_route=\/wp\/v2\/types\/post"}],"author":[{"embeddable":true,"href":"http:\/\/archiv.szolnoktv.hu\/index.php?rest_route=\/wp\/v2\/users\/2"}],"replies":[{"embeddable":true,"href":"http:\/\/archiv.szolnoktv.hu\/index.php?rest_route=%2Fwp%2Fv2%2Fcomments&post=8052"}],"version-history":[{"count":1,"href":"http:\/\/archiv.szolnoktv.hu\/index.php?rest_route=\/wp\/v2\/posts\/8052\/revisions"}],"predecessor-version":[{"id":8065,"href":"http:\/\/archiv.szolnoktv.hu\/index.php?rest_route=\/wp\/v2\/posts\/8052\/revisions\/8065"}],"wp:attachment":[{"href":"http:\/\/archiv.szolnoktv.hu\/index.php?rest_route=%2Fwp%2Fv2%2Fmedia&parent=8052"}],"wp:term":[{"taxonomy":"category","embeddable":true,"href":"http:\/\/archiv.szolnoktv.hu\/index.php?rest_route=%2Fwp%2Fv2%2Fcategories&post=8052"},{"taxonomy":"post_tag","embeddable":true,"href":"http:\/\/archiv.szolnoktv.hu\/index.php?rest_route=%2Fwp%2Fv2%2Ftags&post=8052"}],"curies":[{"name":"wp","href":"https:\/\/api.w.org\/{rel}","templated":true}]}}