{"id":8051,"date":"2018-01-26T18:06:07","date_gmt":"2018-01-26T18:06:07","guid":{"rendered":"http:\/\/archiv.szolnoktv.hu\/?p=8051"},"modified":"2021-08-13T18:02:24","modified_gmt":"2021-08-13T18:02:24","slug":"korszeru-energetikai-rendszer-a-muszaki-szakkepzesi-centrumban","status":"publish","type":"post","link":"http:\/\/archiv.szolnoktv.hu\/?p=8051","title":{"rendered":"Korszer\u0171 energetikai rendszer a M\u0171szaki Szakk\u00e9pz\u00e9si Centrumban"},"content":{"rendered":"<div class='booster-block booster-read-block'><\/div><p>Hossz\u00fa sorokban bor\u00edtj\u00e1k az \u00c9PFA tetej\u00e9nek nagy r\u00e9sz\u00e9t a napelem panelek. Ezeket az energiatermel\u0151 eszk\u00f6z\u00f6ket a Sz\u00e9chenyi2020 K\u00f6rnyezeti \u00e9s Energiahat\u00e9konys\u00e1gi Operat\u00edv Program 133,2 milli\u00f3 forintnyi p\u00e1ly\u00e1zati forr\u00e1saib\u00f3l szerezte be a Szolnoki M\u0171szaki Szakk\u00e9pz\u00e9si Centrum.<\/p>\n<p>-Egy \u00e9vben a termelt energia 240 ezer kilovolt\/\u00e9v, amelynek seg\u00edts\u00e9g\u00e9vel cs\u00f6kkenthetj\u00fck az \u00fcvegh\u00e1zhat\u00e1st okoz\u00f3 g\u00e1zok kibocs\u00e1jt\u00e1s\u00e1t. 260 db napelemet telep\u00edtett\u00fcnk fel, 260 wattos teljes\u00edtm\u00e9nnyel.&#8221;  &#8211;   mondta Hics\u00f3 Gy\u00f6rgy, a Szolnoki M\u0171szaki Szakk\u00e9pz\u00e9si Centrum f\u0151igazgat\u00f3ja.<\/p>\n<p>A Pet\u0151fi \u00fati \u00e9p\u00fclet mellett a szakk\u00e9pz\u00e9si centrum tov\u00e1bbi telephelyeire, a t\u00f6bbi k\u00f6z\u00f6tt Szolnokon a S\u00e1rk\u00e1ny \u00fati, J\u00e1szber\u00e9nyben a Klapka Gy\u00f6rgy Szakgimn\u00e1zium \u00e9s Szakk\u00f6z\u00e9piskola k\u00e9t \u00e9p\u00fclet\u00e9re, valamint az \u00fajsz\u00e1szi R\u00f3zsa Imre K\u00f6z\u00e9piskola \u00e9s Koll\u00e9giumra is telep\u00edtettek napelemeket. A sz\u00e1m\u00edt\u00e1sok szerint a rendszerek kiel\u00e9g\u00edtik az \u00e9p\u00fcletek energiaig\u00e9ny\u00e9t, ezzel nagyban hozz\u00e1j\u00e1rulva az \u00e9p\u00fcletek fosszilis alap\u00fa villamosenergia felhaszn\u00e1l\u00e1s\u00e1nak cs\u00f6kkent\u00e9s\u00e9hez, vagy ak\u00e1r teljes megsz\u00fcntet\u00e9s\u00e9hez.   <\/p>\n<p>A f\u0151igazgat\u00f3 kiemelte: -A rendszerek \u00fagy m\u0171k\u00f6dnek, hogy visszat\u00e1pl\u00e1lj\u00e1k a szolg\u00e1ltat\u00f3 h\u00e1l\u00f3zat\u00e1ba a napelemek \u00e1ltal termelt energi\u00e1t, inverterek seg\u00edts\u00e9g\u00e9vel t\u00f6rt\u00e9nik a visszat\u00e1pl\u00e1l\u00e1s. Pontosan m\u00e9rik a termelt energi\u00e1t \u00e9s ezzel kevesebbet kell fizetn\u00fcnk a felhaszn\u00e1lt energi\u00e1\u00e9rt.&#8221;<\/p>\n<p>A fejleszt\u00e9s eredm\u00e9nyek\u00e9nt az \u00e9ves energiamegtakar\u00edt\u00e1s el\u00e9rheti a 890 GJ, amely k\u00f6vetkezt\u00e9ben a kibocs\u00e1jtott \u00fcvegh\u00e1zhat\u00e1st okoz\u00f3 g\u00e1zok mennyis\u00e9ge 90 tonn\u00e1val cs\u00f6kken. Az int\u00e9zm\u00e9ny az energiamegtakar\u00edt\u00e1s, illetve a k\u00f6rnyezetterhel\u00e9s cs\u00f6kkent\u00e9s\u00e9nek \u00e9rdek\u00e9ben tov\u00e1bbi napelem-b\u0151v\u00edt\u00e9seket tervez, ehhez els\u0151sorban Eur\u00f3pai Uni\u00f3s p\u00e1ly\u00e1zatokra van sz\u00fcks\u00e9g\u00fck.<br \/>\n<br \/>\n<div style=\"width: 640px;\" class=\"wp-video\"><!--[if lt IE 9]><script>document.createElement('video');<\/script><![endif]-->\n<video class=\"wp-video-shortcode\" id=\"video-8051-1\" width=\"640\" height=\"360\" preload=\"metadata\" controls=\"controls\"><source type=\"video\/mp4\" src=\"\/spots\/hir\/hir_180126_06.mp4?_=1\" \/><a href=\"\/spots\/hir\/hir_180126_06.mp4\">\/spots\/hir\/hir_180126_06.mp4<\/a><\/video><\/div><\/p>\n","protected":false},"excerpt":{"rendered":"<p>Hossz\u00fa sorokban bor\u00edtj\u00e1k az \u00c9PFA tetej\u00e9nek nagy r\u00e9sz\u00e9t a napelem panelek. Ezeket az energiatermel\u0151 eszk\u00f6z\u00f6ket a Sz\u00e9chenyi2020 K\u00f6rnyezeti \u00e9s Energiahat\u00e9konys\u00e1gi Operat\u00edv Program 133,2 milli\u00f3 forintnyi p\u00e1ly\u00e1zati forr\u00e1saib\u00f3l szerezte be a Szolnoki M\u0171szaki Szakk\u00e9pz\u00e9si Centrum. -Egy \u00e9vben a termelt energia 240 ezer kilovolt\/\u00e9v, amelynek seg\u00edts\u00e9g\u00e9vel cs\u00f6kkenthetj\u00fck az \u00fcvegh\u00e1zhat\u00e1st okoz\u00f3 g\u00e1zok kibocs\u00e1jt\u00e1s\u00e1t. 260 db napelemet telep\u00edtett\u00fcnk fel, [&hellip;]<\/p>\n","protected":false},"author":2,"featured_media":0,"comment_status":"closed","ping_status":"closed","sticky":false,"template":"","format":"standard","meta":[],"categories":[9],"tags":[],"_links":{"self":[{"href":"http:\/\/archiv.szolnoktv.hu\/index.php?rest_route=\/wp\/v2\/posts\/8051"}],"collection":[{"href":"http:\/\/archiv.szolnoktv.hu\/index.php?rest_route=\/wp\/v2\/posts"}],"about":[{"href":"http:\/\/archiv.szolnoktv.hu\/index.php?rest_route=\/wp\/v2\/types\/post"}],"author":[{"embeddable":true,"href":"http:\/\/archiv.szolnoktv.hu\/index.php?rest_route=\/wp\/v2\/users\/2"}],"replies":[{"embeddable":true,"href":"http:\/\/archiv.szolnoktv.hu\/index.php?rest_route=%2Fwp%2Fv2%2Fcomments&post=8051"}],"version-history":[{"count":1,"href":"http:\/\/archiv.szolnoktv.hu\/index.php?rest_route=\/wp\/v2\/posts\/8051\/revisions"}],"predecessor-version":[{"id":8066,"href":"http:\/\/archiv.szolnoktv.hu\/index.php?rest_route=\/wp\/v2\/posts\/8051\/revisions\/8066"}],"wp:attachment":[{"href":"http:\/\/archiv.szolnoktv.hu\/index.php?rest_route=%2Fwp%2Fv2%2Fmedia&parent=8051"}],"wp:term":[{"taxonomy":"category","embeddable":true,"href":"http:\/\/archiv.szolnoktv.hu\/index.php?rest_route=%2Fwp%2Fv2%2Fcategories&post=8051"},{"taxonomy":"post_tag","embeddable":true,"href":"http:\/\/archiv.szolnoktv.hu\/index.php?rest_route=%2Fwp%2Fv2%2Ftags&post=8051"}],"curies":[{"name":"wp","href":"https:\/\/api.w.org\/{rel}","templated":true}]}}