{"id":8050,"date":"2018-01-26T17:39:08","date_gmt":"2018-01-26T17:39:08","guid":{"rendered":"http:\/\/archiv.szolnoktv.hu\/?p=8050"},"modified":"2021-08-13T18:02:24","modified_gmt":"2021-08-13T18:02:24","slug":"mezogazdasagi-kiallitas","status":"publish","type":"post","link":"http:\/\/archiv.szolnoktv.hu\/?p=8050","title":{"rendered":"Mez\u0151gazdas\u00e1gi ki\u00e1ll\u00edt\u00e1s"},"content":{"rendered":"<div class='booster-block booster-read-block'><\/div><p>Fejleszt\u00e9s, innov\u00e1ci\u00f3, \u00fajdons\u00e1gok. Elengedhetetlen hozz\u00e1val\u00f3i egy sikeres v\u00e1llalkoz\u00e1snak. Az idei AGRO mash EXPO az agr\u00e1r \u00e1gazatban dolgoz\u00f3knak k\u00edn\u00e1l lehet\u0151s\u00e9geket. A gy\u00e1rt\u00f3k bemutathatj\u00e1k g\u00e9peiket, m\u00edg a gazd\u00e1k pedig ak\u00e1r v\u00e1s\u00e1rolhatnak is. mintegy 40 ezer n\u00e9gyzetm\u00e9teren t\u00f6bb, mint 300 ki\u00e1ll\u00edt\u00f3 mutatta be v\u00e1llalkoz\u00e1s\u00e1t. A nagy\u00fczemeknek sz\u00e1nt k\u00edn\u00e1lat mellett a kisebb v\u00e1llalkoz\u00e1sok is megtal\u00e1lt\u00e1k a sz\u00e1mukra megfelel\u0151t.<\/p>\n<p>&#8220;A mi partneri k\u00f6r\u00fcnkben, akik k\u00e9zm\u0171ves term\u00e9keket \u00e1ll\u00edtanak el\u0151, neh\u00e9z a sorsuk, mindennap munk\u00e1ban kell lenni, \u00e9s forr\u00e1shi\u00e1nnyal k\u00fczdenek, \u00e9s csak akkor tudnak beruh\u00e1zni, ha kapnak t\u00e1mogat\u00e1st.&#8221; -mondta GAJD\u00c1CSI L\u00c1SZL\u00d3 az AB REX Kft. \u00fcgyvezet\u0151 igazgat\u00f3ja.<\/p>\n<p>Traktorok automatiz\u00e1lt ir\u00e1ny\u00edt\u00e1sa, \u00fajdons\u00e1gnak sz\u00e1m\u00edt\u00f3 megold\u00e1sok, er\u0151g\u00e9pek, a hazai piac \u00e9lvonala megismerhet\u0151 az exp\u00f3n. A szakmai konferenci\u00e1kon -sok egy\u00e9b mellett- a p\u00e1ly\u00e1zati lehet\u0151s\u00e9gekre, \u00e9s azok bemutat\u00e1s\u00e1ra is nagy hangs\u00falyt fektettek.<\/p>\n<p>&#8220;Mindenki tart att\u00f3l, hogy mi lesz 2020 ut\u00e1n, de ha minden igaz, ezek a t\u00e1mogat\u00e1si rendszerek megmaradnak, mert csak a t\u00e1mogat\u00e1ssal tudnak rent\u00e1bilisak lenni a gazd\u00e1lkod\u00f3k, de k\u00e9pesek fejleszteni, mert aki ezt nem teszi meg, az h\u00e1tr\u00e1nyba fog ker\u00fclni.&#8221; -mondta GR\u00d3SZ L\u00c1SZL\u00d3 az Agrob\u00e9k\u00e9s Kft. \u00fcgyvezet\u0151je.<\/p>\n<p>Vinkler Tam\u00e1s\u00e9k csal\u00e1di gazdas\u00e1got vezetnek, \u00e1llattart\u00f3 telep fejleszt\u00e9s\u00e9re p\u00e1ly\u00e1ztak, ehhez keresnek g\u00e9peket.<\/p>\n<p>&#8220;A mez\u0151gazdas\u00e1g olyan, mint a feneketlen zs\u00e1k, de ha nem fejleszt\u00fcnk, lemaradunk, k\u00f6lteni kell, a g\u00e9pek k\u00f6nnyebb\u00e9 teszik a munk\u00e1t.&#8221; -mondta VINKLER TAM\u00c1S.<\/p>\n<p>Az exp\u00f3n \u00e9vr\u0151l \u00e9vre n\u0151 a ki\u00e1ll\u00edtott vet\u0151magok, szapor\u00edt\u00f3szerek sz\u00e1ma is, de az agr\u00e1relektronika, a n\u00f6v\u00e9nyv\u00e9d\u0151 szerek, m\u0171tr\u00e1gy\u00e1k forgalmaz\u00e1sa ter\u00e9n is egyre t\u00f6bb ki\u00e1ll\u00edt\u00f3 jelenik meg.<br \/>\n<br \/>\n<div style=\"width: 640px;\" class=\"wp-video\"><!--[if lt IE 9]><script>document.createElement('video');<\/script><![endif]-->\n<video class=\"wp-video-shortcode\" id=\"video-8050-1\" width=\"640\" height=\"360\" preload=\"metadata\" controls=\"controls\"><source type=\"video\/mp4\" src=\"\/spots\/hir\/hir_180126_01.mp4?_=1\" \/><a href=\"\/spots\/hir\/hir_180126_01.mp4\">\/spots\/hir\/hir_180126_01.mp4<\/a><\/video><\/div><\/p>\n","protected":false},"excerpt":{"rendered":"<p>Fejleszt\u00e9s, innov\u00e1ci\u00f3, \u00fajdons\u00e1gok. Elengedhetetlen hozz\u00e1val\u00f3i egy sikeres v\u00e1llalkoz\u00e1snak. Az idei AGRO mash EXPO az agr\u00e1r \u00e1gazatban dolgoz\u00f3knak k\u00edn\u00e1l lehet\u0151s\u00e9geket. A gy\u00e1rt\u00f3k bemutathatj\u00e1k g\u00e9peiket, m\u00edg a gazd\u00e1k pedig ak\u00e1r v\u00e1s\u00e1rolhatnak is. mintegy 40 ezer n\u00e9gyzetm\u00e9teren t\u00f6bb, mint 300 ki\u00e1ll\u00edt\u00f3 mutatta be v\u00e1llalkoz\u00e1s\u00e1t. A nagy\u00fczemeknek sz\u00e1nt k\u00edn\u00e1lat mellett a kisebb v\u00e1llalkoz\u00e1sok is megtal\u00e1lt\u00e1k a sz\u00e1mukra megfelel\u0151t. &#8220;A [&hellip;]<\/p>\n","protected":false},"author":2,"featured_media":0,"comment_status":"closed","ping_status":"closed","sticky":false,"template":"","format":"standard","meta":[],"categories":[9],"tags":[],"_links":{"self":[{"href":"http:\/\/archiv.szolnoktv.hu\/index.php?rest_route=\/wp\/v2\/posts\/8050"}],"collection":[{"href":"http:\/\/archiv.szolnoktv.hu\/index.php?rest_route=\/wp\/v2\/posts"}],"about":[{"href":"http:\/\/archiv.szolnoktv.hu\/index.php?rest_route=\/wp\/v2\/types\/post"}],"author":[{"embeddable":true,"href":"http:\/\/archiv.szolnoktv.hu\/index.php?rest_route=\/wp\/v2\/users\/2"}],"replies":[{"embeddable":true,"href":"http:\/\/archiv.szolnoktv.hu\/index.php?rest_route=%2Fwp%2Fv2%2Fcomments&post=8050"}],"version-history":[{"count":1,"href":"http:\/\/archiv.szolnoktv.hu\/index.php?rest_route=\/wp\/v2\/posts\/8050\/revisions"}],"predecessor-version":[{"id":8067,"href":"http:\/\/archiv.szolnoktv.hu\/index.php?rest_route=\/wp\/v2\/posts\/8050\/revisions\/8067"}],"wp:attachment":[{"href":"http:\/\/archiv.szolnoktv.hu\/index.php?rest_route=%2Fwp%2Fv2%2Fmedia&parent=8050"}],"wp:term":[{"taxonomy":"category","embeddable":true,"href":"http:\/\/archiv.szolnoktv.hu\/index.php?rest_route=%2Fwp%2Fv2%2Fcategories&post=8050"},{"taxonomy":"post_tag","embeddable":true,"href":"http:\/\/archiv.szolnoktv.hu\/index.php?rest_route=%2Fwp%2Fv2%2Ftags&post=8050"}],"curies":[{"name":"wp","href":"https:\/\/api.w.org\/{rel}","templated":true}]}}