{"id":8049,"date":"2018-01-26T17:37:47","date_gmt":"2018-01-26T17:37:47","guid":{"rendered":"http:\/\/archiv.szolnoktv.hu\/?p=8049"},"modified":"2021-08-13T18:02:24","modified_gmt":"2021-08-13T18:02:24","slug":"elindult-a-videk-ahol-elek-cimu-palyazat","status":"publish","type":"post","link":"http:\/\/archiv.szolnoktv.hu\/?p=8049","title":{"rendered":"Elindult <i>A vid\u00e9k, ahol \u00e9lek<\/i> c\u00edm\u0171 p\u00e1ly\u00e1zat"},"content":{"rendered":"<div class='booster-block booster-read-block'><\/div><p>A vid\u00e9k sz\u00e9ps\u00e9g\u00e9t, \u00e1rnyoldal\u00e1t \u00e9s egy benne \u00e9l\u0151 fazekas mester mindennapjait mutatja be az \u00c9letk\u0151 c\u00edm\u0171 film, ami a Dokumentumfilmek a vid\u00e9kr\u0151l c\u00edm\u0171 p\u00e1ly\u00e1zatra k\u00e9sz\u00fclt. A verseny mint\u00e1j\u00e1ra indult \u00fatj\u00e1ra id\u00e9n a A vid\u00e9k, ahol \u00e9lek n\u00e9vre keresztelt p\u00e1ly\u00e1zat. <\/p>\n<p>-Lehetnek filmek- filmek eset\u00e9ben maximum 10 perces id\u0151tartam\u00fa filmek- lehetnek novell\u00e1k, versek festm\u00e9nyek, fot\u00f3k -5 db fot\u00f3t v\u00e1runk-. Illetve prezent\u00e1ci\u00f3t is, hiszen egy-egy sikeres vid\u00e9ki v\u00e1llalat prezent\u00e1lni tudja azt, hogy egy fiatalnak mi\u00e9rt \u00e9rdemes elhelyezkedni a mez\u0151gazda\u00e1g ter\u00fclet\u00e9n.&#8221;- mondta Bali Istv\u00e1n az Eur\u00f3pai Vid\u00e9kfejleszt\u0151 Egyetem eln\u00f6ke.<\/p>\n<p>Az Eur\u00f3pai Uni\u00f3 ter\u00fclet\u00e9nek 93%-\u00e1t teszi ki vid\u00e9ki t\u00e9rs\u00e9g. Magyarorsz\u00e1g n\u00e9pess\u00e9g\u00e9nek t\u00f6bb mint 80%-a \u00e9l ma kisebb v\u00e1rosban, faluban. A p\u00e1ly\u00e1zat a vid\u00e9k fejleszt\u00e9st \u00e9s a munkahelyteremt\u00e9st seg\u00edti.<\/p>\n<p>-Az AGRARIA-APURE egyes\u00fclet \u00e9s a Europe Direct Szolnok k\u00f6z\u00f6sen hirdette meg a p\u00e1ly\u00e1zatot, melynek val\u00f3ban az a c\u00e9lja, hogy az emberek saj\u00e1t maguk l\u00e1tj\u00e1k azt, hogy milyen vid\u00e9ki \u00e9let. Hogyan tudn\u00e1nak azon v\u00e1ltoztatni? Hogyan \u00edt\u00e9lik meg a szolg\u00e1ltat\u00e1sokat, munkalehet\u0151s\u00e9geket, sz\u00f3rakoz\u00e1si lehet\u0151s\u00e9geket? Teh\u00e1t a vid\u00e9kbe nagyon sok minden tartozik.&#8221;- tette hozz\u00e1 Bali Istv\u00e1n.  <\/p>\n<p>A p\u00e1lyamunk\u00e1kat m\u00e1rcius 5-ig lehet eljuttatni a Europe Direct Szolnoki irod\u00e1j\u00e1ba postai \u00faton, illetve e-mailben. A legjobb m\u0171veket a Verseghy Ferenc K\u00f6nyvt\u00e1rban m\u00e1rcius 22-\u00e9n mutatj\u00e1k be.<br \/>\n<br \/>\n<div style=\"width: 640px;\" class=\"wp-video\"><!--[if lt IE 9]><script>document.createElement('video');<\/script><![endif]-->\n<video class=\"wp-video-shortcode\" id=\"video-8049-1\" width=\"640\" height=\"360\" preload=\"metadata\" controls=\"controls\"><source type=\"video\/mp4\" src=\"\/spots\/hir\/hir_180126_05.mp4?_=1\" \/><a href=\"\/spots\/hir\/hir_180126_05.mp4\">\/spots\/hir\/hir_180126_05.mp4<\/a><\/video><\/div><\/p>\n","protected":false},"excerpt":{"rendered":"<p>A vid\u00e9k sz\u00e9ps\u00e9g\u00e9t, \u00e1rnyoldal\u00e1t \u00e9s egy benne \u00e9l\u0151 fazekas mester mindennapjait mutatja be az \u00c9letk\u0151 c\u00edm\u0171 film, ami a Dokumentumfilmek a vid\u00e9kr\u0151l c\u00edm\u0171 p\u00e1ly\u00e1zatra k\u00e9sz\u00fclt. A verseny mint\u00e1j\u00e1ra indult \u00fatj\u00e1ra id\u00e9n a A vid\u00e9k, ahol \u00e9lek n\u00e9vre keresztelt p\u00e1ly\u00e1zat. -Lehetnek filmek- filmek eset\u00e9ben maximum 10 perces id\u0151tartam\u00fa filmek- lehetnek novell\u00e1k, versek festm\u00e9nyek, fot\u00f3k -5 db [&hellip;]<\/p>\n","protected":false},"author":2,"featured_media":0,"comment_status":"closed","ping_status":"closed","sticky":false,"template":"","format":"standard","meta":[],"categories":[9],"tags":[],"_links":{"self":[{"href":"http:\/\/archiv.szolnoktv.hu\/index.php?rest_route=\/wp\/v2\/posts\/8049"}],"collection":[{"href":"http:\/\/archiv.szolnoktv.hu\/index.php?rest_route=\/wp\/v2\/posts"}],"about":[{"href":"http:\/\/archiv.szolnoktv.hu\/index.php?rest_route=\/wp\/v2\/types\/post"}],"author":[{"embeddable":true,"href":"http:\/\/archiv.szolnoktv.hu\/index.php?rest_route=\/wp\/v2\/users\/2"}],"replies":[{"embeddable":true,"href":"http:\/\/archiv.szolnoktv.hu\/index.php?rest_route=%2Fwp%2Fv2%2Fcomments&post=8049"}],"version-history":[{"count":1,"href":"http:\/\/archiv.szolnoktv.hu\/index.php?rest_route=\/wp\/v2\/posts\/8049\/revisions"}],"predecessor-version":[{"id":8068,"href":"http:\/\/archiv.szolnoktv.hu\/index.php?rest_route=\/wp\/v2\/posts\/8049\/revisions\/8068"}],"wp:attachment":[{"href":"http:\/\/archiv.szolnoktv.hu\/index.php?rest_route=%2Fwp%2Fv2%2Fmedia&parent=8049"}],"wp:term":[{"taxonomy":"category","embeddable":true,"href":"http:\/\/archiv.szolnoktv.hu\/index.php?rest_route=%2Fwp%2Fv2%2Fcategories&post=8049"},{"taxonomy":"post_tag","embeddable":true,"href":"http:\/\/archiv.szolnoktv.hu\/index.php?rest_route=%2Fwp%2Fv2%2Ftags&post=8049"}],"curies":[{"name":"wp","href":"https:\/\/api.w.org\/{rel}","templated":true}]}}