{"id":8048,"date":"2018-01-26T17:36:11","date_gmt":"2018-01-26T17:36:11","guid":{"rendered":"http:\/\/archiv.szolnoktv.hu\/?p=8048"},"modified":"2021-08-13T18:02:24","modified_gmt":"2021-08-13T18:02:24","slug":"galamb-kiallitas","status":"publish","type":"post","link":"http:\/\/archiv.szolnoktv.hu\/?p=8048","title":{"rendered":"Galamb ki\u00e1ll\u00edt\u00e1s"},"content":{"rendered":"<div class='booster-block booster-read-block'><\/div><p>A Magyar Galamb \u00e9s Kis\u00e1llatteny\u00e9szt\u0151k Abonyi Egyes\u00fclete 40 \u00e9ve alakult meg. A jeles alkalomb\u00f3l ki\u00e1ll\u00edt\u00e1st szerveztek, k\u00f6zel 1000 n\u00e9gyzetm\u00e9teren. Eur\u00f3pa t\u00f6bb pontj\u00e1r\u00f3l \u00e9rkeztek a teny\u00e9szt\u0151k \u00e9s b\u00fcszkes\u00e9geik.<\/p>\n<p>-Megkerest\u00fcnk az orsz\u00e1gon bel\u00fcl t\u00f6bb fajta klubot \u00e9s a fajta klubok k\u00e9pviselet\u00e9ben az amerikai \u00f3ri\u00e1s posta fajtaklub k\u00e9pviselteti mag\u00e1t \u00e9s a szolnoki fajt\u00e1k. A szolnoki bagdetta \u00e9s a szolnoki kering\u0151. Ezen k\u00edv\u00fcl a saj\u00e1t egyes\u00fclet\u00fck ki\u00e1ll\u00edt\u00e1sa van meghirdetve a jubileumi ki\u00e1ll\u00edt\u00e1sra.&#8221; -nyilatkozta Petrezselyem S\u00e1ndor, a Magyar Galamb \u00e9s Kis\u00e1llatteny\u00e9szt\u0151k Abonyi Egyes\u00fclet\u00e9nek eln\u00f6ke.<\/p>\n<p>A galambteny\u00e9szt\u00e9s gyakran az id\u0151sebb gener\u00e1ci\u00f3k \u00f6r\u00f6ks\u00e9ge. Ez Kov\u00e1cs P\u00e1l, galamb teny\u00e9szt\u0151 eset\u00e9ben is igaz:<\/p>\n<p>-Tulajdonk\u00e9ppen \u00e9n bele sz\u00fclettem, mert az \u00e9desap\u00e1m meg a testv\u00e9re r\u00e9g \u00f3ta teny\u00e9sztetek. Tal\u00e1n m\u00e9g a vil\u00e1gh\u00e1bor\u00fa el\u0151tt is volt a mi port\u00e1nkon galamb \u00e9s \u00e9n ebbe n\u0151tte fel, k\u00e9s\u0151bb megszerettem \u00e9s feln\u0151tt fejjel \u00fajra elkezdtem.&#8221;<\/p>\n<p>Szolnok egy\u00e9bk\u00e9nt saj\u00e1t galamb fajt\u00e1val is b\u00fcszk\u00e9lkedhet. N\u00e9v szerint a szolnoki bagdettaval \u00e9s a szolnoki kering\u0151vel. Ga\u00e1l Zolt\u00e1n a Szolnoki Galambfajta Teny\u00e9szt\u0151k Fajtaklubj\u00e1nak tagja, szak\u00e9rt\u0151je a t\u00e9m\u00e1nak:<\/p>\n<p>-A 1900-as \u00e9vek elej\u00e9n teny\u00e9sztett\u00e9k ki mind a kett\u0151t, onnan indult a teny\u00e9szt\u00e9s. 1954-be fogadt\u00e1k el a fajta le\u00edr\u00e1sukat, az \u00f3ta hivatalos fajtak\u00e9nt szerepelnek mind a ketten.&#8221;<\/p>\n<p>A ki\u00e1ll\u00edtott \u00e1llatokat a szakmai zs\u0171ri k\u00fcl\u00f6nf\u00e9le szempontok szerint vizsg\u00e1lja. Fajt\u00e1nk\u00e9nt elt\u00e9rhetnek az el\u0151ny\u00f6k, a k\u00edv\u00e1nalmak \u00e9s a hib\u00e1k is. Polg\u00e1r B\u00e9la, galamb \u00e9s d\u00edszbaromfi b\u00edr\u00e1l\u00f3 \u00e9ppen a King fajta egyik versenyz\u0151j\u00e9t szemrev\u00e9telezi:<\/p>\n<p>-Mondhatn\u00e1m \u00fagy, hogy min\u00e9l ink\u00e1bb egy labd\u00e1hoz kell hasonl\u00edtani, min\u00e9l kerekebb kell lenni. Feszes \u00e1ll\u00e1s\u00fanak, ez azt jelenti, hogy a l\u00e1baknak f\u00fcgg\u0151leges \u00e1ll\u00e1s\u00fanak kell lenni \u00e9s a testnek a tengely\u00e9ben kell helyet foglalnia \u00e9s ebb\u0151l kifoly\u00f3lag a mad\u00e1r k\u00f6z\u00e9pen van al\u00e1t\u00e1masztva \u00e9s egy tengelyes \u00e1ll\u00e1st k\u00f6lcs\u00f6n\u00f6z az \u00e1llatnak.&#8221;<\/p>\n<p>A rendezv\u00e9ny az abonyi, 37 tag\u00fa egyes\u00fclet \u00f6sszefog\u00e1s\u00e1val, a Mez\u0151gazdas\u00e1gi Miniszt\u00e9rium \u00e9s a helyi \u00f6nkorm\u00e1nyzat t\u00e1mogat\u00e1s\u00e1val j\u00f6hetett l\u00e9tre. A bel\u00e9p\u00e9s f\u00e9rfiaknak 500 Ft, n\u0151knek, illetve gyerekeknek a d\u00edjmentes. A ki\u00e1ll\u00edt\u00e1s vas\u00e1rnap d\u00e9lig megtekinthet\u0151.<\/p>\n<div style=\"width: 640px;\" class=\"wp-video\"><!--[if lt IE 9]><script>document.createElement('video');<\/script><![endif]-->\n<video class=\"wp-video-shortcode\" id=\"video-8048-1\" width=\"640\" height=\"360\" preload=\"metadata\" controls=\"controls\"><source type=\"video\/mp4\" src=\"\/spots\/hir\/hir_180126_04.mp4?_=1\" \/><a href=\"\/spots\/hir\/hir_180126_04.mp4\">\/spots\/hir\/hir_180126_04.mp4<\/a><\/video><\/div>\n","protected":false},"excerpt":{"rendered":"<p>A Magyar Galamb \u00e9s Kis\u00e1llatteny\u00e9szt\u0151k Abonyi Egyes\u00fclete 40 \u00e9ve alakult meg. A jeles alkalomb\u00f3l ki\u00e1ll\u00edt\u00e1st szerveztek, k\u00f6zel 1000 n\u00e9gyzetm\u00e9teren. Eur\u00f3pa t\u00f6bb pontj\u00e1r\u00f3l \u00e9rkeztek a teny\u00e9szt\u0151k \u00e9s b\u00fcszkes\u00e9geik. -Megkerest\u00fcnk az orsz\u00e1gon bel\u00fcl t\u00f6bb fajta klubot \u00e9s a fajta klubok k\u00e9pviselet\u00e9ben az amerikai \u00f3ri\u00e1s posta fajtaklub k\u00e9pviselteti mag\u00e1t \u00e9s a szolnoki fajt\u00e1k. A szolnoki bagdetta \u00e9s a [&hellip;]<\/p>\n","protected":false},"author":2,"featured_media":0,"comment_status":"closed","ping_status":"closed","sticky":false,"template":"","format":"standard","meta":[],"categories":[9],"tags":[],"_links":{"self":[{"href":"http:\/\/archiv.szolnoktv.hu\/index.php?rest_route=\/wp\/v2\/posts\/8048"}],"collection":[{"href":"http:\/\/archiv.szolnoktv.hu\/index.php?rest_route=\/wp\/v2\/posts"}],"about":[{"href":"http:\/\/archiv.szolnoktv.hu\/index.php?rest_route=\/wp\/v2\/types\/post"}],"author":[{"embeddable":true,"href":"http:\/\/archiv.szolnoktv.hu\/index.php?rest_route=\/wp\/v2\/users\/2"}],"replies":[{"embeddable":true,"href":"http:\/\/archiv.szolnoktv.hu\/index.php?rest_route=%2Fwp%2Fv2%2Fcomments&post=8048"}],"version-history":[{"count":1,"href":"http:\/\/archiv.szolnoktv.hu\/index.php?rest_route=\/wp\/v2\/posts\/8048\/revisions"}],"predecessor-version":[{"id":8069,"href":"http:\/\/archiv.szolnoktv.hu\/index.php?rest_route=\/wp\/v2\/posts\/8048\/revisions\/8069"}],"wp:attachment":[{"href":"http:\/\/archiv.szolnoktv.hu\/index.php?rest_route=%2Fwp%2Fv2%2Fmedia&parent=8048"}],"wp:term":[{"taxonomy":"category","embeddable":true,"href":"http:\/\/archiv.szolnoktv.hu\/index.php?rest_route=%2Fwp%2Fv2%2Fcategories&post=8048"},{"taxonomy":"post_tag","embeddable":true,"href":"http:\/\/archiv.szolnoktv.hu\/index.php?rest_route=%2Fwp%2Fv2%2Ftags&post=8048"}],"curies":[{"name":"wp","href":"https:\/\/api.w.org\/{rel}","templated":true}]}}