{"id":8046,"date":"2018-01-25T16:33:16","date_gmt":"2018-01-25T16:33:16","guid":{"rendered":"http:\/\/archiv.szolnoktv.hu\/?p=8046"},"modified":"2021-08-13T18:02:25","modified_gmt":"2021-08-13T18:02:25","slug":"kozgyules-7","status":"publish","type":"post","link":"http:\/\/archiv.szolnoktv.hu\/?p=8046","title":{"rendered":"K\u00f6zgy\u0171l\u00e9s"},"content":{"rendered":"<div class='booster-block booster-read-block'><\/div><p>Az illeg\u00e1lis bev\u00e1ndorl\u00e1s \u00e9s a haz\u00e1nk \u00e1ltal befogadottak k\u00e9rd\u00e9se m\u00e1r napirend el\u0151tt is t\u00e9ma volt. Dr. Szotyori-L\u00e1z\u00e1r Zolt\u00e1n ugyanis arra volt k\u00edv\u00e1ncsi, hogy vannak-e oltalmazottak Szolnokon. V\u00e1lasz\u00e1ban Szalay Ferenc elmondta, hogy nincs arr\u00f3l tudom\u00e1sa, hogy k\u00f6z\u00fcl\u00fck b\u00e1rki is lenne a megyesz\u00e9khelyen.<\/p>\n<p>Jelenleg eg\u00e9sz Eur\u00f3p\u00e1t foglalkoztatja \u00e9s megosztja a bev\u00e1ndorl\u00e1s k\u00e9rd\u00e9sk\u00f6re, \u00edgy nem v\u00e9letlen, hogy a betelep\u00edt\u00e9st szervez\u0151 irod\u00e1kkal szembeni \u00f6sszefog\u00e1st c\u00e9lz\u00f3 napirendi pont, amint az v\u00e1rhat\u00f3 volt, komoly politikai vit\u00e1t gener\u00e1lt. Ennek l\u00e9nyege, hogy a v\u00e1ros utas\u00edtsa el, ha egy ilyen civil szervezet helyis\u00e9get szeretne b\u00e9relni. A jobbikos \u00e1ll\u00e1spontot ismertet\u0151 frakci\u00f3vezet\u0151 kifejtette, hogy p\u00e1rtja tov\u00e1bbra is elutas\u00edtja az illeg\u00e1lis bev\u00e1ndorl\u00e1st.<\/p>\n<p>&#8211; -Ebben a k\u00e9rd\u00e9sben term\u00e9szetesen a Jobbik meg fogja szavazni ezt az el\u0151terjeszt\u00e9st, no nem az\u00e9rt, mert \u00fagy gondoljuk, hogy ez nem egy politikai kamp\u00e1ny a Fidesz r\u00e9sz\u00e9r\u0151l, hanem mert ilyen m\u00f3don is szeretn\u00e9nk vil\u00e1goss\u00e1 tenni, hogy mi magunk is szeretn\u00e9nk meg\u0151rizni Magyarorsz\u00e1got \u00e9s ezen bel\u00fcl is v\u00e1rosunkat ebben a form\u00e1ban, ilyen kult\u00far\u00e1j\u00fa \u00e9s ilyen indentit\u00e1ssal rendelkez\u0151 telep\u00fcl\u00e9sk\u00e9nt is, \u00fagyhogy t\u00e1mogatni fogjuk.&#8221;  &#8211;   fogalmazott Dr. Szotyori-L\u00e1z\u00e1r Zolt\u00e1n.<\/p>\n<p>Az MSZP-s Rad\u00f3cz Zolt\u00e1n szerint nem k\u00e9rd\u00e9s, hogy a d\u00e9li hat\u00e1rt v\u00e9d\u0151 ker\u00edt\u00e9sre sz\u00fcks\u00e9g van \u00e9s az illeg\u00e1lis bev\u00e1ndorl\u00e1st meg kell akad\u00e1lyozni. Ugyanakkor a konkr\u00e9t el\u0151terjeszt\u00e9s egy politikai sz\u00ednj\u00e1t\u00e9k, ami az emberek megzavar\u00e1s\u00e1r\u00f3l sz\u00f3l  &#8211;   mondta.<\/p>\n<p>&#8211; -A mostani el\u0151terjeszt\u00e9s val\u00f3ban csak arr\u00f3l sz\u00f3l, hogy egyszer valamikor j\u00f6het olyan szervezet, aki ezt t\u00e1mogatja \u00e9s Szolnok v\u00e1ros\u00e1t\u00f3l k\u00e9r ez \u00fcgyben ingatlant. De azt k\u00e9rdeztem, hogy tudunk-e m\u00e1r ilyen szervezetr\u0151l, aki megkeresett minket: szerintem nem tudunk. Tudunk-e a v\u00e1rosban, aki ilye csin\u00e1l: szerintem nem tudunk. \u00c9s ha Szolnokra j\u00f6n, akkor az k\u00fcl\u00f6n ide fog j\u00f6nni a k\u00f6zgy\u0171l\u00e9s el\u00e9.&#8221;  &#8211;   tette hozz\u00e1.<\/p>\n<p>Pil\u00e1k Imre (Szolidarit\u00e1s) is annak a v\u00e9lem\u00e9ny\u00e9nek adott hangot, hogy az illeg\u00e1lis bev\u00e1ndorl\u00f3k ne j\u00f6jjenek ide, semmi sz\u00fcks\u00e9g r\u00e1juk, m\u00e9gis a javaslat felt\u00e9telez\u00e9seken alapul.<\/p>\n<p>&#8211; -Egy olyan dologban pr\u00f3b\u00e1lunk d\u00f6nteni, amir\u0151l m\u00e9g sz\u00f3 sincsen, ami a nagyon t\u00e1voli hom\u00e1ly k\u00f6d\u00e9be v\u00e9sz, hogy majd lehet, hogy lesz ilyen. Sorosozunk, mindent csin\u00e1lunk, l\u00e9nyegtelen, hogy m\u00e1r mennyi p\u00e9nzt k\u00f6lt\u00f6tt\u00fcnk erre, a sorosoz\u00e1sra el.&#8221;  &#8211;   hangs\u00falyozta.<\/p>\n<p>A vit\u00e1hoz hozz\u00e1sz\u00f3l\u00f3 jobboldali k\u00e9pvisel\u0151k szerint a betelep\u00edt\u00e9st szervez\u0151 irod\u00e1kkal szembeni \u00f6sszefog\u00e1s az \u00f3vatoss\u00e1gr\u00f3l, a megel\u0151z\u0151 sz\u00e1nd\u00e9kr\u00f3l \u00e9s a szolnokiak biztons\u00e1g\u00e1r\u00f3l sz\u00f3l.<\/p>\n<p>&#8211; -Az embereknek els\u0151sorban biztons\u00e1gra van sz\u00fcks\u00e9g\u00fck. Ez a biztons\u00e1g, ha most ebben az el\u0151terjeszt\u00e9sben \u00f6lt testet, nekem kutya k\u00f6teless\u00e9gem \u00e9s nagyon-nagyon j\u00f3 sz\u00edvvel meg is teszem, hogy t\u00e1mogatni fogom.&#8221;  &#8211;   mondta Bagdi S\u00e1ndorn\u00e9, meg Falusi Vajk szerint:<\/p>\n<p>&#8211; -Ezek a civil szerveztek, civilnek nevezett szervezetek a k\u00fcl\u00f6nb\u00f6z\u0151 magyar telep\u00fcl\u00e9seken megjelennek \u00e9s fenn\u00e1ll az a vesz\u00e9ly, hogy azt a nyugalmat, amelyet megszokhattunk, azt a biztons\u00e1got, amelyet itt Magyarorsz\u00e1gon \u00e9s K\u00f6z\u00e9p-Eur\u00f3p\u00e1ban \u00e9lvez\u00fcnk, ezt \u0151k megzavarhatj\u00e1k. \u00c9n b\u00edzom benne, hogy ez nem fog megt\u00f6rt\u00e9nni.&#8221;<\/p>\n<p>A vit\u00e1ban sz\u00f3t k\u00e9rt a Szolnoki J\u00e1r\u00e1si Hivatal vezet\u0151je \u00e9s Fej\u00e9r Andor alpolg\u00e1rmester is.<\/p>\n<p>&#8211; -Minden, ami azt a c\u00e9lt szolg\u00e1lja, hogy Magyarorsz\u00e1gon \u00e9s Szolnokon este 10 \u00f3rakor ak\u00e1r szilveszter van, ak\u00e1r kar\u00e1csony, ak\u00e1r h\u00e9tk\u00f6znap, nyugodtan menjek egyed\u00fcl haza az utc\u00e1n.&#8221;  &#8211;   jelentette ki Dr. Boz\u00f3 Andrea.<\/p>\n<p>&#8211; -Szerencs\u00e9re nek\u00fcnk csak att\u00f3l kell f\u00e9ln\u00fcnk att\u00f3l kell tartanunk, vagy azt kell megel\u0151zn\u00fcnk, hogy hossz\u00fa t\u00e1von ne jussunk ugyanolyan helyzetbe, mint ahova Eur\u00f3pa sz\u00e1mos orsz\u00e1g\u00e1ban sz\u00e1mos nagyv\u00e1rosban jutottak az \u00e1ltal, hogy el\u0151sz\u00f6r tal\u00e1n ellen\u0151rz\u00f6tt m\u00f3don, azt gondolt\u00e1k, azt k\u00f6vet\u0151en ellen\u0151rizetlen\u00fcl beengedtek minden olyan embert, akir\u0151l azt gondolt\u00e1k, hogy tal\u00e1n oltalomra szorul.&#8221;  &#8211;   v\u00e9lekedett Fej\u00e9r Andor.<\/p>\n<p>Z\u00e1rszav\u00e1ban a polg\u00e1rmester kifejtette, hogy mindenki hallgasson a lelkiismeret\u00e9re, egy\u00fattal ne azt n\u00e9zz\u00e9k a baloldali k\u00e9pvisel\u0151k, hogy az illeg\u00e1lis migr\u00e1ci\u00f3t elutas\u00edt\u00f3 magatart\u00e1s \u00e1larca m\u00f6g\u00e9 rejt\u0151zve hogyan lehet m\u00e9gis kib\u00fajni a betelep\u00edt\u00e9st szervez\u0151 irod\u00e1kkal szembeni \u00f6sszefog\u00e1s, fell\u00e9p\u00e9s al\u00f3l.<\/p>\n<p>&#8211; -\u00c9n nagyon k\u00e9rek mindenkit, hogy val\u00f3ban vegye komolyan azt, hogy ha megv\u00e1lasztanak itt minket Szolnokon k\u00e9pvisel\u0151nek, megv\u00e1lasztanak itt minket polg\u00e1rmesternek, r\u00e1nk b\u00edzz\u00e1k ezt a v\u00e1rost, akkor ennek a v\u00e1rosnak a biztons\u00e1ga, a b\u00e9kess\u00e9ge, az nagyon sok m\u00e9rt\u00e9kben, komolyan rajtunk vehet\u0151 m\u00f3don rajtunk is f\u00fcgg, rajtunk is m\u00falik. Most pont err\u0151l besz\u00e9l\u00fcnk. Szeretn\u00e9nk azt a biztons\u00e1got, azt a j\u00f3 k\u00f6z\u00e9rzetet biztos\u00edtani, ami eddig is jellemz\u0151 volt Szolnokra.&#8221;  &#8211;   hangs\u00falyozta Szalay Ferenc.<\/p>\n<p>Az el\u0151terjeszt\u00e9st a Fidesz-KDNP \u00e9s a Jobbik k\u00e9pvisel\u0151i megszavazt\u00e1k, Rad\u00f3cz Zolt\u00e1n \u00e9s T\u00f3th Istv\u00e1nn\u00e9 elutas\u00edtotta azt, m\u00edg Pil\u00e1k Imre tart\u00f3zkodott. A v\u00e9g\u00fcl 15 igen, 2 nem \u00e9s 1 tart\u00f3zkod\u00f3 szavazattal elfogadott hat\u00e1rozati javaslat szerint felk\u00e9rik a korm\u00e1nyt, hogy -ha kell t\u00f6rv\u00e9nyekkel, jogszab\u00e1lyokkal l\u00e9pjen fel a Soros-terv \u00e9s a bev\u00e1ndorl\u00e1sszervez\u0151 Soros-szervezetek ellen, mert a t\u00f6meges betelep\u00edt\u00e9s komoly fenyeget\u00e9st jelent a magyar telep\u00fcl\u00e9sekre.&#8221;<br \/>\n<br \/>\n<div style=\"width: 640px;\" class=\"wp-video\"><!--[if lt IE 9]><script>document.createElement('video');<\/script><![endif]-->\n<video class=\"wp-video-shortcode\" id=\"video-8046-1\" width=\"640\" height=\"360\" preload=\"metadata\" controls=\"controls\"><source type=\"video\/mp4\" src=\"\/spots\/hir\/hir_180125_06.mp4?_=1\" \/><a href=\"\/spots\/hir\/hir_180125_06.mp4\">\/spots\/hir\/hir_180125_06.mp4<\/a><\/video><\/div><\/p>\n","protected":false},"excerpt":{"rendered":"<p>Az illeg\u00e1lis bev\u00e1ndorl\u00e1s \u00e9s a haz\u00e1nk \u00e1ltal befogadottak k\u00e9rd\u00e9se m\u00e1r napirend el\u0151tt is t\u00e9ma volt. Dr. Szotyori-L\u00e1z\u00e1r Zolt\u00e1n ugyanis arra volt k\u00edv\u00e1ncsi, hogy vannak-e oltalmazottak Szolnokon. V\u00e1lasz\u00e1ban Szalay Ferenc elmondta, hogy nincs arr\u00f3l tudom\u00e1sa, hogy k\u00f6z\u00fcl\u00fck b\u00e1rki is lenne a megyesz\u00e9khelyen. Jelenleg eg\u00e9sz Eur\u00f3p\u00e1t foglalkoztatja \u00e9s megosztja a bev\u00e1ndorl\u00e1s k\u00e9rd\u00e9sk\u00f6re, \u00edgy nem v\u00e9letlen, hogy a [&hellip;]<\/p>\n","protected":false},"author":2,"featured_media":0,"comment_status":"closed","ping_status":"closed","sticky":false,"template":"","format":"standard","meta":[],"categories":[9],"tags":[],"_links":{"self":[{"href":"http:\/\/archiv.szolnoktv.hu\/index.php?rest_route=\/wp\/v2\/posts\/8046"}],"collection":[{"href":"http:\/\/archiv.szolnoktv.hu\/index.php?rest_route=\/wp\/v2\/posts"}],"about":[{"href":"http:\/\/archiv.szolnoktv.hu\/index.php?rest_route=\/wp\/v2\/types\/post"}],"author":[{"embeddable":true,"href":"http:\/\/archiv.szolnoktv.hu\/index.php?rest_route=\/wp\/v2\/users\/2"}],"replies":[{"embeddable":true,"href":"http:\/\/archiv.szolnoktv.hu\/index.php?rest_route=%2Fwp%2Fv2%2Fcomments&post=8046"}],"version-history":[{"count":1,"href":"http:\/\/archiv.szolnoktv.hu\/index.php?rest_route=\/wp\/v2\/posts\/8046\/revisions"}],"predecessor-version":[{"id":8071,"href":"http:\/\/archiv.szolnoktv.hu\/index.php?rest_route=\/wp\/v2\/posts\/8046\/revisions\/8071"}],"wp:attachment":[{"href":"http:\/\/archiv.szolnoktv.hu\/index.php?rest_route=%2Fwp%2Fv2%2Fmedia&parent=8046"}],"wp:term":[{"taxonomy":"category","embeddable":true,"href":"http:\/\/archiv.szolnoktv.hu\/index.php?rest_route=%2Fwp%2Fv2%2Fcategories&post=8046"},{"taxonomy":"post_tag","embeddable":true,"href":"http:\/\/archiv.szolnoktv.hu\/index.php?rest_route=%2Fwp%2Fv2%2Ftags&post=8046"}],"curies":[{"name":"wp","href":"https:\/\/api.w.org\/{rel}","templated":true}]}}